{"id":128767,"date":"2022-07-04T09:20:06","date_gmt":"2022-07-04T13:20:06","guid":{"rendered":"https:\/\/sportseco.com\/?p=128767"},"modified":"2022-07-04T09:20:22","modified_gmt":"2022-07-04T13:20:22","slug":"el-caribe-es-la-zona-cero-de-la-emergencia-climatica-global-afirma-el-secretario-general","status":"publish","type":"post","link":"https:\/\/sportseco.com\/?p=128767","title":{"rendered":"El Caribe es la \u201czona cero\u201d de la emergencia clim\u00e1tica global, afirma el Secretario General"},"content":{"rendered":"\n<p>En el \u00faltimo d\u00eda de su visita a Surinam, Ant\u00f3nio Guterres empez\u00f3 sus actividades en una avioneta y termin\u00f3 en un podio. Un sobrevuelo de 90 minutos de Paramaribo a la Reserva Natural de Surinam Central le revel\u00f3 la asombrosa belleza de la Amazon\u00eda, pero tambi\u00e9n le mostr\u00f3 las amenazas que enfrenta la selva tropical debido a las actividades de extracci\u00f3n y el cambio clim\u00e1tico.<\/p>\n\n\n\n<p>La Reserva Natural de Surinam Central, declarada Patrimonio de la Humanidad por la&nbsp;<a href=\"https:\/\/www.unesco.org\/es\" target=\"_blank\" rel=\"noreferrer noopener\">UNESCO<\/a>, es una inmensa \u00e1rea verde protegida que cubre alrededor del 11% del territorio nacional y es reconocida por sus monta\u00f1as de meseta y su&nbsp;<strong>infinita biodiversidad, que no se cree haber descubierto por completo<\/strong>. Adem\u00e1s, en su mayor parte, esas monta\u00f1as siguen siendo inaccesibles e inafectadas por la actividad humana.<\/p>\n\n\n\n<p>Este domingo desde las alturas, el dosel del bosque lluvioso estaba coloreado con innumerables tonos de verde, con algunas copas de \u00e1rboles cubiertas de ondas de flores anaranjadas o incluso moradas. En el camino, el caudaloso r\u00edo Coppename, as\u00ed como las zonas altas de los r\u00edos Lucie, Saramacca y Surinam flu\u00edan junto a los \u00e1rboles en lo que parec\u00eda una pintura de paisaje.<\/p>\n\n\n\n<p>Sin embargo, antes de llegar al \u00e1rea protegida, el&nbsp;<a href=\"https:\/\/www.un.org\/sg\/es\" target=\"_blank\" rel=\"noreferrer noopener\">Secretario General<\/a>&nbsp;de las Naciones Unidas pudo constatar que&nbsp;<strong>los bosques de Surinam se encuentran seriamente amenazados por las actividades del sector minero<\/strong>&nbsp;y la producci\u00f3n maderera, ambas industrias impulsadas por incentivos para escalar la actividad econ\u00f3mica. Entre la inmensa cubierta verde, fue imposible ignorar los parches de deforestaci\u00f3n, la miner\u00eda de oro destructiva y las inundaciones.<img data-recalc-dims=\"1\" decoding=\"async\" src=\"https:\/\/i0.wp.com\/global.unitednations.entermediadb.net\/assets\/mediadb\/services\/module\/asset\/downloads\/preset\/Libraries\/Production%2BLibrary\/03-07-2022_SG-SurinameFlyover_UNESCORes_damage.jpg\/image1170x530cropped.jpg?w=640&#038;ssl=1\" alt=\"Vista a\u00e9rea de la Reserva Natural de Surinam Central\"  ><\/p>\n\n\n\n<p>Noticias ONU\/Laura Qui\u00f1ones<\/p>\n\n\n\n<p>Vista a\u00e9rea de la Reserva Natural de Surinam Central<\/p>\n\n\n\n<h2 class=\"wp-block-heading\">Un momento de peligro m\u00e1ximo<\/h2>\n\n\n\n<p>Aunque Surinam se encuentra en Sudam\u00e9rica, se considera una naci\u00f3n caribe\u00f1a debido a su historia, cultura y desaf\u00edos similares a los que enfrentan las peque\u00f1as naciones insulares.<\/p>\n\n\n\n<p>Tras sobrevolar la Reserva, Ant\u00f3nio Guterres lleg\u00f3 al Centro de Eventos Assuria en Paramaribo, para asistir a la apertura de la 43\u00aa Conferencia de la&nbsp;<a href=\"https:\/\/caricom.org\/\" target=\"_blank\" rel=\"noreferrer noopener\">Comunidad del Caribe<\/a>&nbsp;(CARICOM).<\/p>\n\n\n\n<p>El titular de la ONU fue recibido con cuatro actuaciones musicales y culturales distintas. La breve caminata mostr\u00f3 la diversidad \u00e9tnica \u00fanica de Surinam, producto de su larga historia, y la colonizaci\u00f3n holandesa.&nbsp;<strong>Descendientes de afro-surinameses, indios orientales, ind\u00edgenas, chinos y javaneses<\/strong>&nbsp;presentaron sus bailes tradicionales y m\u00fasica folcl\u00f3rica.<\/p>\n\n\n\n<p>En su turno al micr\u00f3fono, el&nbsp;<a href=\"https:\/\/www.un.org\/sg\/es\">Secretario General<\/a>&nbsp;destac\u00f3 el&nbsp;<strong>liderazgo en diversidad y acci\u00f3n clim\u00e1tica de la regi\u00f3n<\/strong>, al tiempo que describi\u00f3 una serie de acciones por tomar frente a la crisis planetaria, la actual pandemia de&nbsp;<a href=\"https:\/\/news.un.org\/es\/events\/cobertura-especial-de-noticias-onu-sobre-el-coronavirus\">COVID-19<\/a>&nbsp;y los desaf\u00edos financieros globales.<\/p>\n\n\n\n<p>\u201cRicos en diversidad, uniendo la tierra y el mar, y protegiendo los fr\u00e1giles ecosistemas costeros,&nbsp;<strong>los manglares son un s\u00edmbolo adecuado de las naciones del Caribe<\/strong>: enfrentan desaf\u00edos, aprovechan oportunidades, preservan sus dones naturales\u201d, dijo Guterres hoy a los Jefes de Estado y de Gobierno de la regi\u00f3n, inspirado luego de su visita a las maravillas costeras de sumidero de carbono en Paramaribo un d\u00eda antes.<\/p>\n\n\n\n<p>El l\u00edder de la ONU reconoci\u00f3 que los peque\u00f1os Estados insulares y costeros del Caribe son especialmente vulnerables a lo que llam\u00f3 \u201c<strong>el mayor desaf\u00edo que enfrenta nuestro mundo\u201d: la crisis clim\u00e1tica<\/strong>.<\/p>\n\n\n\n<p>\u201c<strong>El Caribe es la zona cero de la emergencia clim\u00e1tica global<\/strong>\u201d, asever\u00f3, lamentando que no sea \u00e9se el \u00fanico desaf\u00edo que enfrenta la regi\u00f3n.<\/p>\n\n\n\n<p>\u201cLa cumbre de CARICOM de este a\u00f1o llega en un momento de m\u00e1ximo peligro, tanto para las personas como para el planeta\u201d, agreg\u00f3, refiri\u00e9ndose al&nbsp;<strong>efecto devastador de la pandemia de COVID-19<\/strong>&nbsp;en los sistemas de salud y el turismo, as\u00ed como en el crecimiento econ\u00f3mico y la inversi\u00f3n extranjera, un rengl\u00f3n en el que el impacto se ha exacerbado con la guerra en&nbsp;<a href=\"https:\/\/news.un.org\/es\/tags\/ucrania\">Ucrania<\/a>.<\/p>\n\n\n\n<h2 class=\"wp-block-heading\">Soluciones audaces<\/h2>\n\n\n\n<p>El Secretario General sostuvo frente a los l\u00edderes de CARICOM que se necesitan soluciones audaces para abordar los problemas, entre los que destac\u00f3&nbsp;<strong>los tres m\u00e1s acuciantes.<\/strong><\/p>\n\n\n\n<h3 class=\"wp-block-heading\">1. Adaptar la acci\u00f3n clim\u00e1tica a la escala y urgencia de la crisis<\/h3>\n\n\n\n<p>Guterres pidi\u00f3 una&nbsp;<strong>reducci\u00f3n de emisiones urgente y transformadora<\/strong>&nbsp;con el fin de detener el aumento del calentamiento global en un m\u00e1ximo de 1,5\u00b0C para fin de siglo. Solicit\u00f3 apoyo para la adaptaci\u00f3n de los efectos clim\u00e1ticos y asistencia financiera para asegurar la resiliencia.<\/p>\n\n\n\n<p>\u201cAgradezco a los l\u00edderes del Caribe por ayudar a mostrar el camino. Me inspiran sus m\u00faltiples esfuerzos, incluyendo los de las comunidades ind\u00edgenas, para salvaguardar su incre\u00edble biodiversidad y sus recursos naturales\u201d, apunt\u00f3.<\/p>\n\n\n\n<p>A\u00f1adi\u00f3 que&nbsp;<strong>todos los pa\u00edses necesitan m\u00e1s ambici\u00f3n y acci\u00f3n clim\u00e1tica, pero especialmente los del G20<\/strong>, que representan el 80% de las emisiones globales.<\/p>\n\n\n\n<p><strong>\u201cLa guerra en Ucrania no puede conducir a decisiones miopes<\/strong>&nbsp;que cierren la puerta al incremento m\u00e1ximo de 1,5\u00b0C. Con los compromisos actualmente registrados, a\u00fan se prev\u00e9 que las emisiones crezcan un 14% para 2030. Esto es simplemente un suicidio, y debe revertirse\u201d, puntualiz\u00f3.<\/p>\n\n\n\n<p>Guterres enfatiz\u00f3 que&nbsp;<strong>los pa\u00edses m\u00e1s ricos deben liderar el camino en una \u201crevoluci\u00f3n de las energ\u00edas renovables<\/strong>\u201d justa y equitativa, y deben cumplir su promesa de entregar 100.000 millones de d\u00f3lares en financiamiento clim\u00e1tico para la adaptaci\u00f3n a partir de este a\u00f1o.<\/p>\n\n\n\n<p>\u201cEs hora de una discusi\u00f3n franca y un&nbsp;<strong>espacio para la toma de decisiones<\/strong>&nbsp;respecto a las p\u00e9rdidas y da\u00f1os que ya est\u00e1n experimentando sus pa\u00edses\u201d, recalc\u00f3.<img data-recalc-dims=\"1\" decoding=\"async\" src=\"https:\/\/i0.wp.com\/global.unitednations.entermediadb.net\/assets\/mediadb\/services\/module\/asset\/downloads\/preset\/Libraries\/Production%2BLibrary\/03-07-2022_SG-SurinameFlyoverParamaribo.jpg\/image1170x530cropped.jpg?w=640&#038;ssl=1\" alt=\"Paramaribo, la capital de Surinam, se localiza a la orilla del r\u00edo Surinam. \"  ><\/p>\n\n\n\n<p>Noticias ONU\/Laura Qui\u00f1ones<\/p>\n\n\n\n<p>Paramaribo, la capital de Surinam, se localiza a la orilla del r\u00edo Surinam.&nbsp;<\/p>\n\n\n\n<h3 class=\"wp-block-heading\">2. Reformar un sistema financiero mundial \u00aben bancarrota moral\u00bb y estimular una recuperaci\u00f3n sostenible<\/h3>\n\n\n\n<p>El Secretario General subray\u00f3 que las econom\u00edas en desarrollo necesitan&nbsp;<strong>acceso a financiamiento sin costo o a bajo costo<\/strong>, adem\u00e1s de alivio y reestructuraci\u00f3n de la deuda.<\/p>\n\n\n\n<p>\u201cCon respecto a la deuda, necesitamos un&nbsp;<strong>alivio inmediato para los pa\u00edses en desarrollo cuyos pagos est\u00e1n a punto de vencer<\/strong>\u201d, explic\u00f3.<\/p>\n\n\n\n<p>El Secretario General expres\u00f3 su apoyo total a la creaci\u00f3n de un Fondo de Resiliencia para el Caribe y a la reforma del sistema financiero internacional para ayudar a la regi\u00f3n a responder mejor y a reducir la vulnerabilidad masiva a los choques externos.<\/p>\n\n\n\n<p>\u201cClaramente, nuestras viejas m\u00e9tricas han fallado. Es hora de cambiarlas\u201d, apunt\u00f3 Guterres, proponiendo ir m\u00e1s all\u00e1 de la preocupaci\u00f3n del sistema financiero por el ingreso per c\u00e1pita y&nbsp;<strong>establecer un \u201c\u00edndice de vulnerabilidad multidimensional\u201d<\/strong>&nbsp;para determinar el acceso al apoyo financiero.<\/p>\n\n\n\n<p>\u201cPara sus pa\u00edses, esto significar\u00eda garantizar que los factores complejos e interdependientes de la deuda y el impacto del cambio clim\u00e1tico se abarcaran en cualquier an\u00e1lisis para recibir alivio y financiaci\u00f3n de la deuda\u201d, detall\u00f3 a los Jefes de Estado y de Gobierno del Caribe.<\/p>\n\n\n\n<h3 class=\"wp-block-heading\">3. Mantener la lucha contra la pandemia de COVID-19<\/h3>\n\n\n\n<p>Finalmente, el Secretario General exhort\u00f3 a los gobiernos, organizaciones y compa\u00f1\u00edas farmac\u00e9uticas a trabajar mejor juntos para&nbsp;<strong>producir localmente pruebas, vacunas y tratamientos contra el COVID-19<\/strong>.<\/p>\n\n\n\n<p>\u201cA\u00fan no estamos fuera de peligro&#8230; Y debemos seguir trabajando en estrecha colaboraci\u00f3n para detener la propagaci\u00f3n del virus en el Caribe por medio de medidas comprobadas de salud p\u00fablica. Tambi\u00e9n tenemos que&nbsp;<strong>prepararnos para futuras pandemias con inversiones audaces y capacitaci\u00f3n<\/strong>\u201d, acot\u00f3, advirtiendo que los pa\u00edses nunca m\u00e1s deben estar tan desprevenidos.<\/p>\n\n\n\n<p>Para concluir, Ant\u00f3nio Guterres reafirm\u00f3 el apoyo de las Naciones Unidas al Caribe para avanzar hacia estas soluciones.<\/p>\n\n\n\n<p><\/p>\n\n\n\n<p>un.org<\/p>\n","protected":false},"excerpt":{"rendered":"<p>En el \u00faltimo d\u00eda de su visita a Surinam, Ant\u00f3nio Guterres empez\u00f3 sus actividades en una avioneta y termin\u00f3 en un podio. Un sobrevuelo de 90 minutos de Paramaribo a la Reserva Natural de Surinam Central le revel\u00f3 la asombrosa belleza de la Amazon\u00eda, pero tambi\u00e9n le mostr\u00f3 las amenazas que enfrenta la selva tropical [&hellip;]<\/p>\n","protected":false},"author":1,"featured_media":128768,"comment_status":"closed","ping_status":"closed","sticky":false,"template":"","format":"standard","meta":{"_acf_changed":false,"_jetpack_memberships_contains_paid_content":false,"footnotes":"","jetpack_publicize_message":"","jetpack_publicize_feature_enabled":true,"jetpack_social_post_already_shared":true,"jetpack_social_options":{"image_generator_settings":{"template":"highway","default_image_id":0,"font":"","enabled":false},"version":2}},"categories":[6],"tags":[],"class_list":["post-128767","post","type-post","status-publish","format-standard","has-post-thumbnail","hentry","category-ecologia"],"acf":[],"jetpack_publicize_connections":[],"jetpack_featured_media_url":"https:\/\/i0.wp.com\/sportseco.com\/wp-content\/uploads\/2022\/07\/image1170x530cropped-1.jpg?fit=1170%2C530&ssl=1","jetpack_sharing_enabled":true,"_links":{"self":[{"href":"https:\/\/sportseco.com\/index.php?rest_route=\/wp\/v2\/posts\/128767","targetHints":{"allow":["GET"]}}],"collection":[{"href":"https:\/\/sportseco.com\/index.php?rest_route=\/wp\/v2\/posts"}],"about":[{"href":"https:\/\/sportseco.com\/index.php?rest_route=\/wp\/v2\/types\/post"}],"author":[{"embeddable":true,"href":"https:\/\/sportseco.com\/index.php?rest_route=\/wp\/v2\/users\/1"}],"replies":[{"embeddable":true,"href":"https:\/\/sportseco.com\/index.php?rest_route=%2Fwp%2Fv2%2Fcomments&post=128767"}],"version-history":[{"count":1,"href":"https:\/\/sportseco.com\/index.php?rest_route=\/wp\/v2\/posts\/128767\/revisions"}],"predecessor-version":[{"id":128769,"href":"https:\/\/sportseco.com\/index.php?rest_route=\/wp\/v2\/posts\/128767\/revisions\/128769"}],"wp:featuredmedia":[{"embeddable":true,"href":"https:\/\/sportseco.com\/index.php?rest_route=\/wp\/v2\/media\/128768"}],"wp:attachment":[{"href":"https:\/\/sportseco.com\/index.php?rest_route=%2Fwp%2Fv2%2Fmedia&parent=128767"}],"wp:term":[{"taxonomy":"category","embeddable":true,"href":"https:\/\/sportseco.com\/index.php?rest_route=%2Fwp%2Fv2%2Fcategories&post=128767"},{"taxonomy":"post_tag","embeddable":true,"href":"https:\/\/sportseco.com\/index.php?rest_route=%2Fwp%2Fv2%2Ftags&post=128767"}],"curies":[{"name":"wp","href":"https:\/\/api.w.org\/{rel}","templated":true}]}}