{"id":128815,"date":"2022-07-05T12:32:05","date_gmt":"2022-07-05T16:32:05","guid":{"rendered":"https:\/\/sportseco.com\/?p=128815"},"modified":"2022-07-05T12:32:21","modified_gmt":"2022-07-05T16:32:21","slug":"van-aert-tiene-alas-el-lider-amplia-diferencias","status":"publish","type":"post","link":"https:\/\/sportseco.com\/?p=128815","title":{"rendered":"VAN AERT TIENE ALAS, el lider ampl\u00eda diferencias"},"content":{"rendered":"\n<p>El belga&nbsp;<strong>Wout van Aert (Jumbo-Visma)<\/strong>&nbsp;rubric\u00f3 una de las victorias m\u00e1s bellas de su vida deportiva en Calais, meta de la cuarta etapa del Tour de Francia 2022. Indomable, Van Aert aprovech\u00f3 a la perfecci\u00f3n el excelente trabajo de sus compa\u00f1eros en la cota final para lanzarse en solitario a por el triunfo.<\/p>\n\n\n\n<p>Con 10 kil\u00f3metros por delante, mantuvo a raya al pelot\u00f3n gracias a las proverbiales alas que el maillot amarillo adosa a su portador; de hecho, las bati\u00f3 en su celebraci\u00f3n. El vuelo de Van Aert no fue percibido por Jasper Philipsen (Alpecin-Deceuninck), ganador del sprint del pelot\u00f3n, quien alz\u00f3 a su vez los brazos celebrando lo que en realidad fue un segundo puesto, el cuarto de su vida en la Grande Boucle. Tercero en meta fue Christophe Laporte, coequipier de un Van Aert que ampl\u00eda con este inolvidable triunfo su ventaja al frente de la clasificaci\u00f3n general del Tour de Francia.<\/p>\n\n\n\n<figure class=\"wp-block-image\"><a href=\"https:\/\/www.dailymotion.com\/embed\/video\/x8c9dns?autoplay=1\" target=\"_blank\" rel=\"noreferrer noopener\"><img decoding=\"async\" src=\"https:\/\/img.aso.fr\/core_app\/img-cycling-tdf-jpg\/flamme-rouge-last-km-etape-4-stage-4-tdf2022\/39964\/0:0,1920:1080-1200-0-70\/43a05\" alt=\"\"\/><\/a><figcaption>Ultimo KM &#8211; Etapa 4 &#8211; #TDF2022<\/figcaption><\/figure>\n\n\n\n<p>176 corredores tomaron la salida en la cuarta etapa del Tour de Francia 2022, que cubrir\u00eda 171,5 kil\u00f3metros entre Dunkerque y Calais, a las 13:30. No hubo discusi\u00f3n por la escapada. Anthony P\u00e9rez (Cofidis) atac\u00f3 con el banderazo de salida; Magnus Cort (EF Education-EasyPost) salt\u00f3 a su rueda; y nada m\u00e1s. El d\u00fao obtuvo r\u00e1pidamente el consentimiento del pelot\u00f3n para escaparse en pareja. Su ventaja creci\u00f3 m\u00e1s all\u00e1 de los 6\u201900\u201d hasta que Quick-Step Alpha Vinyl tom\u00f3 las riendas del grupo principal en la aproximaci\u00f3n a la C\u00f4te de Cassel (4\u00aa, km 30,7). Cort pas\u00f3 el primero por su cima y sus perseguidores belgas aceleraron cuesta abajo, provocando nervios, tensi\u00f3n y cortes en el pelot\u00f3n. Corredores de la entidad de Mathieu van der Poel (Alpecin-Fenix) \u00f3 Steven Kruijswijk (Jumbo-Visma) se vieron descolgados. Sin embargo, la sangre no lleg\u00f3 al r\u00edo y el \u2018statu quo\u2019 se restableci\u00f3 poco despu\u00e9s.<\/p>\n\n\n\n<p><strong>M\u00e1s puntos para Cort<\/strong><\/p>\n\n\n\n<p>Cort franque\u00f3 en cabeza la C\u00f4te de Remilly-Wirquin (4\u00aa, km 71,8), batiendo as\u00ed un r\u00e9cord hist\u00f3rico de Federico Mart\u00edn Bahamontes, que en 1958 pas\u00f3 el primero por las siete primeras subidas puntuables&nbsp;para la clasificaci\u00f3n de la Monta\u00f1a. La ventaja m\u00e1xima de los fugados se registr\u00f3 en 7\u201915\u201d, en el kil\u00f3metro 80. De ah\u00ed en adelante, bajar\u00eda paulatinamente ante el impulso de Alpecin-Deceuninck, Lotto-Soudal y Trek-Segafredo en el grupo principal: 3\u201935\u201d en la C\u00f4te de Nielles-l\u00e8s-Bl\u00e9quin (4\u00aa, km 97,2), 2\u201925\u201d en la C\u00f4te de Harlettes (4\u00aa, km 102,7), 1\u201915\u201d en la C\u00f4te du Ventus (4\u00aa, km 123,6). Cort pasar\u00eda primero por todas ellas para afianzar su maillot de puntos rojos y dejar su registro en nada menos que&nbsp;once puertos iniciales consecutivos en cabeza. En cuanto al sprint intermedio de Lumbres (SI, km 63,2), fue P\u00e9rez el primero mientras Fabio Jakobsen (Quick-Step Alpha Vinyl) encabezaba al pelot\u00f3n.<\/p>\n\n\n\n<p><strong>Excelente escaramuza de Jumbo-Visma<\/strong><\/p>\n\n\n\n<p>A 45 kil\u00f3metros de meta, P\u00e9rez aceler\u00f3 y dej\u00f3 atr\u00e1s a Cort, cazado poco despu\u00e9s por el pelot\u00f3n. El franc\u00e9s aguantar\u00eda en cabeza hasta el mismo pie de la C\u00f4te du Cap Blanc-Nez (4\u00aa, km 160,7), donde fue engullido por un pelot\u00f3n en vena. Y es que Jumbo-Visma e Ineos Grenadiers hab\u00edan realizado una aproximaci\u00f3n fren\u00e9tica, culminada por el equipo neerland\u00e9s con una escalada demencial lanzada por Nathan van Hooydonck, continuada por Tiesj Benoot y rematada por un Wout van Aert a quien s\u00f3lo pudieron aguantar la rueda su coequipier Jonas Vingegaard y el brit\u00e1nico Adam Yates (Ineos Grenadiers)\u2026 para acabar cediendo a pocos metros de la pancarta del premio de la Monta\u00f1a. As\u00ed, Van Aert se qued\u00f3 solo en cabeza. No le import\u00f3: construy\u00f3 una ventaja de medio minuto y la administr\u00f3 para llegar a meta con ocho segundos sobre un pelot\u00f3n donde Lotto-Soudal y Quick-Step Alpha Vinyl fueron los m\u00e1s empe\u00f1ados en anular su movimiento. No pudieron. Van Aert era hoy indomable, inasequible e inolvidable.<\/p>\n\n\n\n<figure class=\"wp-block-image\"><a href=\"https:\/\/img.aso.fr\/core_app\/img-cycling-tdf-jpg\/header-arrivee\/39960\/0:0,2000:890-1200-0-70\/ef0ad\"><img decoding=\"async\" src=\"https:\/\/img.aso.fr\/core_app\/img-cycling-tdf-jpg\/header-arrivee\/39960\/0:0,2000:890-1200-0-70\/ef0ad\" alt=\"05\/07\/2022 - Tour de France 2022 - Etape 4 - Dunkerque \/ Calais (171,5km) - VAN AERT Wout (JUMBO - VISMA) - Vainqueur de l'\u00e9tape\"\/><\/a><figcaption>05\/07\/2022 &#8211; Tour de France 2022 &#8211; Etape 4 &#8211; Dunkerque \/ Calais (171,5km) &#8211; VAN AERT Wout (JUMBO &#8211; VISMA) &#8211; Vainqueur de l&#8217;\u00e9tape \u00a9 A.S.O.\/Pauline Ballet<\/figcaption><\/figure>\n\n\n\n<p>letour.fr<\/p>\n","protected":false},"excerpt":{"rendered":"<p>El belga&nbsp;Wout van Aert (Jumbo-Visma)&nbsp;rubric\u00f3 una de las victorias m\u00e1s bellas de su vida deportiva en Calais, meta de la cuarta etapa del Tour de Francia 2022. Indomable, Van Aert aprovech\u00f3 a la perfecci\u00f3n el excelente trabajo de sus compa\u00f1eros en la cota final para lanzarse en solitario a por el triunfo. Con 10 kil\u00f3metros [&hellip;]<\/p>\n","protected":false},"author":1,"featured_media":128816,"comment_status":"closed","ping_status":"closed","sticky":false,"template":"","format":"standard","meta":{"_acf_changed":false,"_jetpack_memberships_contains_paid_content":false,"footnotes":"","jetpack_publicize_message":"","jetpack_publicize_feature_enabled":true,"jetpack_social_post_already_shared":true,"jetpack_social_options":{"image_generator_settings":{"template":"highway","default_image_id":0,"font":"","enabled":false},"version":2}},"categories":[14],"tags":[],"class_list":["post-128815","post","type-post","status-publish","format-standard","has-post-thumbnail","hentry","category-ciclismo"],"acf":[],"jetpack_publicize_connections":[],"jetpack_featured_media_url":"https:\/\/i0.wp.com\/sportseco.com\/wp-content\/uploads\/2022\/07\/ef0ad.jpg?fit=1200%2C534&ssl=1","jetpack_sharing_enabled":true,"_links":{"self":[{"href":"https:\/\/sportseco.com\/index.php?rest_route=\/wp\/v2\/posts\/128815","targetHints":{"allow":["GET"]}}],"collection":[{"href":"https:\/\/sportseco.com\/index.php?rest_route=\/wp\/v2\/posts"}],"about":[{"href":"https:\/\/sportseco.com\/index.php?rest_route=\/wp\/v2\/types\/post"}],"author":[{"embeddable":true,"href":"https:\/\/sportseco.com\/index.php?rest_route=\/wp\/v2\/users\/1"}],"replies":[{"embeddable":true,"href":"https:\/\/sportseco.com\/index.php?rest_route=%2Fwp%2Fv2%2Fcomments&post=128815"}],"version-history":[{"count":1,"href":"https:\/\/sportseco.com\/index.php?rest_route=\/wp\/v2\/posts\/128815\/revisions"}],"predecessor-version":[{"id":128817,"href":"https:\/\/sportseco.com\/index.php?rest_route=\/wp\/v2\/posts\/128815\/revisions\/128817"}],"wp:featuredmedia":[{"embeddable":true,"href":"https:\/\/sportseco.com\/index.php?rest_route=\/wp\/v2\/media\/128816"}],"wp:attachment":[{"href":"https:\/\/sportseco.com\/index.php?rest_route=%2Fwp%2Fv2%2Fmedia&parent=128815"}],"wp:term":[{"taxonomy":"category","embeddable":true,"href":"https:\/\/sportseco.com\/index.php?rest_route=%2Fwp%2Fv2%2Fcategories&post=128815"},{"taxonomy":"post_tag","embeddable":true,"href":"https:\/\/sportseco.com\/index.php?rest_route=%2Fwp%2Fv2%2Ftags&post=128815"}],"curies":[{"name":"wp","href":"https:\/\/api.w.org\/{rel}","templated":true}]}}