{"id":128870,"date":"2022-07-06T14:52:27","date_gmt":"2022-07-06T18:52:27","guid":{"rendered":"https:\/\/sportseco.com\/?p=128870"},"modified":"2022-07-06T14:52:39","modified_gmt":"2022-07-06T18:52:39","slug":"el-pave-revoluciona-el-tour-de-francia","status":"publish","type":"post","link":"https:\/\/sportseco.com\/?p=128870","title":{"rendered":"EL PAV\u00c9 REVOLUCIONA EL TOUR DE FRANCIA"},"content":{"rendered":"\n<p>TOUR DE FRANCE 2022&nbsp;|&nbsp;ETAPA 5&nbsp;|&nbsp;LILLE M\u00c9TROPOLE &gt; ARENBERG PORTE DU HAINAUT&nbsp;<\/p>\n\n\n\n<p>El australiano&nbsp;<strong>Simon Clarke<\/strong>&nbsp;firm\u00f3 la primera victoria de etapa de siempre del equipo&nbsp;<strong>Israel-Premier Tech<\/strong>&nbsp;en el Tour de Francia al imponerse en el quinto parcial de la edici\u00f3n 2022, fren\u00e9tica jornada de pav\u00e9 entre Lille M\u00e9tropole y Arenberg Porte du Hainaut. Clarke bati\u00f3 en l\u00ednea de meta a sus compa\u00f1eros de escapada Taco van der Hoorn (Intermarch\u00e9 &#8211; Wanty Gobert), Edvald Boasson Hagen (TotalEnergies) y Neilson Powless (EF Education-EasyPost).<\/p>\n\n\n\n<p>La pelea por la general estuvo marcada por el infortunio de Jumbo-Visma, que vio a sus l\u00edderes Jonas Vingegaard y Primoz Roglic perder comba por un pinchazo y una ca\u00edda respectivamente para acabar limitando p\u00e9rdidas con cierto \u00e9xito en el tercio final.<\/p>\n\n\n\n<p>Tambi\u00e9n se fue al suelo el maillot amarillo Wout van Aert (Jumbo-Visma), quien se consagr\u00f3 al trabajo colectivo en favor de sus jefes de filas y firm\u00f3 una gran exhibici\u00f3n que le permiti\u00f3 conservar el liderato de la general. El vigente campe\u00f3n Tadej Pogacar (UAE Team Emirates) exhibi\u00f3 una gran soltura sobre el pav\u00e9 y ensay\u00f3 un movimiento que le sirvi\u00f3 para sacar una peque\u00f1a ventaja respecto a sus rivales.<\/p>\n\n\n\n<figure class=\"wp-block-image\"><a href=\"https:\/\/www.dailymotion.com\/embed\/video\/x8cabvi?autoplay=1\" target=\"_blank\" rel=\"noreferrer noopener\"><img decoding=\"async\" src=\"https:\/\/img.aso.fr\/core_app\/img-cycling-tdf-jpg\/palette-graphique-3d-analysis-etape-5-stage-5-tdf2022\/40160\/0:0,1920:1080-1200-0-70\/76514\" alt=\"\"\/><\/a><figcaption>An\u00e1lisis 3D &#8211; Etapa 5 #TDF2022<\/figcaption><\/figure>\n\n\n\n<p>176 corredores tomaron la salida en la quinta etapa del Tour de Francia 2022, que cubrir\u00eda 157 kil\u00f3metros entre Lille M\u00e9tropole y Arenberg Porte du Hainaut, a las 13:59. Fue en el kil\u00f3metro 2 que Magnus Cort (EF Education-EasyPost), Edvald Boasson Hagen (TotalEnergies) y Taco van der Hoorn (Intermarch\u00e9 &#8211; Wanty Gobert) abrieron hueco respecto al pelot\u00f3n. Poco despu\u00e9s, Simon Clarke (Israel-Premier Tech), Neilson Powless (EF Education-EasyPost) y Alexis Gougeard (B&amp;B Hotels-KTM) saltaron a su vez del grupo principal. Los dos tr\u00edos se fusionaron en el kil\u00f3metro 21,5 de etapa para formar un sexto en cabeza de carrera. Van der Hoorn pas\u00f3 en primer lugar por el sprint intermedio de M\u00e9rignies (SI, km 37,2), donde acumulaban 2\u201940\u201d de renta. No obstante, la ventaja m\u00e1xima fue registrada en 4\u201915\u201d cuando se hab\u00edan recorrido 75 kil\u00f3metros.<\/p>\n\n\n\n<p><strong>Calvario de Van Aert<\/strong><\/p>\n\n\n\n<p>Fue en el kil\u00f3metro 57 que el maillot amarillo Wout van Aert (Jumbo-Visma) sufri\u00f3 una ca\u00edda que marcar\u00eda la carrera. El belga tard\u00f3 unos diez minutos en regresar al seno del pelot\u00f3n, pero nunca volvi\u00f3 a ver su punta. Los primeros sectores transcurrieron sin novedades trascendentes, m\u00e1s all\u00e1 de los problemas mec\u00e1nicos que descolgaron a Ben O\u2019Connor (Ag2r-Citr\u00f6en), que no logr\u00f3 regresar al seno del grupo principal pese al gran respaldo de su equipo y acabar\u00eda cediendo algo m\u00e1s de tres minutos respecto a sus rivales para la general en meta. Fue a la salida del sector 7, Auberchicourt \u00e0 \u00c9merchicourt (km 114,1 \u2013 1,3 km) ***, que Nils Politt (Bora-Hansgrohe) aceler\u00f3 en cabeza del pelot\u00f3n para afianzar unos cortes provocados durante los adoquines. La principal v\u00edctima de la escaramuza fue Van Aert en primera persona, junto a Enric Mas (Movistar Team) y Daniel Mart\u00ednez (Ineos Grenadiers).<\/p>\n\n\n\n<p><strong>Infortunio de Vingegaard y Roglic<\/strong><\/p>\n\n\n\n<p>Inmediatamente despu\u00e9s, la mala suerte se ceb\u00f3 con Jumbo-Visma. Su l\u00edder dan\u00e9s Jonas Vingegaard pinch\u00f3 antes de entrar en el sector 5, Erre \u00e0 Waindignies (km 126,7 \u2013 2,8 km) ****; su l\u00edder esloveno, Primoz Roglic, se fue al suelo justo a la salida del sector al topar con una bala de paja contra la que hab\u00eda chocado instantes antes Caleb Ewan (Lotto-Soudal), desplaz\u00e1ndola hasta ponerla en la trayectoria de Roglic. En el grupo principal, reducido a apenas 25 corredores, Tadej Pogacar (UAE Team Emirates) transmit\u00eda excelentes sensaciones y se beneficiaba del trabajo de Bora-Hansgrohe.<\/p>\n\n\n\n<p><strong>Ofensiva de Pogacar<\/strong><\/p>\n\n\n\n<p>A 25 kil\u00f3metros de meta, con cuatro sectores de pav\u00e9 por delante, el grupo de Pogacar (con Alexander Vlasov, de Bora-Hansgrohe, y Nairo Quintana, de Ark\u00e9a-Samsic, entre otros) rodaba a 1\u201905\u201d de cabeza de carrera, con 45\u201d sobre el grupo de Van Aert y Vingegaard (reforzado por Geraint Thomas, de Ineos Grenadiers) y 1\u201935\u201d sobre el grupo de Roglic. Tras varios escarceos, el ganador de los dos \u00faltimos Tours de Francia aceler\u00f3 junto a Jasper Stuyven (Trek-Segafredo) en pleno sector 3, Tilloy-les-Marchiennes \u00e0 Sars-et-Rosi\u00e8res (km 136,9 \u2013 2,4 km) ****, a unos 19,5 kil\u00f3metros de meta.<\/p>\n\n\n\n<p><strong>Diferencias limitadas<\/strong><\/p>\n\n\n\n<p>Sin gas, el grupo principal acab\u00f3 siendo atrapado por el grupo del maillot amarillo a 7 kil\u00f3metros de meta, a la entrada del \u00faltimo sector del d\u00eda, Hasnon \u00e0 Wallers (km 150,3 \u2013 1,6 km) ***: el c\u00e9lebre Pont Gibus, recorrido en sentido inverso al que se encara en Par\u00eds-Roubaix. El d\u00fao de Pogacar y Stuyven lleg\u00f3 a gozar de 1\u201905\u201d sobre el grupo de Van Aert, pero se desinfl\u00f3 y acab\u00f3 cruzando la meta con s\u00f3lo 13\u201d de ventaja respecto al mismo. Roglic, por su parte, cedi\u00f3 2\u201908\u201d respecto a su compatriota. En la lucha por la etapa, Gougeard y Cort se despidieron de la disputa antes de tiempo. Bajo el arco del \u00faltimo kil\u00f3metro, Powless lanz\u00f3 un ataque que le hubiera podido valer para tomar el maillot amarillo. Sin embargo, Boasson Hagen anul\u00f3 su ofensiva y todo qued\u00f3 para un sprint ag\u00f3nico entre Clarke y Van der Hoorn que el australiano se anot\u00f3 en el \u00faltimo golpe de ri\u00f1\u00f3n.<\/p>\n\n\n\n<p><\/p>\n\n\n\n<p>letour.fr<a href=\"https:\/\/img.aso.fr\/core_app\/img-cycling-tdf-jpg\/header-arrivee\/40153\/0:0,2000:890-1200-0-70\/9b3f3\"><\/a><\/p>\n","protected":false},"excerpt":{"rendered":"<p>TOUR DE FRANCE 2022&nbsp;|&nbsp;ETAPA 5&nbsp;|&nbsp;LILLE M\u00c9TROPOLE &gt; ARENBERG PORTE DU HAINAUT&nbsp; El australiano&nbsp;Simon Clarke&nbsp;firm\u00f3 la primera victoria de etapa de siempre del equipo&nbsp;Israel-Premier Tech&nbsp;en el Tour de Francia al imponerse en el quinto parcial de la edici\u00f3n 2022, fren\u00e9tica jornada de pav\u00e9 entre Lille M\u00e9tropole y Arenberg Porte du Hainaut. Clarke bati\u00f3 en l\u00ednea de [&hellip;]<\/p>\n","protected":false},"author":1,"featured_media":128871,"comment_status":"closed","ping_status":"closed","sticky":false,"template":"","format":"standard","meta":{"_acf_changed":false,"_jetpack_memberships_contains_paid_content":false,"footnotes":"","jetpack_publicize_message":"","jetpack_publicize_feature_enabled":true,"jetpack_social_post_already_shared":true,"jetpack_social_options":{"image_generator_settings":{"template":"highway","default_image_id":0,"font":"","enabled":false},"version":2}},"categories":[14],"tags":[],"class_list":["post-128870","post","type-post","status-publish","format-standard","has-post-thumbnail","hentry","category-ciclismo"],"acf":[],"jetpack_publicize_connections":[],"jetpack_featured_media_url":"https:\/\/i0.wp.com\/sportseco.com\/wp-content\/uploads\/2022\/07\/9b3f3.jpg?fit=1200%2C534&ssl=1","jetpack_sharing_enabled":true,"_links":{"self":[{"href":"https:\/\/sportseco.com\/index.php?rest_route=\/wp\/v2\/posts\/128870","targetHints":{"allow":["GET"]}}],"collection":[{"href":"https:\/\/sportseco.com\/index.php?rest_route=\/wp\/v2\/posts"}],"about":[{"href":"https:\/\/sportseco.com\/index.php?rest_route=\/wp\/v2\/types\/post"}],"author":[{"embeddable":true,"href":"https:\/\/sportseco.com\/index.php?rest_route=\/wp\/v2\/users\/1"}],"replies":[{"embeddable":true,"href":"https:\/\/sportseco.com\/index.php?rest_route=%2Fwp%2Fv2%2Fcomments&post=128870"}],"version-history":[{"count":1,"href":"https:\/\/sportseco.com\/index.php?rest_route=\/wp\/v2\/posts\/128870\/revisions"}],"predecessor-version":[{"id":128872,"href":"https:\/\/sportseco.com\/index.php?rest_route=\/wp\/v2\/posts\/128870\/revisions\/128872"}],"wp:featuredmedia":[{"embeddable":true,"href":"https:\/\/sportseco.com\/index.php?rest_route=\/wp\/v2\/media\/128871"}],"wp:attachment":[{"href":"https:\/\/sportseco.com\/index.php?rest_route=%2Fwp%2Fv2%2Fmedia&parent=128870"}],"wp:term":[{"taxonomy":"category","embeddable":true,"href":"https:\/\/sportseco.com\/index.php?rest_route=%2Fwp%2Fv2%2Fcategories&post=128870"},{"taxonomy":"post_tag","embeddable":true,"href":"https:\/\/sportseco.com\/index.php?rest_route=%2Fwp%2Fv2%2Ftags&post=128870"}],"curies":[{"name":"wp","href":"https:\/\/api.w.org\/{rel}","templated":true}]}}