{"id":128885,"date":"2022-07-06T20:42:32","date_gmt":"2022-07-07T00:42:32","guid":{"rendered":"https:\/\/sportseco.com\/?p=128885"},"modified":"2022-07-06T20:42:44","modified_gmt":"2022-07-07T00:42:44","slug":"la-tercera-parada-de-la-copa-de-naciones-uci-de-pista-llego-a-cali","status":"publish","type":"post","link":"https:\/\/sportseco.com\/?p=128885","title":{"rendered":"La tercera parada de la Copa de Naciones UCI de pista lleg\u00f3 a Cali"},"content":{"rendered":"\n<p>\u00a1Lleg\u00f3 la hora! El vel\u00f3dromo Alcides Nieto Pati\u00f1o de Cali ser\u00e1 el escenario en el que desde este jueves 7 y hasta el pr\u00f3ximo domingo 10 de julio, se realice la tercera y \u00faltima parada de la Copa de Naciones de Pista UCI 2022, que reunir\u00e1 a 39 pa\u00edses y cuatro equipos de marca, con los mejores exponentes de esta disciplina a nivel mundial.<\/p>\n\n\n\n<p>La Selecci\u00f3n Colombia de Pista, dirigida por John Jaime Gonz\u00e1lez, Jaime Zuluaga y Andr\u00e9s Torres har\u00e1 presencia en el evento con 22 deportistas, siete damas y 15 varones, que intentar\u00e1n revalidar el t\u00edtulo conseguido el a\u00f1o pasado, tambi\u00e9n en Cali.<\/p>\n\n\n\n<p>El evento contar\u00e1 con grandes figuras ol\u00edmpicas y mundiales que estar\u00e1n compitiendo en la capital vallecaucana. Las mayores estrellas ser\u00e1n los neerlandeses Jeffrey Hoogland, campe\u00f3n ol\u00edmpico y campe\u00f3n mundial de la velocidad equipos y campe\u00f3n del kil\u00f3metro, y Harrie Lavreysen, campe\u00f3n ol\u00edmpico de la velocidad equipos y velocidad individual, adem\u00e1s de contar en su palmar\u00e9s con nueve t\u00edtulos mundiales en velocidad equipos, velocidad individual y keirin, entre 2018 y 2021. As\u00ed mismo, Pa\u00edses Bajos contar\u00e1 con la presencia de la campeona ol\u00edmpica del keirin en Tokio 2020, Shane Braspennick<\/p>\n\n\n\n<p>Italia parte como favorita para ganar esta edici\u00f3n de la Copa de Naciones, en la que tendr\u00e1n como grandes estrellas a Letizia Paternoster (campeona mundial de la eliminaci\u00f3n), Jonathan Mil\u00e1n, Francesco Lamon, Liam Bertazzo y Davide Plebani.<\/p>\n\n\n\n<p>Con el equipo franc\u00e9s estar\u00e1 Mathilde Gros, medallista de bronce en el Campeonato Mundial de Ciclismo de Pista en 2019 y ganadora de cinco medallas en el Campeonato Europeo entre los a\u00f1os 2017 y 2021.<\/p>\n\n\n\n<p>El equipo nacional de Estados Unidos estar\u00e1 encabezado por Jennifer Valente, campeona ol\u00edmpica del \u00f3mnium y bronce en la persecuci\u00f3n por equipos en Tokio 2020, as\u00ed como plata en la persecuci\u00f3n por equipos de R\u00edo 2016, modalidad en la que ostenta cuatro t\u00edtulos mundiales. Junto a Valente estar\u00e1n Colleen Gulick, John Croom y Mandy Marquardt, entre otros.<\/p>\n\n\n\n<p>Tambi\u00e9n se destaca la presencia de las canadienses Maggie Coles-Lyster, Ngaire Barraclough y Mathias Guillemete; los neozelandeses Sam Webster, Ellese Andrews y Michaela Drummond, y las mexicanas Jessica Salazar, Luz Daniela Gaxiola y Victoria Velasco.<\/p>\n\n\n\n<p>Los pa\u00edses inscritos para la Copa de Naciones Cali 2022 son: Alemania, Argentina, Argelia, Armenia, Barbados, Bolivia, Brasil, Canad\u00e1, Chile, China, Colombia, Costa Rica, Egipto, Eslovaquia, Eslovenia, Espa\u00f1a, Estados Unidos, Francia, Grecia, Guatemala, Hong Kong, Irlanda, Italia, Jamaica, Jap\u00f3n, Kazajist\u00e1n, Letonia, Lituania, M\u00e9xico, Nueva Zelanda, Pa\u00edses Bajos, Per\u00fa, Ruman\u00eda, Surinam, Tailandia, China Taip\u00e9i, Trinidad y Tobago y Venezuela.<\/p>\n\n\n\n<p>As\u00ed mismo estar\u00e1n los equipos profesionales: Women Track Team, Beat Cycling, Star Track Cycling y Chaney Windows And Doors.<\/p>\n\n\n\n<p><strong>As\u00ed va el medallero general<\/strong><\/p>\n\n\n\n<p>Pa\u00edses lidera el medallero tras las dos primeras paradas con cinco oros, ocho platas y tres bronces (16), seguido por Italia, con 5-5-4 (14), y por Francia, con 5-5-1 (11). Alemania se ubica en la cuarta posici\u00f3n, con 5-4-4 (13), mientras que Australia cierra el Top 5, con 5-3-4 (12).<\/p>\n\n\n\n<p>Colombia se ubica sexta en el medallero general, con tres oros, dos platas y tres bronces (8).<\/p>\n\n\n\n<p>Cabe recordar que, Colombia sum\u00f3 cinco medallas en Glasgow: dos oros, con Cristian Ortega, quien gan\u00f3 el kil\u00f3metro, y Martha Bayona, ganadora de los 500 metros; dos platas con Bayona y Kevin Quintero en el keirin, y un bronce, tambi\u00e9n con Martha en la velocidad individual.<\/p>\n\n\n\n<p>En Milton, la delegaci\u00f3n colombiana, gan\u00f3 un oro, de la mano de Kevin Santiago Quintero en el keirin y dos bronces, con Santiago Ram\u00edrez (kil\u00f3metro) y Martha Bayona (velocidad individual).<\/p>\n\n\n\n<p><strong>Comienzan las competencias<\/strong><\/p>\n\n\n\n<p>El programa de competencias de la tercera parada de la Copa de Naciones tendr\u00e1 18 finales en nueve de las once disciplinas mundialistas, a excepci\u00f3n de la prueba por puntos y el scratch, que tampoco se disputaron ni en Glasgow ni en Milton.<\/p>\n\n\n\n<p>El jueves 7 de julio se cumplir\u00e1 la primera jornada, entre las 10:00 am y las 3:39 pm, y las 5:25 y las 9:00 de la noche, en la que se disputar\u00e1 la persecuci\u00f3n por equipos y la velocidad por equipos, en ambas ramas.<\/p>\n\n\n\n<p>El viernes el turno ser\u00e1 para las pruebas de kil\u00f3metro y eliminaci\u00f3n, en varones, y de eliminaci\u00f3n, velocidad y persecuci\u00f3n individual en las damas, en jornada que se llevar\u00e1 a cabo a partir de las 10:00 am, hasta las 2:28pm, y de 6:00 de la tarde a 8:30 de la noche.<\/p>\n\n\n\n<p>En la jornada del s\u00e1bado se llevar\u00e1n a cabo las pruebas de persecuci\u00f3n individual, madison y keirin, en los hombres, y de los 500 metros y el \u00f3mnium en las mujeres, entre las 10:00 am y la 1:41 pm, y de 6:00 a 9:44 pm.<\/p>\n\n\n\n<p>Finalmente, la jornada del domingo tendr\u00e1 acci\u00f3n desde las 9:00 de la ma\u00f1ana y hasta la 1:50, con las clasificaciones en el madison y el keirin femenino, y el \u00f3mnium y la velocidad masculina. Las finales se disputar\u00e1n de 3:00 a 6:24 de la tarde.<\/p>\n\n\n\n<p><\/p>\n\n\n\n<p><\/p>\n\n\n\n<p>federacioncolombianadeciclismo.com<\/p>\n\n\n\n<p>Este ser\u00e1 el programa de competencias de la tercera parada de la Copa de Naciones Cali 2022:<\/p>\n\n\n\n<p><canvas width=\"760\" height=\"1074\"><\/canvas><\/p>\n","protected":false},"excerpt":{"rendered":"<p>\u00a1Lleg\u00f3 la hora! El vel\u00f3dromo Alcides Nieto Pati\u00f1o de Cali ser\u00e1 el escenario en el que desde este jueves 7 y hasta el pr\u00f3ximo domingo 10 de julio, se realice la tercera y \u00faltima parada de la Copa de Naciones de Pista UCI 2022, que reunir\u00e1 a 39 pa\u00edses y cuatro equipos de marca, con [&hellip;]<\/p>\n","protected":false},"author":1,"featured_media":128886,"comment_status":"closed","ping_status":"closed","sticky":false,"template":"","format":"standard","meta":{"_acf_changed":false,"_jetpack_memberships_contains_paid_content":false,"footnotes":"","jetpack_publicize_message":"","jetpack_publicize_feature_enabled":true,"jetpack_social_post_already_shared":true,"jetpack_social_options":{"image_generator_settings":{"template":"highway","default_image_id":0,"font":"","enabled":false},"version":2}},"categories":[14],"tags":[],"class_list":["post-128885","post","type-post","status-publish","format-standard","has-post-thumbnail","hentry","category-ciclismo"],"acf":[],"jetpack_publicize_connections":[],"jetpack_featured_media_url":"https:\/\/i0.wp.com\/sportseco.com\/wp-content\/uploads\/2022\/07\/1500x500.jpg?fit=1500%2C500&ssl=1","jetpack_sharing_enabled":true,"_links":{"self":[{"href":"https:\/\/sportseco.com\/index.php?rest_route=\/wp\/v2\/posts\/128885","targetHints":{"allow":["GET"]}}],"collection":[{"href":"https:\/\/sportseco.com\/index.php?rest_route=\/wp\/v2\/posts"}],"about":[{"href":"https:\/\/sportseco.com\/index.php?rest_route=\/wp\/v2\/types\/post"}],"author":[{"embeddable":true,"href":"https:\/\/sportseco.com\/index.php?rest_route=\/wp\/v2\/users\/1"}],"replies":[{"embeddable":true,"href":"https:\/\/sportseco.com\/index.php?rest_route=%2Fwp%2Fv2%2Fcomments&post=128885"}],"version-history":[{"count":1,"href":"https:\/\/sportseco.com\/index.php?rest_route=\/wp\/v2\/posts\/128885\/revisions"}],"predecessor-version":[{"id":128887,"href":"https:\/\/sportseco.com\/index.php?rest_route=\/wp\/v2\/posts\/128885\/revisions\/128887"}],"wp:featuredmedia":[{"embeddable":true,"href":"https:\/\/sportseco.com\/index.php?rest_route=\/wp\/v2\/media\/128886"}],"wp:attachment":[{"href":"https:\/\/sportseco.com\/index.php?rest_route=%2Fwp%2Fv2%2Fmedia&parent=128885"}],"wp:term":[{"taxonomy":"category","embeddable":true,"href":"https:\/\/sportseco.com\/index.php?rest_route=%2Fwp%2Fv2%2Fcategories&post=128885"},{"taxonomy":"post_tag","embeddable":true,"href":"https:\/\/sportseco.com\/index.php?rest_route=%2Fwp%2Fv2%2Ftags&post=128885"}],"curies":[{"name":"wp","href":"https:\/\/api.w.org\/{rel}","templated":true}]}}