{"id":129511,"date":"2022-07-19T09:54:41","date_gmt":"2022-07-19T13:54:41","guid":{"rendered":"https:\/\/sportseco.com\/?p=129511"},"modified":"2022-07-19T09:54:51","modified_gmt":"2022-07-19T13:54:51","slug":"disenos-del-parque-ambiental-corazon-de-pance-avanzan-en-un-75","status":"publish","type":"post","link":"https:\/\/sportseco.com\/?p=129511","title":{"rendered":"Dise\u00f1os del Parque Ambiental Coraz\u00f3n de Pance avanzan en un 75%"},"content":{"rendered":"\n<ul class=\"wp-block-list\"><li><a href=\"https:\/\/www.cali.gov.co\/gobierno\/publicaciones\/170228\/disenos-del-parque-ambiental-corazon-de-pance-avanzan-en-un-75\/#\"><\/a><\/li><li><a href=\"https:\/\/www.cali.gov.co\/gobierno\/publicaciones\/170228\/disenos-del-parque-ambiental-corazon-de-pance-avanzan-en-un-75\/#\"><\/a><\/li><\/ul>\n\n\n\n<figure class=\"wp-block-image\"><img data-recalc-dims=\"1\" decoding=\"async\" src=\"https:\/\/i0.wp.com\/www.cali.gov.co\/gobierno\/publicaciones\/170228\/disenos-del-parque-ambiental-corazon-de-pance-avanzan-en-un-75\/info\/principal\/media\/pubInt\/thumbs\/thpub_700X400_170228.jpg?w=640&#038;ssl=1\" alt=\"Dise\u00f1os del Parque Ambiental Coraz\u00f3n de Pance avanzan en un 75%\"\/><\/figure>\n\n\n\n<p>Los estudios y dise\u00f1os que abrir\u00e1n paso a la construcci\u00f3n del Parque Ambiental Coraz\u00f3n de Pance se encuentran en su fase final, con una ejecuci\u00f3n del 75%;&nbsp;se espera que&nbsp;concluyan antes de finalizar agosto,&nbsp;de tal modo que&nbsp;las primeras obras se&nbsp;empiecen a&nbsp;ejecutar al finalizar&nbsp;el a\u00f1o.<\/p>\n\n\n\n<p>\u201cTenemos una infraestructura que va quedar completamente armonizada con las din\u00e1micas naturales del parque, que respeta los flujos de agua, la movilidad de la biodiversidad, pero que tambi\u00e9n nos brinda&nbsp;un espacio para que sea visitado por miles y miles de personas, que puedan disfrutar de la naturaleza, sin generar ning\u00fan impacto negativo\u201d,&nbsp;indic\u00f3&nbsp;Daniel&nbsp;Asc\u00fantar,&nbsp;asesor del Departamento Administrativo de Gesti\u00f3n del Medio Ambiente,&nbsp;Dagma.<\/p>\n\n\n\n<p>El Consorcio Eco es el encargado de adelantar los dise\u00f1os, que&nbsp;entregar\u00e1n&nbsp;los insumos finales para proceder a licitar las obras y adecuaciones&nbsp;del parque.<\/p>\n\n\n\n<p>Lea tambi\u00e9n&nbsp;<a href=\"http:\/\/https\/\/www.cali.gov.co\/dagma\/publicaciones\/163135\/avanza-el-parque-ambiental-corazon-de-pance\/\">Avanza el Parque Ambiental Coraz\u00f3n de Pance<\/a><\/p>\n\n\n\n<p>\u201cCada ocho d\u00edas tenemos reuni\u00f3n con el equipo estructurador del Dagma, haciendo mesas de trabajo, con el prop\u00f3sito de&nbsp;adelantar&nbsp;todo el desarrollo arquitect\u00f3nico, paisaj\u00edstico, urban\u00edstico y todo el tema de capacidad de carga y el estudio del avance econ\u00f3mico que tiene la sostenibilidad de un dise\u00f1o de esta naturaleza para que el municipio sepa c\u00f3mo es que va entrar a funcionar esta estructura ecol\u00f3gica\u201d,&nbsp;explic\u00f3 Germ\u00e1n Bazzani, arquitecto urbanista del Consorcio Eco.<\/p>\n\n\n\n<p>Durante la fase actual del proyecto movilizador tambi\u00e9n se adelanta el dise\u00f1o del proceso de gobernanza, apropiaci\u00f3n, uso y construcci\u00f3n de relatos&nbsp;del parque, donde la participaci\u00f3n comunitaria juega un papel importante.<\/p>\n\n\n\n<p>Lea tambi\u00e9n&nbsp;<a href=\"https:\/\/www.cali.gov.co\/dagma\/publicaciones\/166601\/proteccion-a-los-polinizadores-en-el-parque-ambiental-corazon-de-pance\/\">Protecci\u00f3n a los polinizadores en el Parque ambiental Coraz\u00f3n de Pance<\/a><\/p>\n\n\n\n<p>\u201cEso se expresa en el tipo de experiencias que vamos a vivir los y las cale\u00f1as en el lugar, en las apuestas que nos propone el parque\u2026&nbsp;va tener unos lugares muy interesantes,&nbsp;por ejemplo,&nbsp;una zona que es la \u2018Loma de la veguita\u2019, que es una loma que va estar destinada a las mingas ciudadanas, a eso que fertiliza la sociedad cuando nos unimos para trabajar alrededor de algo conjunto\u201d,&nbsp;se\u00f1al\u00f3 Igino Mercuri, integrante del equipo de trabajo.<\/p>\n\n\n\n<p>El Parque Ambiental Coraz\u00f3n de Pance tendr\u00e1 una inversi\u00f3n total de $150.000 millones, de los cuales $80.000 millones son aportados por la Alcald\u00eda de Cali y $70.000 millones por la Corporaci\u00f3n Aut\u00f3noma Regional del Valle del Cauca, CVC. Su infraestructura contar\u00e1 con senderos, torres de avistamiento, \u00e1reas de aprendizaje para promover actividades de cultura ambiental y protecci\u00f3n del agua, as\u00ed como una zona de mercado verde para la incorporaci\u00f3n de negocios de este tipo.<\/p>\n\n\n\n<ul class=\"wp-block-list\"><li><a href=\"https:\/\/www.cali.gov.co\/gobierno\/publicaciones\/170228\/disenos-del-parque-ambiental-corazon-de-pance-avanzan-en-un-75\/#\"><\/a><a href=\"https:\/\/www.cali.gov.co\/gobierno\/publicaciones\/170228\/disenos-del-parque-ambiental-corazon-de-pance-avanzan-en-un-75\/#\"><\/a><\/li><li><a href=\"https:\/\/www.cali.gov.co\/gobierno\/publicaciones\/170228\/disenos-del-parque-ambiental-corazon-de-pance-avanzan-en-un-75\/#\"><\/a><a href=\"https:\/\/www.cali.gov.co\/gobierno\/publicaciones\/170228\/disenos-del-parque-ambiental-corazon-de-pance-avanzan-en-un-75\/#\"><\/a><\/li><li><a href=\"https:\/\/www.cali.gov.co\/gobierno\/publicaciones\/170228\/disenos-del-parque-ambiental-corazon-de-pance-avanzan-en-un-75\/#\"><\/a><a href=\"https:\/\/www.cali.gov.co\/gobierno\/publicaciones\/170228\/disenos-del-parque-ambiental-corazon-de-pance-avanzan-en-un-75\/#\"><\/a><\/li><li><a href=\"https:\/\/www.cali.gov.co\/gobierno\/publicaciones\/170228\/disenos-del-parque-ambiental-corazon-de-pance-avanzan-en-un-75\/#\"><\/a><a href=\"https:\/\/www.cali.gov.co\/gobierno\/publicaciones\/170228\/disenos-del-parque-ambiental-corazon-de-pance-avanzan-en-un-75\/#\"><\/a><\/li><li><a href=\"https:\/\/www.cali.gov.co\/gobierno\/publicaciones\/170228\/disenos-del-parque-ambiental-corazon-de-pance-avanzan-en-un-75\/#\"><\/a><a href=\"https:\/\/www.cali.gov.co\/gobierno\/publicaciones\/170228\/disenos-del-parque-ambiental-corazon-de-pance-avanzan-en-un-75\/#\"><\/a><\/li><li><a href=\"https:\/\/www.cali.gov.co\/gobierno\/publicaciones\/170228\/disenos-del-parque-ambiental-corazon-de-pance-avanzan-en-un-75\/#\"><\/a><a href=\"https:\/\/www.cali.gov.co\/gobierno\/publicaciones\/170228\/disenos-del-parque-ambiental-corazon-de-pance-avanzan-en-un-75\/#\"><\/a><\/li><li><a href=\"https:\/\/www.cali.gov.co\/gobierno\/publicaciones\/170228\/disenos-del-parque-ambiental-corazon-de-pance-avanzan-en-un-75\/#\"><\/a><a href=\"https:\/\/www.cali.gov.co\/gobierno\/publicaciones\/170228\/disenos-del-parque-ambiental-corazon-de-pance-avanzan-en-un-75\/#\"><\/a><\/li><li><a href=\"https:\/\/www.cali.gov.co\/gobierno\/publicaciones\/170228\/disenos-del-parque-ambiental-corazon-de-pance-avanzan-en-un-75\/#\"><\/a><a href=\"https:\/\/www.cali.gov.co\/gobierno\/publicaciones\/170228\/disenos-del-parque-ambiental-corazon-de-pance-avanzan-en-un-75\/#\"><\/a><\/li><\/ul>\n\n\n\n<p>Ingrid Valderruten Pe\u00f1a<\/p>\n\n\n\n<p><\/p>\n\n\n\n<p>cali.gov.co<\/p>\n","protected":false},"excerpt":{"rendered":"<p>Los estudios y dise\u00f1os que abrir\u00e1n paso a la construcci\u00f3n del Parque Ambiental Coraz\u00f3n de Pance se encuentran en su fase final, con una ejecuci\u00f3n del 75%;&nbsp;se espera que&nbsp;concluyan antes de finalizar agosto,&nbsp;de tal modo que&nbsp;las primeras obras se&nbsp;empiecen a&nbsp;ejecutar al finalizar&nbsp;el a\u00f1o. \u201cTenemos una infraestructura que va quedar completamente armonizada con las din\u00e1micas naturales [&hellip;]<\/p>\n","protected":false},"author":1,"featured_media":129512,"comment_status":"closed","ping_status":"closed","sticky":false,"template":"","format":"standard","meta":{"_acf_changed":false,"_jetpack_memberships_contains_paid_content":false,"footnotes":"","jetpack_publicize_message":"","jetpack_publicize_feature_enabled":true,"jetpack_social_post_already_shared":true,"jetpack_social_options":{"image_generator_settings":{"template":"highway","default_image_id":0,"font":"","enabled":false},"version":2}},"categories":[1],"tags":[],"class_list":["post-129511","post","type-post","status-publish","format-standard","has-post-thumbnail","hentry","category-uncategorized"],"acf":[],"jetpack_publicize_connections":[],"jetpack_featured_media_url":"https:\/\/i0.wp.com\/sportseco.com\/wp-content\/uploads\/2022\/07\/thgaleria_700X400_245099.jpg?fit=700%2C317&ssl=1","jetpack_sharing_enabled":true,"_links":{"self":[{"href":"https:\/\/sportseco.com\/index.php?rest_route=\/wp\/v2\/posts\/129511","targetHints":{"allow":["GET"]}}],"collection":[{"href":"https:\/\/sportseco.com\/index.php?rest_route=\/wp\/v2\/posts"}],"about":[{"href":"https:\/\/sportseco.com\/index.php?rest_route=\/wp\/v2\/types\/post"}],"author":[{"embeddable":true,"href":"https:\/\/sportseco.com\/index.php?rest_route=\/wp\/v2\/users\/1"}],"replies":[{"embeddable":true,"href":"https:\/\/sportseco.com\/index.php?rest_route=%2Fwp%2Fv2%2Fcomments&post=129511"}],"version-history":[{"count":1,"href":"https:\/\/sportseco.com\/index.php?rest_route=\/wp\/v2\/posts\/129511\/revisions"}],"predecessor-version":[{"id":129513,"href":"https:\/\/sportseco.com\/index.php?rest_route=\/wp\/v2\/posts\/129511\/revisions\/129513"}],"wp:featuredmedia":[{"embeddable":true,"href":"https:\/\/sportseco.com\/index.php?rest_route=\/wp\/v2\/media\/129512"}],"wp:attachment":[{"href":"https:\/\/sportseco.com\/index.php?rest_route=%2Fwp%2Fv2%2Fmedia&parent=129511"}],"wp:term":[{"taxonomy":"category","embeddable":true,"href":"https:\/\/sportseco.com\/index.php?rest_route=%2Fwp%2Fv2%2Fcategories&post=129511"},{"taxonomy":"post_tag","embeddable":true,"href":"https:\/\/sportseco.com\/index.php?rest_route=%2Fwp%2Fv2%2Ftags&post=129511"}],"curies":[{"name":"wp","href":"https:\/\/api.w.org\/{rel}","templated":true}]}}