{"id":129648,"date":"2022-07-24T08:37:50","date_gmt":"2022-07-24T12:37:50","guid":{"rendered":"https:\/\/sportseco.com\/?p=129648"},"modified":"2022-07-24T08:37:56","modified_gmt":"2022-07-24T12:37:56","slug":"ortiz-y-oliva-con-su-momento-esperado-en-cooperstown","status":"publish","type":"post","link":"https:\/\/sportseco.com\/?p=129648","title":{"rendered":"Ortiz y Oliva con su momento esperado en Cooperstown"},"content":{"rendered":"\n<p>COOPERSTOWN, Nueva York \u2013 Durante este fin de semana de la ceremonia de la exaltaci\u00f3n al Sal\u00f3n de la Fama-programada para el domingo por la tarde en el Clark Sports Center de este peque\u00f1o pueblo del estado de Nueva York\u2014**<a href=\"https:\/\/beta-gcp.mlb.com\/es\/news\/ortiz-y-oliva-con-su-momento-esperado-en-cooperstown\">David Ortiz<\/a>** se encuentra rodeado de\u00a0<strong><a href=\"https:\/\/www.mlb.com\/es\/news\/salon-el-arrastre-de-big-papi-promete-grandes-multitudes\">familiares, amigos, fan\u00e1ticos<\/a><\/strong>\u00a0y muchos excompa\u00f1eros de equipo de los Medias Rojas de Boston.<\/p>\n\n\n\n<ul class=\"wp-block-list\"><li><strong><a href=\"https:\/\/www.mlb.com\/es\/news\/topic\/salon-de-la-fama-titulares\">Secci\u00f3n del Sal\u00f3n de la Fama 2022<\/a><\/strong><\/li><\/ul>\n\n\n\n<p>Claro, en el caso de su compatriota dominicano Pedro Mart\u00ednez, el exlanzador estelar se encuentra aqu\u00ed por su condici\u00f3n de tambi\u00e9n miembro del Sal\u00f3n de la Fama. Pero otros como Johnny Damon, Jason Varitek y el boricua-cubano Mike Lowell han venido con un solo objetivo: Ver entrar al Sal\u00f3n a \u201cBig Papi\u201d, con quien se coronaron campeones de la Serie Mundial como integrantes de los Medias Rojas en la d\u00e9cada de los 2000.<\/p>\n\n\n\n<p>\u201cSiempre trat\u00e9 de dar la cara por mis compa\u00f1eros\u201d, dijo Ortiz, elegido en su primera oportunidad en la boleta de los miembros de la Asociaci\u00f3n de Escritores de B\u00e9isbol de Norteam\u00e9rica (BBWAA) con el 77.9% de los votos. \u201cPor eso vas a ver a tantos aqu\u00ed. Esto es una fraternidad. Lo mismo que aqu\u00ed, con todos estos miembros del Sal\u00f3n de la Fama. Eso, lo que ocurre aqu\u00ed, lo construimos en el terreno en nuestras carreras\u201d.<\/p>\n\n\n\n<p>Ortiz ha sido el&nbsp;<strong><a href=\"https:\/\/beta-gcp.mlb.com\/es\/news\/fans-latinos-a-cooperstown-para-ver-a-big-papi-y-oliva\">centro de atenci\u00f3n<\/a><\/strong>&nbsp;en Cooperstown en los \u00faltimos d\u00edas, con fan\u00e1ticos llegados desde la Rep\u00fablica Dominicana, el estado de Massachussets y muchos lugares m\u00e1s. El extoletero dominicano tambi\u00e9n ha promocionado una gran fiesta, el \u201cCooperstown Latin Fest\u201d para celebrar despu\u00e9s de la ceremonia de su entrada al museo de los inmortales del b\u00e9isbol.<\/p>\n\n\n\n<p>Como cuarto dominicano con placa en Cooperstown, Ortiz ya comparti\u00f3 el viernes con su \u201ccompadre\u201d&nbsp;<strong><a href=\"https:\/\/www.mlb.com\/es\/news\/vladimir-sr-contento-por-david-ortiz\">Vladimir Guerrero Sr.<\/a><\/strong>&nbsp;(exaltado en el 2018) y su \u201chermano mayor\u201d Mart\u00ednez (2015). Y por supuesto, le guarda una reverencia aparte al primer quisqueyano en el Sal\u00f3n, el exserpentinero Juan Marichal (1983).<\/p>\n\n\n\n<p>\u201cDon Juan fue b\u00e1sicamente quien nos abri\u00f3 las puertas a Pedro, Vladi y ahora a m\u00ed\u201d, dijo Ortiz, autor de 541 jonrones en una carrera de 20 temporadas en Grandes Ligas. \u201cEs un gran honor tenerlo presente. Yo le digo \u2018El Doctor\u2019, porque es un ser humano tan grande. Todos lo queremos y agradecemos el trabajo que \u00e9l ha hecho a trav\u00e9s de los a\u00f1os, sobre todo empezando su carrera como dominicano\u201d.<\/p>\n\n\n\n<ul class=\"wp-block-list\"><li><strong><a href=\"https:\/\/www.mlb.com\/es\/news\/big-papi-era-capaz-de-dominar-la-crema-de-los-ases\">Big Papi era capaz de dominar la crema de los ases<\/a><\/strong><\/li><\/ul>\n\n\n\n<p>Con mucha familia presente, Ortiz afirma que el domingo, se tomar\u00e1 un tiempo para recordar a su madre, Angela Rosa Arias, quien falleci\u00f3 en un accidente de tr\u00e1nsito en el A\u00f1o Nuevo del 2002.<\/p>\n\n\n\n<p>\u201cTodo el mundo quisiera en oportunidades as\u00ed, tener a su familia. Yo, gracias a Dios, voy a tener la m\u00eda ah\u00ed\u201d, expres\u00f3 Ortiz. \u201cSiempre pensando en mi mam\u00e1. Fui una persona muy cercana a ella. Y nada, pedirle a Dios\u201d.<\/p>\n\n\n\n<p><video width=\"null\" height=\"null\" preload=\"true\" poster=\"https:\/\/img.mlbstatic.com\/mlb-images\/image\/private\/ar_16:9,g_auto,q_auto:good,w_1024,c_fill,f_jpg\/mlb\/hukgbeqagz7h0ksulspa\" src=\"blob:https:\/\/www.mlb.com\/5790ae4f-4c1c-4e31-bace-ce10389e4b58\"><\/video><\/p>\n\n\n\n<p><\/p>\n\n\n\n<p>Jul 23, 2022<\/p>\n\n\n\n<p>&nbsp;\u00b7&nbsp;<\/p>\n\n\n\n<p>2:04<\/p>\n\n\n\n<h1 class=\"wp-block-heading\">Oliva, por fin<\/h1>\n\n\n\n<p><strong>LAZOS CON TONY OLIVA Y LOS MELLIZOS<\/strong><\/p>\n\n\n\n<p>Adem\u00e1s de Ortiz, ser\u00e1n exaltados el domingo el cubano&nbsp;<strong><a href=\"https:\/\/www.mlb.com\/es\/player\/tony-oliva-119980\">Tony Oliva<\/a><\/strong>&nbsp;y&nbsp;<strong><a href=\"https:\/\/www.mlb.com\/es\/news\/quien-se-enfrento-tanto-a-ted-williams-como-julio-franco\">Jim Kaat<\/a><\/strong>. Y de manera p\u00f3stuma, el tambi\u00e9n cubano&nbsp;<strong><a href=\"https:\/\/www.mlb.com\/es\/news\/esposa-de-minnie-minoso-aporta-a-experiencia-en-el-salon\">Orestes \u201cMinnie\u201d Mi\u00f1oso<\/a><\/strong>, Buck O\u2019Neil, Gil Hodges y Bud Fowler.<\/p>\n\n\n\n<p>Oliva, leyenda de los Mellizos como jugador, coach, embajador y m\u00e1s, trat\u00f3 bastante con Ortiz cuando \u00e9ste&nbsp;<strong><a href=\"https:\/\/www.mlb.com\/es\/news\/el-eterno-lamento-de-minnesota-dejar-ir-a-big-papi\">subi\u00f3 a las Grandes Ligas con Minnesota<\/a><\/strong>&nbsp;en 1997, hasta la salida del dominicano del equipo tras la campa\u00f1a del 2002.<\/p>\n\n\n\n<p>\u201cTony siempre estuvo ah\u00ed con nosotros, compartiendo, dici\u00e9ndonos lo que ten\u00edamos que hacer\u201d, record\u00f3 Ortiz, quien cen\u00f3 esta semana con Oliva, Kaat (exlanzador estelar de Minnesota) y directivos de los Mellizos. \u201c\u00c9l siempre quer\u00eda lo mejor para nosotros. Es incre\u00edble. Estoy sorprendido de estar entrando al Sal\u00f3n de la Fama el mismo d\u00eda que Tony y Jim Kaat. Es un honor\u201d.<\/p>\n\n\n\n<p>De su parte, Oliva&nbsp;<strong><a href=\"https:\/\/www.mlb.com\/es\/news\/oliva-emocionado-de-que-sus-hermanos-lo-vean-exaltado\">tendr\u00e1 por fin su momento<\/a><\/strong>&nbsp;en el podio el domingo, tras una espera de casi 46 a\u00f1os desde su retiro despu\u00e9s de la temporada de 1976. Un bateador de .304 de por vida con tres t\u00edtulos de bateo y el premio a Novato del A\u00f1o de la Liga Americana en 1964,&nbsp;<strong><a href=\"https:\/\/www.mlb.com\/es\/news\/tony-oliva-de-camada-cubana-en-mellizos-al-salon\">entre muchos otros logros<\/a><\/strong>, Oliva fue elegido en este ciclo por el Comit\u00e9 de los D\u00edas Dorados.<\/p>\n\n\n\n<p>\u201cLa gente me ha llamado \u2018Tony O\u2019 o \u2018Number 6\u2019 u otra cosa. Ahora me dicen \u2018Hall of Fame\u2019, dijo Oliva el s\u00e1bado con una gran sonrisa. \u201cCuando yo jugaba, daba el 100%. Pero nunca esper\u00e9 venir a los Estados Unidos para jugar b\u00e9isbol.<\/p>\n\n\n\n<p>\u201cUno no piensa en la importancia de estar en el Sal\u00f3n de la Fama. Y luego, me construyeron una estatua fuera del estadio en Minnesota. Nunca so\u00f1\u00e9 con eso. Cada vez que paso por ah\u00ed, me r\u00edo y me digo, \u2018Hicieron un buen trabajo, hermoso\u2019\u201d.<\/p>\n\n\n\n<p>Ahora no s\u00f3lo es en Minnesota. Oliva ya tendr\u00e1 su placa por siempre en Cooperstown.<\/p>\n\n\n\n<p>\u201c\u00bfQui\u00e9n iba a creer que el muchacho de la finca en Cuba iba a tener una estatura frente al estadio? Y ahora, estar en el Sal\u00f3n de la Fama, \u00bfqu\u00e9 decir?\u201d, expres\u00f3 el oriundo de Pinar del R\u00edo. \u201cVoy a estar al lado de muchos grandes peloteros, pero m\u00e1s importante para m\u00ed, hay muchos fan\u00e1ticos. Me dicen, \u2018hemos esperado esto por mucho tiempo\u2019. Eso es lo m\u00e1s importante para m\u00ed\u201d.<\/p>\n\n\n\n<p><\/p>\n\n\n\n<p>mlb.com<\/p>\n","protected":false},"excerpt":{"rendered":"<p>COOPERSTOWN, Nueva York \u2013 Durante este fin de semana de la ceremonia de la exaltaci\u00f3n al Sal\u00f3n de la Fama-programada para el domingo por la tarde en el Clark Sports Center de este peque\u00f1o pueblo del estado de Nueva York\u2014**David Ortiz** se encuentra rodeado de\u00a0familiares, amigos, fan\u00e1ticos\u00a0y muchos excompa\u00f1eros de equipo de los Medias Rojas [&hellip;]<\/p>\n","protected":false},"author":1,"featured_media":129649,"comment_status":"closed","ping_status":"closed","sticky":false,"template":"","format":"standard","meta":{"_acf_changed":false,"_jetpack_memberships_contains_paid_content":false,"footnotes":"","jetpack_publicize_message":"","jetpack_publicize_feature_enabled":true,"jetpack_social_post_already_shared":true,"jetpack_social_options":{"image_generator_settings":{"template":"highway","default_image_id":0,"font":"","enabled":false},"version":2}},"categories":[22],"tags":[],"class_list":["post-129648","post","type-post","status-publish","format-standard","has-post-thumbnail","hentry","category-baseball"],"acf":[],"jetpack_publicize_connections":[],"jetpack_featured_media_url":"https:\/\/i0.wp.com\/sportseco.com\/wp-content\/uploads\/2022\/07\/zdsr9hgy8iiulr9zsatu.jpg?fit=1536%2C864&ssl=1","jetpack_sharing_enabled":true,"_links":{"self":[{"href":"https:\/\/sportseco.com\/index.php?rest_route=\/wp\/v2\/posts\/129648","targetHints":{"allow":["GET"]}}],"collection":[{"href":"https:\/\/sportseco.com\/index.php?rest_route=\/wp\/v2\/posts"}],"about":[{"href":"https:\/\/sportseco.com\/index.php?rest_route=\/wp\/v2\/types\/post"}],"author":[{"embeddable":true,"href":"https:\/\/sportseco.com\/index.php?rest_route=\/wp\/v2\/users\/1"}],"replies":[{"embeddable":true,"href":"https:\/\/sportseco.com\/index.php?rest_route=%2Fwp%2Fv2%2Fcomments&post=129648"}],"version-history":[{"count":1,"href":"https:\/\/sportseco.com\/index.php?rest_route=\/wp\/v2\/posts\/129648\/revisions"}],"predecessor-version":[{"id":129650,"href":"https:\/\/sportseco.com\/index.php?rest_route=\/wp\/v2\/posts\/129648\/revisions\/129650"}],"wp:featuredmedia":[{"embeddable":true,"href":"https:\/\/sportseco.com\/index.php?rest_route=\/wp\/v2\/media\/129649"}],"wp:attachment":[{"href":"https:\/\/sportseco.com\/index.php?rest_route=%2Fwp%2Fv2%2Fmedia&parent=129648"}],"wp:term":[{"taxonomy":"category","embeddable":true,"href":"https:\/\/sportseco.com\/index.php?rest_route=%2Fwp%2Fv2%2Fcategories&post=129648"},{"taxonomy":"post_tag","embeddable":true,"href":"https:\/\/sportseco.com\/index.php?rest_route=%2Fwp%2Fv2%2Ftags&post=129648"}],"curies":[{"name":"wp","href":"https:\/\/api.w.org\/{rel}","templated":true}]}}