{"id":129672,"date":"2022-07-24T18:22:58","date_gmt":"2022-07-24T22:22:58","guid":{"rendered":"https:\/\/sportseco.com\/?p=129672"},"modified":"2022-07-24T18:23:05","modified_gmt":"2022-07-24T22:23:05","slug":"la-omm-espera-que-la-ola-de-calor-remita-en-europa-occidental-la-proxima-semana","status":"publish","type":"post","link":"https:\/\/sportseco.com\/?p=129672","title":{"rendered":"La OMM espera que la ola de calor remita en Europa occidental la pr\u00f3xima semana"},"content":{"rendered":"\n<p><strong>Las altas presiones que esta semana han producido temperaturas r\u00e9cord en pa\u00edses como Reino Unido y Francia est\u00e1n debilit\u00e1ndose y desplaz\u00e1ndose hacia el este, por lo que se espera un descenso en los term\u00f3metros durante la pr\u00f3xima semana, destac\u00f3 hoy la Organizaci\u00f3n Meteorol\u00f3gica Mundial (OMM).<\/strong><\/p>\n\n\n\n<p>Con todo, \u00abse espera que las temperaturas contin\u00faen por encima de los 30 grados en Francia, Espa\u00f1a, Italia, el sur de Alemania, Grecia y el norte de los Balcanes\u00bb, indic\u00f3 en rueda de prensa en Ginebra la portavoz de la&nbsp;<a href=\"https:\/\/twitter.com\/WMO?ref_src=twsrc%5Egoogle%7Ctwcamp%5Eserp%7Ctwgr%5Eauthorhttps:\/\/twitter.com\/WMO?ref_src=twsrc%5Egoogle%7Ctwcamp%5Eserp%7Ctwgr%5Eauthor\" target=\"_blank\" rel=\"noreferrer noopener\">OMM<\/a>&nbsp;Brigitte Perrin.<\/p>\n\n\n\n<p>La fuente oficial manifest\u00f3 la preocupaci\u00f3n de la OMM por hechos como que, por ejemplo, en Reino Unido se haya alcanzado esta semana una temperatura r\u00e9cord de 40,3 grados, y cit\u00f3 como especialmente inquietante que esa marca sea 1,3 grados mayor que la anterior, medida en Cambridge en 2019.<\/p>\n\n\n\n<p>\u00abLos r\u00e9cords de temperatura son raros y cuando se llegan lo que se espera es que sean s\u00f3lo unas d\u00e9cimas mayores que los anteriores\u00bb, indic\u00f3 Perrin.<\/p>\n\n\n\n<p>La portavoz subray\u00f3 que Italia toda espera fuertes temperaturas este fin de semana, que podr\u00edan alcanzar los 48 grados en algunas zonas, y destac\u00f3 que los incendios ligados a la ola de calor han destruido miles de hect\u00e1reas de bosque en pa\u00edses como Francia o Espa\u00f1a.<\/p>\n\n\n\n<p>Tambi\u00e9n record\u00f3 que los departamentos sanitarios de Espa\u00f1a y Portugal han reportado alrededor de mil muertes ligadas a la ola de calor, mientras que en Francia los incendios han supuesto adem\u00e1s un notable empeoramiento de la calidad de aire, por el aumento de las part\u00edculas nocivas en la atm\u00f3sfera. EFEverde<\/p>\n","protected":false},"excerpt":{"rendered":"<p>Las altas presiones que esta semana han producido temperaturas r\u00e9cord en pa\u00edses como Reino Unido y Francia est\u00e1n debilit\u00e1ndose y desplaz\u00e1ndose hacia el este, por lo que se espera un descenso en los term\u00f3metros durante la pr\u00f3xima semana, destac\u00f3 hoy la Organizaci\u00f3n Meteorol\u00f3gica Mundial (OMM). Con todo, \u00abse espera que las temperaturas contin\u00faen por encima [&hellip;]<\/p>\n","protected":false},"author":1,"featured_media":129673,"comment_status":"closed","ping_status":"closed","sticky":false,"template":"","format":"standard","meta":{"_acf_changed":false,"_jetpack_memberships_contains_paid_content":false,"footnotes":"","jetpack_publicize_message":"","jetpack_publicize_feature_enabled":true,"jetpack_social_post_already_shared":true,"jetpack_social_options":{"image_generator_settings":{"template":"highway","default_image_id":0,"font":"","enabled":false},"version":2}},"categories":[6],"tags":[],"class_list":["post-129672","post","type-post","status-publish","format-standard","has-post-thumbnail","hentry","category-ecologia"],"acf":[],"jetpack_publicize_connections":[],"jetpack_featured_media_url":"https:\/\/i0.wp.com\/sportseco.com\/wp-content\/uploads\/2022\/07\/531b21e7f4a839860c6b1a5e82444a4313e4d6aew-1536x1226-1.jpg?fit=1536%2C1226&ssl=1","jetpack_sharing_enabled":true,"_links":{"self":[{"href":"https:\/\/sportseco.com\/index.php?rest_route=\/wp\/v2\/posts\/129672","targetHints":{"allow":["GET"]}}],"collection":[{"href":"https:\/\/sportseco.com\/index.php?rest_route=\/wp\/v2\/posts"}],"about":[{"href":"https:\/\/sportseco.com\/index.php?rest_route=\/wp\/v2\/types\/post"}],"author":[{"embeddable":true,"href":"https:\/\/sportseco.com\/index.php?rest_route=\/wp\/v2\/users\/1"}],"replies":[{"embeddable":true,"href":"https:\/\/sportseco.com\/index.php?rest_route=%2Fwp%2Fv2%2Fcomments&post=129672"}],"version-history":[{"count":1,"href":"https:\/\/sportseco.com\/index.php?rest_route=\/wp\/v2\/posts\/129672\/revisions"}],"predecessor-version":[{"id":129674,"href":"https:\/\/sportseco.com\/index.php?rest_route=\/wp\/v2\/posts\/129672\/revisions\/129674"}],"wp:featuredmedia":[{"embeddable":true,"href":"https:\/\/sportseco.com\/index.php?rest_route=\/wp\/v2\/media\/129673"}],"wp:attachment":[{"href":"https:\/\/sportseco.com\/index.php?rest_route=%2Fwp%2Fv2%2Fmedia&parent=129672"}],"wp:term":[{"taxonomy":"category","embeddable":true,"href":"https:\/\/sportseco.com\/index.php?rest_route=%2Fwp%2Fv2%2Fcategories&post=129672"},{"taxonomy":"post_tag","embeddable":true,"href":"https:\/\/sportseco.com\/index.php?rest_route=%2Fwp%2Fv2%2Ftags&post=129672"}],"curies":[{"name":"wp","href":"https:\/\/api.w.org\/{rel}","templated":true}]}}