{"id":129687,"date":"2022-07-24T19:02:42","date_gmt":"2022-07-24T23:02:42","guid":{"rendered":"https:\/\/sportseco.com\/?p=129687"},"modified":"2022-07-24T19:02:49","modified_gmt":"2022-07-24T23:02:49","slug":"philipsen-gana-en-los-campos-eliseos-mientras-vingegaard-campeona","status":"publish","type":"post","link":"https:\/\/sportseco.com\/?p=129687","title":{"rendered":"PHILIPSEN GANA EN LOS CAMPOS EL\u00cdSEOS MIENTRAS VINGEGAARD CAMPEONA"},"content":{"rendered":"\n<p>TOUR DE FRANCE 2022&nbsp;|&nbsp;ETAPA 21&nbsp;|&nbsp;PARIS LA D\u00c9FENSE ARENA &gt; PARIS CHAMPS-\u00c9LYS\u00c9ES&nbsp;<\/p>\n\n\n\n<p>Emotivo fin de fiesta para el Tour de Francia 2022. La llegada a los Campos El\u00edseos fue una vez m\u00e1s un campeonato del mundo oficioso para velocistas, con&nbsp;<strong>Jasper Philipsen<\/strong>&nbsp;(Alpecin-Deceuninck) llev\u00e1ndose la palma por delante de Dylan Groenewegen (BikeExchange-Jayco) y Alexander Kristoff (Intermarch\u00e9-Wanty Gobert).<\/p>\n\n\n\n<p>El pelot\u00f3n de la Grande Boucle disfrut\u00f3 de un agradable paseo por Par\u00eds en el que&nbsp;<strong>Jonas Vingegaard<\/strong>(Jumbo-Visma) pudo saborear y disfrutar su primer triunfo absoluto en la Grande Boucle por delante del campe\u00f3n saliente y mejor joven Tadej Pogacar (UAE Team Emirates) y del vencedor de la edici\u00f3n 2018, Geraint Thomas, cuyo Ineos Grenadiers se proclam\u00f3 ganador por equipos.<\/p>\n\n\n\n<p>Vingegaard se apunt\u00f3 tambi\u00e9n la Monta\u00f1a, mientras su compa\u00f1ero Wout van Aert, protagonista y pichichi de esta edici\u00f3n con tres victorias de etapa, se impuso en la clasificaci\u00f3n por Puntos y fue nombrado s\u00faper combativo de un Tour de Francia inolvidable.<\/p>\n\n\n\n<figure class=\"wp-block-image\"><a href=\"https:\/\/www.dailymotion.com\/embed\/video\/x8cnko3?autoplay=1\" target=\"_blank\" rel=\"noreferrer noopener\"><img decoding=\"async\" src=\"https:\/\/img.aso.fr\/core_app\/img-cycling-tdf-jpg\/flamme-rouge-last-km-etape-21-stage-21-tdf2022\/43180\/0:0,1920:1080-1200-0-70\/36336\" alt=\"\"\/><\/a><figcaption>Ultimo KM &#8211; Etapa 21 &#8211; #TDF2022<\/figcaption><\/figure>\n\n\n\n<p>135 corredores tomaron la salida en la vigesimoprimera y \u00faltima etapa del Tour de Francia 2022, que cubrir\u00eda 115,6 kil\u00f3metros entre La D\u00e9fense Arena sita en Nanterre (departamento de Hauts-de-Seine) y los Campos El\u00edseos, en el coraz\u00f3n de Par\u00eds, a las 16:46. No fueron de la partida Gorka Izagirre (Movistar Team), retirado por razones deportivas; Michael Woods (Israel-Premier Tech), positivo en Covid-19; y Guillaume Boivin (Israel-Premier Tech), enfermo. El pelot\u00f3n rod\u00f3 hacia Par\u00eds con tranquilidad y entre sonrisas. Con la anuencia del resto de esforzados de la ruta, el portador del maillot de puntos rojos Simon Geschke (Cofidis) ser\u00eda el primero en coronar la C\u00f4te du Pav\u00e9 des Gardes (4\u00aa, km 43,3).<\/p>\n\n\n\n<p><strong>Dos fugas en los Campos El\u00edseos<\/strong><\/p>\n\n\n\n<p>La aut\u00e9ntica competici\u00f3n demarr\u00f3 con la entrada en el circuito final de los Campos El\u00edseos, en el kil\u00f3metro 59,5 de la etapa. Daniel Mart\u00ednez (Ineos Grenadiers), Mathieu Burgaudeau (TotalEnergies), Stefan Bissegger (EF Education-EasyPost), Stan Dewulf (Ag2r-Citr\u00f6en) y Jan Tratnik (Bahrain Victorious) conformaron la primera escapada significativa, neutralizada a 34 kil\u00f3metros de meta despu\u00e9s de que Bissegger franqueara en primera posici\u00f3n el sprint intermedio en la parte alta de los Campos El\u00edseos (SI, km 75,6). Ser\u00eda poco despu\u00e9s que partir\u00eda una nueva intentona con Max Schachmann (Bora-Hansgrohe), Antoine Duchesne, Olivier Le Gac (Groupama-FDJ), Owain Doull y Jonas Rutsch (EF Education-EasyPost) que lleg\u00f3 a contar 25\u201d de ventaja a 25 kil\u00f3metros de meta.<\/p>\n\n\n\n<p><strong>Un \u00faltimo ataque de Tadej Pogacar<\/strong><\/p>\n\n\n\n<p>El gal\u00e9s Doull claudicar\u00eda a 20 kil\u00f3metros de meta; el resto de sus compa\u00f1eros de aventura lo ir\u00edan haciendo paulatinamente hasta que, justo en el \u00faltimo paso por meta a 6,8 del final, ganaba la partida un pelot\u00f3n liderado por Lotto-Soudal, Alpecin-Deceuninck, Team DSM y BikeExchange-Jayco. El maillot blanco Tadej Pogacar (UAE Team Emirates)&nbsp;firmar\u00eda&nbsp;un ataque para la galer\u00eda dentro de la vuelta final, con Benjamin Thomas (Cofidis) ensayando el \u00faltimo demarraje de esta Grande Boucle a 1,5 kil\u00f3metros de meta. Finalmente, Luka Mezgec (BikeExchange-Jayco) lanzar\u00eda la \u2018volata\u2019 para su compa\u00f1ero Dylan Groenewegen, trabajo aprovechado por Jasper Philipsen (Alpecin-Deceuninck) para firmar su segundo triunfo parcial en esta Grande Boucle mientras Jonas Vingegaard y su Jumbo-Visma festejaban su dominio en meta.<\/p>\n\n\n\n<figure class=\"wp-block-image\"><a href=\"https:\/\/img.aso.fr\/core_app\/img-cycling-tdf-jpg\/jumbo\/43195\/0:0,1200:801-1200-0-70\/d5d14\"><img decoding=\"async\" src=\"https:\/\/img.aso.fr\/core_app\/img-cycling-tdf-jpg\/jumbo\/43195\/0:0,1200:801-1200-0-70\/d5d14\" alt=\"24\/07\/2022 - Tour de France 2022 - Etape 21 - Paris La D\u00e9fense Arena \/ Paris Champs-Elys\u00e9es (115,6km) - JUMBO - VISMA\"\/><\/a><figcaption>24\/07\/2022 &#8211; Tour de France 2022 &#8211; Etape 21 &#8211; Paris La D\u00e9fense Arena \/ Paris Champs-Elys\u00e9es (115,6km) &#8211; JUMBO &#8211; VISMA \u00a9 A.S.O.\/Pauline Ballet<\/figcaption><\/figure>\n\n\n\n<p>letour.fr<\/p>\n\n\n\n<p><a href=\"https:\/\/www.letour.fr\/es\/club\"><\/a><\/p>\n","protected":false},"excerpt":{"rendered":"<p>TOUR DE FRANCE 2022&nbsp;|&nbsp;ETAPA 21&nbsp;|&nbsp;PARIS LA D\u00c9FENSE ARENA &gt; PARIS CHAMPS-\u00c9LYS\u00c9ES&nbsp; Emotivo fin de fiesta para el Tour de Francia 2022. La llegada a los Campos El\u00edseos fue una vez m\u00e1s un campeonato del mundo oficioso para velocistas, con&nbsp;Jasper Philipsen&nbsp;(Alpecin-Deceuninck) llev\u00e1ndose la palma por delante de Dylan Groenewegen (BikeExchange-Jayco) y Alexander Kristoff (Intermarch\u00e9-Wanty Gobert). El [&hellip;]<\/p>\n","protected":false},"author":1,"featured_media":129688,"comment_status":"closed","ping_status":"closed","sticky":false,"template":"","format":"standard","meta":{"_acf_changed":false,"_jetpack_memberships_contains_paid_content":false,"footnotes":"","jetpack_publicize_message":"","jetpack_publicize_feature_enabled":true,"jetpack_social_post_already_shared":true,"jetpack_social_options":{"image_generator_settings":{"template":"highway","default_image_id":0,"font":"","enabled":false},"version":2}},"categories":[14],"tags":[],"class_list":["post-129687","post","type-post","status-publish","format-standard","has-post-thumbnail","hentry","category-ciclismo"],"acf":[],"jetpack_publicize_connections":[],"jetpack_featured_media_url":"https:\/\/i0.wp.com\/sportseco.com\/wp-content\/uploads\/2022\/07\/52eea.jpg?fit=330%2C220&ssl=1","jetpack_sharing_enabled":true,"_links":{"self":[{"href":"https:\/\/sportseco.com\/index.php?rest_route=\/wp\/v2\/posts\/129687","targetHints":{"allow":["GET"]}}],"collection":[{"href":"https:\/\/sportseco.com\/index.php?rest_route=\/wp\/v2\/posts"}],"about":[{"href":"https:\/\/sportseco.com\/index.php?rest_route=\/wp\/v2\/types\/post"}],"author":[{"embeddable":true,"href":"https:\/\/sportseco.com\/index.php?rest_route=\/wp\/v2\/users\/1"}],"replies":[{"embeddable":true,"href":"https:\/\/sportseco.com\/index.php?rest_route=%2Fwp%2Fv2%2Fcomments&post=129687"}],"version-history":[{"count":1,"href":"https:\/\/sportseco.com\/index.php?rest_route=\/wp\/v2\/posts\/129687\/revisions"}],"predecessor-version":[{"id":129689,"href":"https:\/\/sportseco.com\/index.php?rest_route=\/wp\/v2\/posts\/129687\/revisions\/129689"}],"wp:featuredmedia":[{"embeddable":true,"href":"https:\/\/sportseco.com\/index.php?rest_route=\/wp\/v2\/media\/129688"}],"wp:attachment":[{"href":"https:\/\/sportseco.com\/index.php?rest_route=%2Fwp%2Fv2%2Fmedia&parent=129687"}],"wp:term":[{"taxonomy":"category","embeddable":true,"href":"https:\/\/sportseco.com\/index.php?rest_route=%2Fwp%2Fv2%2Fcategories&post=129687"},{"taxonomy":"post_tag","embeddable":true,"href":"https:\/\/sportseco.com\/index.php?rest_route=%2Fwp%2Fv2%2Ftags&post=129687"}],"curies":[{"name":"wp","href":"https:\/\/api.w.org\/{rel}","templated":true}]}}