{"id":129693,"date":"2022-07-25T08:56:07","date_gmt":"2022-07-25T12:56:07","guid":{"rendered":"https:\/\/sportseco.com\/?p=129693"},"modified":"2022-07-25T08:56:16","modified_gmt":"2022-07-25T12:56:16","slug":"dia-internacional-de-la-mujer-afrodescendiente-25-de-julio","status":"publish","type":"post","link":"https:\/\/sportseco.com\/?p=129693","title":{"rendered":"D\u00eda Internacional de la Mujer Afrodescendiente, 25 de Julio"},"content":{"rendered":"\n<p>El\u00a0<strong>D\u00eda Internacional de la Mujer Afrodescendiente<\/strong>, tambi\u00e9n se conoce como\u00a0<strong>D\u00eda de la Mujer Afrolatina, Afrocaribe\u00f1a y de la Di\u00e1spora<\/strong>.<\/p>\n\n\n\n<p>Esta fecha est\u00e1 \u00edntimamente relacionada con el&nbsp;<a href=\"https:\/\/www.diainternacionalde.com\/ficha\/dia-internacional-mujer\">D\u00eda Internacional de la Mujer<\/a>, al ser una oportunidad m\u00e1s de reivindicar los derechos y la dignidad de la mujer en general.<\/p>\n\n\n\n<h2 class=\"wp-block-heading\" id=\"resTit_1\">\u00bfPor qu\u00e9 se celebra el D\u00eda Internacional de la Mujer Afrodescendiente?<\/h2>\n\n\n\n<p>La fecha fue elegida para conmemorar el primer congreso en el que se reunieron m\u00e1s de 400 mujeres latinoamericanas y del Caribe, en 1992 en la Rep\u00fablica Dominicana. En este congreso se trataron temas relacionados con el sexismo, discriminaci\u00f3n racial, pobreza, migraci\u00f3n y violencia.<\/p>\n\n\n\n<p>En este encuentro surgi\u00f3 la&nbsp;<strong><a href=\"http:\/\/www.mujeresafro.org\/\" target=\"_blank\" rel=\"noreferrer noopener\">Red de Mujeres Afrolatinoamericanas, Afrocaribe\u00f1as y de la Di\u00e1spora<\/a><\/strong>, un espacio para luchar por la dignidad y los derechos de las mujeres negras en su calidad de ciudadanas plenas.<\/p>\n\n\n\n<h2 class=\"wp-block-heading\" id=\"resTit_2\">Problemas a los que se enfrentan las mujeres afrodescendientes<\/h2>\n\n\n\n<p>En la actualidad a\u00fan persisten pr\u00e1cticas discriminatorias hacia estas mujeres, miradas que las estigmatizan. El estereotipo m\u00e1s com\u00fan es el de&nbsp;<strong>la mujer hipersexualizada como objeto<\/strong>, a la que se ve como un objeto de deseo sin voluntad propia que la denigra y la hace mucho m\u00e1s vulnerable.<\/p>\n\n\n\n<p>Solo en Am\u00e9rica Latina y El Caribe hay alrededor de 200 millones de personas afrodescendientes: un 30% de la poblaci\u00f3n. Y a\u00fan se enfrentan a formas m\u00faltiples de discriminaci\u00f3n y racismo, sobre todo las mujeres.<\/p>\n\n\n\n<h2 class=\"wp-block-heading\" id=\"resTit_3\">Objetivos del D\u00eda Internacional de la Mujer Afrodescendiente<\/h2>\n\n\n\n<ul class=\"wp-block-list\"><li>Enfrentar el racismo y el sexismo que aboca a las mujeres afro a situaciones de pobreza y marginalidad.<\/li><li>Combatir los estereotipos y los prejuicios que pesan sobre las mujeres negras.<\/li><li>Promover la participaci\u00f3n de las mujeres afrodescendientes en la vida p\u00fablica y en la toma de decisiones en distintos \u00e1mbitos de la comunidad.<\/li><li>Demandar a los pa\u00edses el impulso de pol\u00edticas a favor de la integraci\u00f3n de este colectivo.<\/li><\/ul>\n\n\n\n<h2 class=\"wp-block-heading\" id=\"resTit_4\">\u00bfQu\u00e9 puedes hacer para celebrar el D\u00eda Internacional de la Mujer Afrodescendiente?<\/h2>\n\n\n\n<p>Tanto si eres afrodescendiente como si no, puedes apoyar esta causa uni\u00e9ndote a las campa\u00f1as que cada a\u00f1o se lanzan por parte de las organizaciones y asociaciones que abogan la causa, como la&nbsp;<strong><a href=\"http:\/\/www.mujeresafro.org\/\" target=\"_blank\" rel=\"noreferrer noopener\">Red de Mujeres Afrolatinoamericanas, Afrocaribe\u00f1as y de la Di\u00e1spora<\/a><\/strong>.<\/p>\n\n\n\n<p>Tambi\u00e9n puedes compartir tu mensaje de apoyo a este colectivo bajo el hahstag\u00a0<strong>#DiaDeLaMujerAfro<\/strong>.<\/p>\n\n\n\n<p><\/p>\n\n\n\n<p>diainternacionalde.com<\/p>\n","protected":false},"excerpt":{"rendered":"<p>El\u00a0D\u00eda Internacional de la Mujer Afrodescendiente, tambi\u00e9n se conoce como\u00a0D\u00eda de la Mujer Afrolatina, Afrocaribe\u00f1a y de la Di\u00e1spora. Esta fecha est\u00e1 \u00edntimamente relacionada con el&nbsp;D\u00eda Internacional de la Mujer, al ser una oportunidad m\u00e1s de reivindicar los derechos y la dignidad de la mujer en general. \u00bfPor qu\u00e9 se celebra el D\u00eda Internacional de [&hellip;]<\/p>\n","protected":false},"author":1,"featured_media":129694,"comment_status":"closed","ping_status":"closed","sticky":false,"template":"","format":"standard","meta":{"_acf_changed":false,"_jetpack_memberships_contains_paid_content":false,"footnotes":"","jetpack_publicize_message":"","jetpack_publicize_feature_enabled":true,"jetpack_social_post_already_shared":true,"jetpack_social_options":{"image_generator_settings":{"template":"highway","default_image_id":0,"font":"","enabled":false},"version":2}},"categories":[6],"tags":[],"class_list":["post-129693","post","type-post","status-publish","format-standard","has-post-thumbnail","hentry","category-ecologia"],"acf":[],"jetpack_publicize_connections":[],"jetpack_featured_media_url":"https:\/\/i0.wp.com\/sportseco.com\/wp-content\/uploads\/2022\/07\/07-25_dia-internacional-mujer-afrodescendiente.jpg?fit=305%2C203&ssl=1","jetpack_sharing_enabled":true,"_links":{"self":[{"href":"https:\/\/sportseco.com\/index.php?rest_route=\/wp\/v2\/posts\/129693","targetHints":{"allow":["GET"]}}],"collection":[{"href":"https:\/\/sportseco.com\/index.php?rest_route=\/wp\/v2\/posts"}],"about":[{"href":"https:\/\/sportseco.com\/index.php?rest_route=\/wp\/v2\/types\/post"}],"author":[{"embeddable":true,"href":"https:\/\/sportseco.com\/index.php?rest_route=\/wp\/v2\/users\/1"}],"replies":[{"embeddable":true,"href":"https:\/\/sportseco.com\/index.php?rest_route=%2Fwp%2Fv2%2Fcomments&post=129693"}],"version-history":[{"count":1,"href":"https:\/\/sportseco.com\/index.php?rest_route=\/wp\/v2\/posts\/129693\/revisions"}],"predecessor-version":[{"id":129695,"href":"https:\/\/sportseco.com\/index.php?rest_route=\/wp\/v2\/posts\/129693\/revisions\/129695"}],"wp:featuredmedia":[{"embeddable":true,"href":"https:\/\/sportseco.com\/index.php?rest_route=\/wp\/v2\/media\/129694"}],"wp:attachment":[{"href":"https:\/\/sportseco.com\/index.php?rest_route=%2Fwp%2Fv2%2Fmedia&parent=129693"}],"wp:term":[{"taxonomy":"category","embeddable":true,"href":"https:\/\/sportseco.com\/index.php?rest_route=%2Fwp%2Fv2%2Fcategories&post=129693"},{"taxonomy":"post_tag","embeddable":true,"href":"https:\/\/sportseco.com\/index.php?rest_route=%2Fwp%2Fv2%2Ftags&post=129693"}],"curies":[{"name":"wp","href":"https:\/\/api.w.org\/{rel}","templated":true}]}}