{"id":129700,"date":"2022-07-25T09:33:26","date_gmt":"2022-07-25T13:33:26","guid":{"rendered":"https:\/\/sportseco.com\/?p=129700"},"modified":"2022-07-25T09:33:33","modified_gmt":"2022-07-25T13:33:33","slug":"el-sexto-lugar-de-nairo-quintana-en-el-tour-de-francia-2022","status":"publish","type":"post","link":"https:\/\/sportseco.com\/?p=129700","title":{"rendered":"El sexto lugar de Nairo Quintana en el Tour de Francia 2022"},"content":{"rendered":"\n<p>Este domingo lleg\u00f3 a su fin una nueva edici\u00f3n del Tour de Francia que vio coronarse como campe\u00f3n al dan\u00e9s Jonas Vingegaard, del Jumbo-Visma, y en el que Nairo Quintana logr\u00f3 culminar en el sexto lugar de la general, logrando su sexto Top 10, en nueve participaciones en la ronda gala.<\/p>\n\n\n\n<p>Un gran resultado para el boyacense si se tiene en cuenta que su equipo ten\u00eda a varios debutantes o incluso corredores con apenas una experiencia en la carrera por etapas m\u00e1s importante del mundo.<\/p>\n\n\n\n<p>Quintana, que ha sido una vez campe\u00f3n de monta\u00f1a, dos veces el mejor joven y cuatro veces campe\u00f3n por equipos, logra por sexta ocasi\u00f3n finalizar entre los mejores diez del Tour, de los cuales tres fueron podios y dos subt\u00edtulos (2013 y 2015).<\/p>\n\n\n\n<p>De igual manera, se destaca que es la decimosegunda ocasi\u00f3n en la que Nairo finaliza en un top 10 de las Grandes Vueltas, luego de conseguirlo dos veces en el Giro de Italia, cuatro en la Vuelta a Espa\u00f1a, y las seis en el Tour de Francia, anteriormente mencionadas. Estos resultados lo ponen a la par de ciclistas como Alberto Contador, Fausto Coppi y Chris Froome.<\/p>\n\n\n\n<p>Tambi\u00e9n se destaca que Rigoberto Ur\u00e1n y Daniel Martinez, los otros dos colombianos en competencia lograron terminar la carrera, y ocuparon la casilla 26, a 1:48:18 del campe\u00f3n, y en el puesto 30, a 2:00:36, respectivamente.<\/p>\n\n\n\n<p>En cuanto a la general, el dan\u00e9s Jonas Vingegaard se coron\u00f3 con un tiempo final de 79 horas, 32 minutos y 29 segundos, seguido por el esloveno Tadej Pogacar, a tres minutos y 34 segundos. El podio lo complet\u00f3 el brit\u00e1nico Geraint Thomas, a 8:13. El top cinco lo completaron el franc\u00e9s David Gaudu y el ruso Aleksandr Vlasov.<\/p>\n\n\n\n<p><strong>Clasificaci\u00f3n final Tour de Francia 2022<\/strong><\/p>\n\n\n\n<p>1 Jonas Vingegaard (Din) Jumbo-Visma 79:33:20<\/p>\n\n\n\n<p>2 Tadej Pogacar (Esl) UAE Team Emirates +2:43<\/p>\n\n\n\n<p>3 Geraint Thomas (GBr) INEOS Grenadiers +7:22<\/p>\n\n\n\n<p>4 David Gaudu (Fra) Groupama-FDJ +13:39<\/p>\n\n\n\n<p>5 Aleksandr Vlasov (Rus) BORA-hansgrohe +15:46<\/p>\n\n\n\n<p><strong>6 Nairo Quintana (Col) Team Ark\u00e9a-Samsic +16:33<\/strong><\/p>\n\n\n\n<p>7 Romain Bardet (Fra) Team DSM +18:11<\/p>\n\n\n\n<p>8 Louis Meintjes (Rsa) Intermarch\u00e9-Wanty-Gobert +18:44<\/p>\n\n\n\n<p>9 Alexey Lutsenko (Kaz) Astana Qazaqstan Team +22:56<\/p>\n\n\n\n<p>10 Adam Yates (GBr) INEOS Grenadiers +24:52<\/p>\n\n\n\n<p><strong>26 Rigoberto Ur\u00e1n (Col) EF Education-EasyPost +1:48:18<\/strong><\/p>\n\n\n\n<p><strong>30 Daniel Martinez (Col) INEOS Grenadiers +2:00:55<\/strong><\/p>\n\n\n\n<p><\/p>\n\n\n\n<p>federacioncolombianadeciclismo.com<\/p>\n","protected":false},"excerpt":{"rendered":"<p>Este domingo lleg\u00f3 a su fin una nueva edici\u00f3n del Tour de Francia que vio coronarse como campe\u00f3n al dan\u00e9s Jonas Vingegaard, del Jumbo-Visma, y en el que Nairo Quintana logr\u00f3 culminar en el sexto lugar de la general, logrando su sexto Top 10, en nueve participaciones en la ronda gala. Un gran resultado para [&hellip;]<\/p>\n","protected":false},"author":1,"featured_media":129701,"comment_status":"closed","ping_status":"closed","sticky":false,"template":"","format":"standard","meta":{"_acf_changed":false,"_jetpack_memberships_contains_paid_content":false,"footnotes":"","jetpack_publicize_message":"","jetpack_publicize_feature_enabled":true,"jetpack_social_post_already_shared":true,"jetpack_social_options":{"image_generator_settings":{"template":"highway","default_image_id":0,"font":"","enabled":false},"version":2}},"categories":[14],"tags":[],"class_list":["post-129700","post","type-post","status-publish","format-standard","has-post-thumbnail","hentry","category-ciclismo"],"acf":[],"jetpack_publicize_connections":[],"jetpack_featured_media_url":"https:\/\/i0.wp.com\/sportseco.com\/wp-content\/uploads\/2022\/07\/Nairo-Quintana-Arkea-2022.jpg?fit=1080%2C624&ssl=1","jetpack_sharing_enabled":true,"_links":{"self":[{"href":"https:\/\/sportseco.com\/index.php?rest_route=\/wp\/v2\/posts\/129700","targetHints":{"allow":["GET"]}}],"collection":[{"href":"https:\/\/sportseco.com\/index.php?rest_route=\/wp\/v2\/posts"}],"about":[{"href":"https:\/\/sportseco.com\/index.php?rest_route=\/wp\/v2\/types\/post"}],"author":[{"embeddable":true,"href":"https:\/\/sportseco.com\/index.php?rest_route=\/wp\/v2\/users\/1"}],"replies":[{"embeddable":true,"href":"https:\/\/sportseco.com\/index.php?rest_route=%2Fwp%2Fv2%2Fcomments&post=129700"}],"version-history":[{"count":1,"href":"https:\/\/sportseco.com\/index.php?rest_route=\/wp\/v2\/posts\/129700\/revisions"}],"predecessor-version":[{"id":129702,"href":"https:\/\/sportseco.com\/index.php?rest_route=\/wp\/v2\/posts\/129700\/revisions\/129702"}],"wp:featuredmedia":[{"embeddable":true,"href":"https:\/\/sportseco.com\/index.php?rest_route=\/wp\/v2\/media\/129701"}],"wp:attachment":[{"href":"https:\/\/sportseco.com\/index.php?rest_route=%2Fwp%2Fv2%2Fmedia&parent=129700"}],"wp:term":[{"taxonomy":"category","embeddable":true,"href":"https:\/\/sportseco.com\/index.php?rest_route=%2Fwp%2Fv2%2Fcategories&post=129700"},{"taxonomy":"post_tag","embeddable":true,"href":"https:\/\/sportseco.com\/index.php?rest_route=%2Fwp%2Fv2%2Ftags&post=129700"}],"curies":[{"name":"wp","href":"https:\/\/api.w.org\/{rel}","templated":true}]}}