{"id":129721,"date":"2022-07-25T22:32:22","date_gmt":"2022-07-26T02:32:22","guid":{"rendered":"https:\/\/sportseco.com\/?p=129721"},"modified":"2022-07-25T22:32:29","modified_gmt":"2022-07-26T02:32:29","slug":"alemania-destina-siete-millones-de-euros-para-proteger-la-biodiversidad-en-colombia","status":"publish","type":"post","link":"https:\/\/sportseco.com\/?p=129721","title":{"rendered":"Alemania destina siete millones de euros para proteger la biodiversidad en Colombia"},"content":{"rendered":"\n<figure class=\"wp-block-image\"><img data-recalc-dims=\"1\" decoding=\"async\" src=\"https:\/\/i0.wp.com\/www.minambiente.gov.co\/wp-content\/uploads\/2022\/07\/IMG-20220722-WA0014-1.jpg?w=640&#038;ssl=1\" alt=\"Alemania destina siete millones de euros para proteger la biodiversidad en Colombia\" title=\"Alemania destina siete millones de euros para proteger la biodiversidad en Colombia\"\/><\/figure>\n\n\n\n<ul class=\"wp-block-list\"><li>Los recursos se invertir\u00e1n en infraestructura, equipamiento y sistemas sostenibles en varios Parques Nacionales Naturales del pa\u00eds.<\/li><\/ul>\n\n\n\n<p><strong>Bogot\u00e1 D. C., 25 de julio de 2022 -MADS-.<\/strong>&nbsp;Como parte del esfuerzo que el Gobierno Nacional articula en relaci\u00f3n con la cooperaci\u00f3n internacional, el ministro de Ambiente y Desarrollo Sostenible, Carlos Eduardo Correa, firm\u00f3 el pasado viernes el Contrato de Aporte Financiero y de Ejecuci\u00f3n del Programa \u2018Conservaci\u00f3n y Uso Sostenible de Recursos Naturales\u2019.<\/p>\n\n\n\n<p>Se trata de un importante convenio que se adelanta junto con el banco alem\u00e1n KFW y que destinar\u00e1 siete millones de euros para la protecci\u00f3n de la biodiversidad, una alianza que tambi\u00e9n firm\u00f3 Parques Nacionales Naturales de Colombia, entidad que integra el Sistema Nacional Ambiental (SINA).<\/p>\n\n\n\n<p>\u201cFirmamos este acuerdo para la conservaci\u00f3n de nuestros bosques y de nuestra biodiversidad. A lo largo de los a\u00f1os de esta gran cooperaci\u00f3n y sociedad estrat\u00e9gica con el Gobierno de Alemania y con el KFW, estos recursos han venido llegando a trav\u00e9s de diferentes programas como Visi\u00f3n Amazon\u00eda y hoy con Herencia Colombia; han sido ejecutados de manera transparente con un impacto muy positivo en nuestra biodiversidad, en nuestros bosques y en las comunidades que est\u00e1n ah\u00ed en el territorio\u201d, afirm\u00f3 el ministro de Ambiente, Carlos Eduardo Correa.<\/p>\n\n\n\n<p>La firma, que se hizo en las instalaciones del Ministerio de Ambiente y Desarrollo Sostenible, cont\u00f3 con la presencia del director regional del KFW para Colombia y Ecuador, \u00c1lvaro Berriel, quien resalt\u00f3 que gracias a la exitosa cooperaci\u00f3n que ambas naciones han articulado, se han obtenido importantes resultados en la protecci\u00f3n de la biodiversidad y los ecosistemas del pa\u00eds.<\/p>\n\n\n\n<p>\u201cColombia es conocido por ser uno de los pa\u00edses m\u00e1s megadiversos del mundo. Nos complace que por parte de la cooperaci\u00f3n alemana podemos contribuir a proteger este patrimonio tan importante a nivel mundial\u201d, precis\u00f3 Berriel.<\/p>\n\n\n\n<p>Las zonas de intervenci\u00f3n de este significativo convenio ser\u00e1n los Parques Nacionales Naturales Las Hermosas, La Chingaza, Alto Fragua y el Santuario de Flora Plantas Medicinales Orito, en donde se har\u00e1 una importante inversi\u00f3n en infraestructura, equipamiento y sistemas sostenibles para una gesti\u00f3n mejorada de las \u00e1reas protegidas y el uso sostenible en estos territorios y sus zonas de conectividad.<\/p>\n\n\n\n<p>\u201cCon este nuevo acuerdo vamos a tener recursos adicionales para poder seguir invirtiendo en la conservaci\u00f3n de nuestras \u00e1reas protegidas y en la protecci\u00f3n de nuestro mayor patrimonio, que es nuestra biodiversidad, nuestros bosques, y, en especial, en la Amazon\u00eda colombiana\u201d, concluy\u00f3 el ministro Correa.<\/p>\n\n\n\n<p>Este encuentro entre Alemania y Colombia supone un paso m\u00e1s que fortalece los lazos de cooperaci\u00f3n entre ambos pa\u00edses y sigue una hoja de ruta trazada con programas de gran impacto como \u00c1reas Protegidas y Diversidad Biol\u00f3gica Fase I y Fase II, y Adaptaci\u00f3n Basada en los Ecosistemas para la Protecci\u00f3n Contra la Erosi\u00f3n Costera en un Clima Cambiante.<\/p>\n\n\n\n<p><\/p>\n\n\n\n<p>minambiente.gov.co<\/p>\n","protected":false},"excerpt":{"rendered":"<p>Los recursos se invertir\u00e1n en infraestructura, equipamiento y sistemas sostenibles en varios Parques Nacionales Naturales del pa\u00eds. Bogot\u00e1 D. C., 25 de julio de 2022 -MADS-.&nbsp;Como parte del esfuerzo que el Gobierno Nacional articula en relaci\u00f3n con la cooperaci\u00f3n internacional, el ministro de Ambiente y Desarrollo Sostenible, Carlos Eduardo Correa, firm\u00f3 el pasado viernes el [&hellip;]<\/p>\n","protected":false},"author":1,"featured_media":129722,"comment_status":"closed","ping_status":"closed","sticky":false,"template":"","format":"standard","meta":{"_acf_changed":false,"_jetpack_memberships_contains_paid_content":false,"footnotes":"","jetpack_publicize_message":"","jetpack_publicize_feature_enabled":true,"jetpack_social_post_already_shared":true,"jetpack_social_options":{"image_generator_settings":{"template":"highway","default_image_id":0,"font":"","enabled":false},"version":2}},"categories":[6],"tags":[],"class_list":["post-129721","post","type-post","status-publish","format-standard","has-post-thumbnail","hentry","category-ecologia"],"acf":[],"jetpack_publicize_connections":[],"jetpack_featured_media_url":"https:\/\/i0.wp.com\/sportseco.com\/wp-content\/uploads\/2022\/07\/IMG-20220722-WA0014-1.jpg?fit=825%2C345&ssl=1","jetpack_sharing_enabled":true,"_links":{"self":[{"href":"https:\/\/sportseco.com\/index.php?rest_route=\/wp\/v2\/posts\/129721","targetHints":{"allow":["GET"]}}],"collection":[{"href":"https:\/\/sportseco.com\/index.php?rest_route=\/wp\/v2\/posts"}],"about":[{"href":"https:\/\/sportseco.com\/index.php?rest_route=\/wp\/v2\/types\/post"}],"author":[{"embeddable":true,"href":"https:\/\/sportseco.com\/index.php?rest_route=\/wp\/v2\/users\/1"}],"replies":[{"embeddable":true,"href":"https:\/\/sportseco.com\/index.php?rest_route=%2Fwp%2Fv2%2Fcomments&post=129721"}],"version-history":[{"count":1,"href":"https:\/\/sportseco.com\/index.php?rest_route=\/wp\/v2\/posts\/129721\/revisions"}],"predecessor-version":[{"id":129723,"href":"https:\/\/sportseco.com\/index.php?rest_route=\/wp\/v2\/posts\/129721\/revisions\/129723"}],"wp:featuredmedia":[{"embeddable":true,"href":"https:\/\/sportseco.com\/index.php?rest_route=\/wp\/v2\/media\/129722"}],"wp:attachment":[{"href":"https:\/\/sportseco.com\/index.php?rest_route=%2Fwp%2Fv2%2Fmedia&parent=129721"}],"wp:term":[{"taxonomy":"category","embeddable":true,"href":"https:\/\/sportseco.com\/index.php?rest_route=%2Fwp%2Fv2%2Fcategories&post=129721"},{"taxonomy":"post_tag","embeddable":true,"href":"https:\/\/sportseco.com\/index.php?rest_route=%2Fwp%2Fv2%2Ftags&post=129721"}],"curies":[{"name":"wp","href":"https:\/\/api.w.org\/{rel}","templated":true}]}}