{"id":129732,"date":"2022-07-26T13:04:35","date_gmt":"2022-07-26T17:04:35","guid":{"rendered":"https:\/\/sportseco.com\/?p=129732"},"modified":"2022-07-26T13:04:40","modified_gmt":"2022-07-26T17:04:40","slug":"alertan-de-la-crisis-de-biodiversidad-por-las-altas-temperaturas-en-el-mediterraneo","status":"publish","type":"post","link":"https:\/\/sportseco.com\/?p=129732","title":{"rendered":"Alertan de la \u00abcrisis de biodiversidad\u00bb por las altas temperaturas en el Mediterr\u00e1neo"},"content":{"rendered":"\n<p><strong>El divulgador cient\u00edfico Fernando Valladares ha alertado este martes de posibles \u00abcolapsos parciales del ecosistema marino\u00bb, extinci\u00f3n de especies y \u00abuna crisis de productividad y de\u00a0biodiversidad\u00bb en el Mediterr\u00e1neo oriental debido a las altas temperaturas que se est\u00e1n registrando en este mar.<\/strong><\/p>\n\n\n\n<p>Valladares, que ha participado en los cursos de verano de la Universidad Internacional Men\u00e9ndez Pelayo (UIMP) ha explicado que en el Mediterr\u00e1neo oriental se est\u00e1n registrando unas \u00abtemperaturas sostenidas\u00bb de entre tres y cuatro grados por encima de la media normal.<\/p>\n\n\n\n<p>Estas temperaturas, unido al termoclima de este mar en el per\u00edodo estival, est\u00e1 generando, seg\u00fan el cient\u00edfico, una \u00abcrisis bioqu\u00edmica\u00bb, ya que el calor genera \u00abmucha descomposici\u00f3n de materia org\u00e1nica\u00bb.<\/p>\n\n\n\n<p>La descomposici\u00f3n, ha explicado Valladares, provoca una reacci\u00f3n en cascada que va a llevar a una \u00abcrisis del ecosistema\u00bb y a \u00abla extinci\u00f3n local de muchas especies\u00bb.<\/p>\n\n\n\n<blockquote class=\"wp-block-quote is-layout-flow wp-block-quote-is-layout-flow\"><p>\u00abSe han sobrepasado valores hist\u00f3ricos en la temperatura del agua y se han mantenido durante tanto tiempo que podemos hablar de colapsos parciales del ecosistema marino\u00bb, ha lamentado el divulgador, quien ha vaticinado que en las pr\u00f3ximas semanas habr\u00e1 \u00abuna crisis de productividad y de&nbsp;biodiversidad&nbsp;en el ecosistema marino\u00bb de esa zona del Mediterr\u00e1neo, que afecta a Baleares, el norte de \u00c1frica y el Levante espa\u00f1ol.<\/p><\/blockquote>\n\n\n\n<h2 class=\"wp-block-heading\">Crisis clim\u00e1tica<\/h2>\n\n\n\n<p>En declaraciones a los periodistas, Fernando Valladares ha pedido que los medios de comunicaci\u00f3n y los cient\u00edficos formen una \u00abalianza\u00bb para canalizar la preocupaci\u00f3n social del cambio clim\u00e1tico.<\/p>\n\n\n\n<p>En este sentido, ha alertado que \u00abante desaf\u00edos como el cambio clim\u00e1tico, no caben las divisiones ni visi\u00f3n pol\u00edtica cortoplacista o ideol\u00f3gica que no tenga el aval cient\u00edfico\u00bb y ha pedido que no se hagan declaraciones pol\u00edticas \u00abpor el hecho de provocar, incendiar o enfrentar\u00bb.<\/p>\n\n\n\n<p>\u00abSe comete una seria irresponsabilidad ante la cual los medios, la sociedad y los cient\u00edficos debemos tener tolerancia cero y no permitir ni un solo titular por divertido, llamativo o provocador que sea, que no se apuntale en el conocimiento cient\u00edfico\u00bb, ha lamentado.<\/p>\n\n\n\n<p>Valladares, quien forma parte del grupo Rebeli\u00f3n Cient\u00edfica, que el pasado abril lanz\u00f3 agua tintada contra el Congreso de los Diputados para denunciar \u00abinacci\u00f3n\u00bb pol\u00edtica contra el cambio clim\u00e1tico, ha opinado a preguntas de los periodistas, que las denuncias hacia esas acciones han sido \u00abdesproporcionadas\u00bb.<\/p>\n\n\n\n<p>\u00abCada vez m\u00e1s cient\u00edficos nos salimos de la zona de confort\u00bb, ha se\u00f1alado el divulgador, quien ha apuntado a que este movimiento de \u00abdesobediencia civil\u00bb est\u00e1 orientado a \u00abque se cambie la mirada\u00bb para centrarla \u00aben el origen del problema\u00bb del cambio clim\u00e1tico.<\/p>\n\n\n\n<p>\u00abEl fondo es la reducci\u00f3n de emisiones, no hay m\u00e1s tu t\u00eda, no se pueden sortear esas evidencias cient\u00edficas\u00bb, ha subrayado Valladares, quien ha criticado las \u00faltimas medidas de la UE para afrontar la crisis energ\u00e9tica.<\/p>\n\n\n\n<p>\u00abLa UE ha dado tres pasos de verg\u00fcenza\u00bb, ha dicho el cient\u00edfico, en alusi\u00f3n a la declaraci\u00f3n de la energ\u00eda nuclear y gas como energ\u00edas verdes, o la relajaci\u00f3n de la contabilidad de emisiones.<\/p>\n\n\n\n<p>\u00abEs un claro retroceso que desde luego invalida a Europa como un continente verde. No tiene de verde ya nada\u00bb, ha afeado el divulgador, quien ha pedido \u00abno dar marcha atr\u00e1s\u00bb en la transici\u00f3n ecol\u00f3gica frente a las dificultades econ\u00f3micas.<\/p>\n\n\n\n<p>Respecto a priorizar la lucha contra el cambio clim\u00e1tico, Valladares ha asegurado que \u00abmata a muchas m\u00e1s personas que los conflictos b\u00e9licos\u00bb y ha considerado que lo que amenaza a la humanidad \u00abno es la tensi\u00f3n geopol\u00edtica\u00bb, que seg\u00fan ha indicado, \u00abviene por el mismo problema que el cambio clim\u00e1tico, que es la gesti\u00f3n de la energ\u00eda y los recursos naturales\u00bb. EFEverde<\/p>\n","protected":false},"excerpt":{"rendered":"<p>El divulgador cient\u00edfico Fernando Valladares ha alertado este martes de posibles \u00abcolapsos parciales del ecosistema marino\u00bb, extinci\u00f3n de especies y \u00abuna crisis de productividad y de\u00a0biodiversidad\u00bb en el Mediterr\u00e1neo oriental debido a las altas temperaturas que se est\u00e1n registrando en este mar. Valladares, que ha participado en los cursos de verano de la Universidad Internacional [&hellip;]<\/p>\n","protected":false},"author":1,"featured_media":129733,"comment_status":"closed","ping_status":"closed","sticky":false,"template":"","format":"standard","meta":{"_acf_changed":false,"_jetpack_memberships_contains_paid_content":false,"footnotes":"","jetpack_publicize_message":"","jetpack_publicize_feature_enabled":true,"jetpack_social_post_already_shared":true,"jetpack_social_options":{"image_generator_settings":{"template":"highway","default_image_id":0,"font":"","enabled":false},"version":2}},"categories":[6],"tags":[],"class_list":["post-129732","post","type-post","status-publish","format-standard","has-post-thumbnail","hentry","category-ecologia"],"acf":[],"jetpack_publicize_connections":[],"jetpack_featured_media_url":"https:\/\/i0.wp.com\/sportseco.com\/wp-content\/uploads\/2022\/07\/IMG_20200829_144603-isla-grosa-mediterraneo-murcia.jpg?fit=1050%2C787&ssl=1","jetpack_sharing_enabled":true,"_links":{"self":[{"href":"https:\/\/sportseco.com\/index.php?rest_route=\/wp\/v2\/posts\/129732","targetHints":{"allow":["GET"]}}],"collection":[{"href":"https:\/\/sportseco.com\/index.php?rest_route=\/wp\/v2\/posts"}],"about":[{"href":"https:\/\/sportseco.com\/index.php?rest_route=\/wp\/v2\/types\/post"}],"author":[{"embeddable":true,"href":"https:\/\/sportseco.com\/index.php?rest_route=\/wp\/v2\/users\/1"}],"replies":[{"embeddable":true,"href":"https:\/\/sportseco.com\/index.php?rest_route=%2Fwp%2Fv2%2Fcomments&post=129732"}],"version-history":[{"count":1,"href":"https:\/\/sportseco.com\/index.php?rest_route=\/wp\/v2\/posts\/129732\/revisions"}],"predecessor-version":[{"id":129734,"href":"https:\/\/sportseco.com\/index.php?rest_route=\/wp\/v2\/posts\/129732\/revisions\/129734"}],"wp:featuredmedia":[{"embeddable":true,"href":"https:\/\/sportseco.com\/index.php?rest_route=\/wp\/v2\/media\/129733"}],"wp:attachment":[{"href":"https:\/\/sportseco.com\/index.php?rest_route=%2Fwp%2Fv2%2Fmedia&parent=129732"}],"wp:term":[{"taxonomy":"category","embeddable":true,"href":"https:\/\/sportseco.com\/index.php?rest_route=%2Fwp%2Fv2%2Fcategories&post=129732"},{"taxonomy":"post_tag","embeddable":true,"href":"https:\/\/sportseco.com\/index.php?rest_route=%2Fwp%2Fv2%2Ftags&post=129732"}],"curies":[{"name":"wp","href":"https:\/\/api.w.org\/{rel}","templated":true}]}}