{"id":129811,"date":"2022-07-28T09:51:29","date_gmt":"2022-07-28T13:51:29","guid":{"rendered":"https:\/\/sportseco.com\/?p=129811"},"modified":"2022-07-28T09:51:40","modified_gmt":"2022-07-28T13:51:40","slug":"la-organizacion-meteorologica-mundial-presenta-el-informe-el-estado-del-clima-en-america-latina-y-el-caribe-2","status":"publish","type":"post","link":"https:\/\/sportseco.com\/?p=129811","title":{"rendered":"La Organizaci\u00f3n Meteorol\u00f3gica Mundial presenta el informe El estado del clima en Am\u00e9rica Latina y el Caribe"},"content":{"rendered":"\n<p><strong>La megasequ\u00eda, el deshielo de los glaciares, las precipitaciones extremas&nbsp;y la deforestaci\u00f3n acarrean graves efectos<\/strong><\/p>\n\n\n\n<p>Cartagena\/Ginebra, 27 de julio de 2022 (OMM) \u2014 Los fen\u00f3menos meteorol\u00f3gicos extremos y los impactos del cambio clim\u00e1tico, como la megasequ\u00eda, las precipitaciones extremas, las olas de calor terrestres y marinas y el deshielo de los glaciares, est\u00e1n afectando a la regi\u00f3n de Am\u00e9rica Latina y el Caribe, desde la Amazonia hasta los Andes y desde las aguas de los oc\u00e9anos Pac\u00edfico y Atl\u00e1ntico hasta las zonas m\u00e1s rec\u00f3nditas de la Patagonia cubiertas de nieve.<\/p>\n\n\n\n<figure class=\"wp-block-image\"><img data-recalc-dims=\"1\" decoding=\"async\" src=\"https:\/\/i0.wp.com\/ane4bf-datap1.s3-eu-west-1.amazonaws.com\/wmocms\/s3fs-public\/ckeditor\/files\/Floods-in-Ilheus-Bahia-Brazil-December-2021.-Photo-Camila-Souza-GOVBA.jpg?w=640&#038;ssl=1\" alt=\"Floods-in-Ilheus-Bahia-Brazil-December-2021.-Photo-Camila-Souza-GOVBA\" title=\"Floods-in-Ilheus-Bahia-Brazil-December-2021.-Photo-Camila-Souza-GOVBA\"\/><\/figure>\n\n\n\n<p>En el informe de la<a href=\"https:\/\/public.wmo.int\/en\/our-mandate\/climate\/wmo-statement-state-of-global-climate\/LAC\" target=\"_blank\" rel=\"noreferrer noopener\">&nbsp;Organizaci\u00f3n Meteorol\u00f3gica Mundial (OMM) titulado&nbsp;<\/a><em><a href=\"https:\/\/public.wmo.int\/en\/our-mandate\/climate\/wmo-statement-state-of-global-climate\/LAC\" target=\"_blank\" rel=\"noreferrer noopener\">El estado del clima en Am\u00e9rica Latina y el Caribe 2021<\/a>&nbsp;<\/em>se ponen de manifiesto sus profundas repercusiones en los ecosistemas, la seguridad alimentaria e h\u00eddrica, la salud de las personas y la lucha contra la pobreza.<\/p>\n\n\n\n<p>Las tasas de deforestaci\u00f3n fueron las m\u00e1s elevadas desde 2009, y ello no solo perjudic\u00f3 al medioambiente, sino que adem\u00e1s socav\u00f3 las iniciativas de mitigaci\u00f3n del cambio clim\u00e1tico. Los glaciares andinos han perdido m\u00e1s del 30&nbsp;% de su superficie en menos de 50&nbsp;a\u00f1os. Y la \u201cmegasequ\u00eda\u201d que azota la zona central de Chile es la m\u00e1s pertinaz del \u00faltimo milenio.<\/p>\n\n\n\n<p>\u201cEn el informe se muestra que, desafortunadamente, los riesgos hidrometeorol\u00f3gicos \u2014como las sequ\u00edas, las olas de calor y de fr\u00edo, los ciclones tropicales y las crecidas\u2014 han causado la p\u00e9rdida de cientos de vidas, han ocasionado graves da\u00f1os en la producci\u00f3n agr\u00edcola y las infraestructuras y han provocado desplazamientos de poblaci\u00f3n\u201d, dijo el Secretario General de la OMM, profesor Petteri Taalas.<\/p>\n\n\n\n<p>\u201cSe prev\u00e9 que la creciente subida del nivel del mar y el continuo calentamiento de los oc\u00e9anos sigan afectando a los medios de subsistencia, el turismo, la salud, la alimentaci\u00f3n, la energ\u00eda y la seguridad h\u00eddrica en las zonas costeras, en particular en las islas peque\u00f1as y los pa\u00edses de Am\u00e9rica Central. Para muchas ciudades andinas, el deshielo de los glaciares representa la p\u00e9rdida de una importante fuente de agua dulce que actualmente se destina a uso dom\u00e9stico, riego y generaci\u00f3n de energ\u00eda hidroel\u00e9ctrica. En Am\u00e9rica del Sur, la continua degradaci\u00f3n de la pluviselva amaz\u00f3nica sigue siendo uno de los principales motivos de preocupaci\u00f3n tanto para la regi\u00f3n como para el clima a escala mundial, habida cuenta de la funci\u00f3n que desempe\u00f1a ese tipo de bosque en el ciclo del carbono\u201d, explic\u00f3 el profesor Taalas.<\/p>\n\n\n\n<p>El informe se present\u00f3 el 22 de julio de 2022 en el marco de una conferencia t\u00e9cnica regional para los pa\u00edses de Am\u00e9rica del Sur organizada por la OMM en Cartagena (Colombia). Este es el segundo a\u00f1o en que la Organizaci\u00f3n elabora este informe regional anual, que se acompa\u00f1a de gr\u00e1ficos interactivos y proporciona a las instancias decisorias informaci\u00f3n de car\u00e1cter m\u00e1s local en la que fundamentar sus iniciativas.<\/p>\n\n\n\n<p>\u201cEl agravamiento del cambio clim\u00e1tico y los efectos combinados de la pandemia de COVID-19 no solo han afectado a la biodiversidad de la regi\u00f3n, sino que tambi\u00e9n han estancado d\u00e9cadas de progreso contra la pobreza, la inseguridad alimentaria y la reducci\u00f3n de las desigualdades en la regi\u00f3n\u201d, se\u00f1al\u00f3 el doctor Mario Cimoli, de la Comisi\u00f3n Econ\u00f3mica para Am\u00e9rica Latina y el Caribe (CEPAL).<\/p>\n\n\n\n<p>\u201cAbordar estos retos interconectados y los impactos asociados requerir\u00e1 de una acci\u00f3n coordinada. Con independencia de la forma en que se materialice, deber\u00e1 fundamentarse en la ciencia.&nbsp;<em>El estado del clima en Am\u00e9rica Latina y el Caribe<\/em>&nbsp;es el segundo informe de este tipo y constituye una fuente decisiva de informaci\u00f3n de \u00edndole cient\u00edfica para la pol\u00edtica clim\u00e1tica y los procesos decisorios. La CEPAL seguir\u00e1 desempe\u00f1ando una funci\u00f3n activa en esta difusi\u00f3n de informaci\u00f3n meteorol\u00f3gica y clim\u00e1tica para fomentar el establecimiento de m\u00e1s asociaciones, la prestaci\u00f3n de mejores servicios clim\u00e1ticos y la formulaci\u00f3n de pol\u00edticas clim\u00e1ticas m\u00e1s s\u00f3lidas en el conjunto de Am\u00e9rica Latina y el Caribe\u201d, afirm\u00f3.<\/p>\n\n\n\n<p><strong>Conclusiones principales:<\/strong><\/p>\n\n\n\n<ul class=\"wp-block-list\"><li><strong>Temperatura:&nbsp;<\/strong>La tendencia al calentamiento en Am\u00e9rica Latina y el Caribe continu\u00f3 en 2021. La tasa media de aumento de las temperaturas fue de aproximadamente 0,2&nbsp;\u00b0C por d\u00e9cada entre 1991 y 2021, frente a los 0,1&nbsp;\u00b0C por d\u00e9cada registrados entre 1961 y 1990.<\/li><li>Los&nbsp;<strong>glaciares&nbsp;<\/strong>de los Andes tropicales han perdido, al menos, un 30&nbsp;% de su superficie desde la d\u00e9cada de 1980, y presentan una tendencia negativa en cuanto a su balance de masas de \u22120,97&nbsp;m de equivalente en agua al a\u00f1o durante el per\u00edodo de monitoreo (1990-2020). Algunos glaciares del Per\u00fa han perdido m\u00e1s del 50&nbsp;% de su superficie. El retroceso de los glaciares y la correspondiente p\u00e9rdida de masa de hielo han agravado el riesgo de escasez de agua para la poblaci\u00f3n y los ecosistemas andinos.<\/li><li>El&nbsp;<strong>nivel del mar&nbsp;<\/strong>en la regi\u00f3n continu\u00f3 subiendo a un ritmo m\u00e1s r\u00e1pido que a escala mundial, sobre todo a lo largo de la costa atl\u00e1ntica de Am\u00e9rica del Sur al sur del ecuador (3,52&nbsp;\u00b1&nbsp;0,0&nbsp;mm por a\u00f1o, de 1993 a 2021) y en el Atl\u00e1ntico norte subtropical y el golfo de M\u00e9xico (3,48&nbsp;\u00b1&nbsp;0,1&nbsp;mm por a\u00f1o, de 1993 a 1991). El incremento del nivel del mar amenaza a un porcentaje muy importante de la poblaci\u00f3n que se concentra en las zonas costeras, ya que contamina los acu\u00edferos de agua dulce, erosiona las costas, inunda las zonas de baja altitud y aumenta el riesgo de mareas de tempestad.<\/li><li>La&nbsp;<strong>\u201cmegasequ\u00eda\u201d que castiga la zona central de Chile<\/strong>&nbsp;prosigui\u00f3 en 2021, en su decimotercer a\u00f1o hasta la fecha, lo que la convierte en la m\u00e1s prolongada que afecta a la regi\u00f3n en el \u00faltimo milenio, agravando una tendencia al aumento de la sequedad y poniendo a Chile a la cabeza de la crisis h\u00eddrica de la regi\u00f3n. Adem\u00e1s, una sequ\u00eda plurianual en la cuenca del Paran\u00e1-Plata, la peor desde 1944, afect\u00f3 al centro-sur del Brasil y a partes del Paraguay y del Estado Plurinacional de Bolivia.<\/li><li><strong>En la cuenca del Paran\u00e1-Plata, los da\u00f1os a la agricultura causados por la sequ\u00eda&nbsp;<\/strong>redujeron las cosechas, en especial las de soja y ma\u00edz, y ello afect\u00f3 a los mercados agr\u00edcolas mundiales. En el conjunto de Am\u00e9rica del Sur, las condiciones de sequ\u00eda provocaron un descenso del 2,6&nbsp;% en la cosecha de cereales de 2020\/2021 con respecto a la temporada anterior.<\/li><li>La&nbsp;<strong>temporada de huracanes del Atl\u00e1ntico de 2021<\/strong>&nbsp;fue la tercera m\u00e1s activa de la que se tiene constancia en esa cuenca, al haberse registrado 21&nbsp;tormentas con nombre (incluidos siete huracanes), y fue la sexta temporada consecutiva de huracanes en el Atl\u00e1ntico por encima de lo normal. Algunas de estas tormentas afectaron directamente a la regi\u00f3n.<\/li><li><strong>En 2021, las precipitaciones extremas&nbsp;<\/strong>\u2014que acumularon valores sin precedentes en muchos lugares\u2014 ocasionaron crecidas y deslizamientos de tierra. Se produjeron importantes p\u00e9rdidas, y en particular cientos de v\u00edctimas mortales, decenas de miles de viviendas destruidas o da\u00f1adas y cientos de miles de desplazados. Las crecidas y los deslizamientos de tierra en los estados brasile\u00f1os de Bah\u00eda y Minas Gerais provocaron unas p\u00e9rdidas estimadas en 3&nbsp;100&nbsp;millones de d\u00f3lares de los Estados Unidos.<\/li><li>La<strong>&nbsp;deforestaci\u00f3n en la pluviselva amaz\u00f3nica brasile\u00f1a&nbsp;<\/strong>se duplic\u00f3 con respecto al promedio de 2009-2018 y alcanz\u00f3 su nivel m\u00e1s alto desde 2009. En 2021 se perdi\u00f3 un 22&nbsp;% m\u00e1s de superficie forestal que en 2020.<\/li><li>Un total de 7,7&nbsp;millones de personas en Guatemala, El Salvador y Nicaragua experimentaron altos niveles de&nbsp;<strong>inseguridad alimentaria&nbsp;<\/strong>en 2021, a lo que contribuyeron factores como el efecto continuado de los huracanes Eta e Iota de finales de 2020 y las repercusiones econ\u00f3micas de la pandemia de COVID-19.<\/li><li>Los Andes, el noreste del Brasil y los pa\u00edses del norte de Am\u00e9rica Central son algunas de las regiones m\u00e1s sensibles a las migraciones y los desplazamientos motivados por casusas clim\u00e1ticas, fen\u00f3menos que han aumentado en los \u00faltimos ocho a\u00f1os.&nbsp;<strong>Las migraciones y los desplazamientos de poblaci\u00f3n<\/strong>&nbsp;tienen m\u00faltiples causas. El cambio clim\u00e1tico y los fen\u00f3menos extremos asociados son factores amplificadores que agravan problemas sociales, econ\u00f3micos y medioambientales.<\/li><li>Am\u00e9rica del Sur es una de las regiones con mayor necesidad documentada de reforzar los&nbsp;<strong>sistemas de alerta temprana<\/strong>. Los sistemas de alerta temprana de peligros m\u00faltiples son instrumentos fundamentales para lograr una adaptaci\u00f3n eficaz en zonas expuestas a los fen\u00f3menos meteorol\u00f3gicos, hidrol\u00f3gicos y clim\u00e1ticos extremos.<\/li><\/ul>\n\n\n\n<p><strong>Motivos de preocupaci\u00f3n y lagunas de conocimiento<\/strong><\/p>\n\n\n\n<figure class=\"wp-block-image\"><img data-recalc-dims=\"1\" decoding=\"async\" src=\"https:\/\/i0.wp.com\/ane4bf-datap1.s3-eu-west-1.amazonaws.com\/wmocms\/s3fs-public\/ckeditor\/files\/Haiti_food_security_WFP.jpg?w=640&#038;ssl=1\" alt=\"Haiti_food_security_WFP\" title=\"Haiti_food_security_WFP\"\/><\/figure>\n\n\n\n<p>En el Sexto Informe de Evaluaci\u00f3n del Grupo Intergubernamental de Expertos sobre el Cambio Clim\u00e1tico (IPCC) se muestra el modo en que la configuraci\u00f3n de las precipitaciones est\u00e1 cambiando, las temperaturas est\u00e1n aumentando y algunas zonas est\u00e1n experimentando cambios en la frecuencia y la gravedad de los fen\u00f3menos meteorol\u00f3gicos extremos, como las lluvias fuertes.<\/p>\n\n\n\n<p>Los dos grandes oc\u00e9anos que flanquean el continente (el Pac\u00edfico y el Atl\u00e1ntico) se est\u00e1n calentando y acidificando como consecuencia del di\u00f3xido de carbono, al mismo tiempo que el nivel del mar tambi\u00e9n est\u00e1 aumentando.<\/p>\n\n\n\n<p>Desafortunadamente, se prev\u00e9 un agravamiento de los impactos en la regi\u00f3n, ya que la atm\u00f3sfera y el oc\u00e9ano siguen cambiando r\u00e1pidamente. El suministro de alimentos y agua se ver\u00e1 alterado. Pueblos y ciudades, as\u00ed como la infraestructura necesaria para mantenerlos, estar\u00e1n expuestos a riesgos cada vez mayores.<\/p>\n\n\n\n<p>La salud y el bienestar de las personas se ver\u00e1n afectados negativamente, al igual que los ecosistemas naturales. Las condiciones de sequ\u00eda probablemente se intensificar\u00e1n en la Amazonia, el noreste del Brasil, Am\u00e9rica Central, el Caribe y algunas partes de M\u00e9xico, mientras que los efectos de los huracanes podr\u00edan aumentar en Am\u00e9rica Central y el Caribe. El cambio clim\u00e1tico est\u00e1 amenazando sistemas vitales de la regi\u00f3n, como los glaciares de los Andes, los arrecifes de coral de Am\u00e9rica Central o la selva amaz\u00f3nica, cuya situaci\u00f3n est\u00e1 cerca de ser cr\u00edtica y corren el riesgo de presentar da\u00f1os irreversibles.<\/p>\n\n\n\n<p>Adem\u00e1s de los impactos de la pandemia de COVID-19, en la regi\u00f3n de Am\u00e9rica Latina y el Caribe se produjeron 175&nbsp;desastres durante el per\u00edodo 2020-2022, seg\u00fan datos de la Oficina de las Naciones Unidas para la Reducci\u00f3n del Riesgo de Desastres (UNDRR). De ellos, el 88&nbsp;% se debieron a causas meteorol\u00f3gicas, climatol\u00f3gicas o hidrol\u00f3gicas. Esos peligros fueron la causa del 40&nbsp;% de las muertes registradas debidas a desastres y del 71&nbsp;% de las p\u00e9rdidas econ\u00f3micas.<\/p>\n\n\n\n<p>Para reducir los efectos adversos de los desastres de \u00edndole clim\u00e1tica, apoyar las decisiones en materia de gesti\u00f3n de recursos y propiciar la mejora de los resultados, se necesitan servicios clim\u00e1ticos, sistemas de alerta temprana de extremo a extremo e inversiones sostenibles, pero todav\u00eda no se han desplegado adecuadamente en la regi\u00f3n de Am\u00e9rica Latina y el Caribe.<\/p>\n\n\n\n<p>Es de vital importancia reforzar la cadena de valor de los servicios clim\u00e1ticos en todos sus eslabones, incluidos los sistemas de observaci\u00f3n, los datos y su gesti\u00f3n, la mejora de los pron\u00f3sticos, el fortalecimiento de los servicios meteorol\u00f3gicos, los escenarios clim\u00e1ticos, las proyecciones y los sistemas de informaci\u00f3n clim\u00e1tica.<\/p>\n\n\n\n<h5 class=\"wp-block-heading\"><strong><em>La Organizaci\u00f3n Meteorol\u00f3gica Mundial es el portavoz autorizado<br>de las Naciones Unidas sobre el tiempo, el clima y el agua.<\/em><\/strong><\/h5>\n\n\n\n<p>public.wmo.int<\/p>\n","protected":false},"excerpt":{"rendered":"<p>La megasequ\u00eda, el deshielo de los glaciares, las precipitaciones extremas&nbsp;y la deforestaci\u00f3n acarrean graves efectos Cartagena\/Ginebra, 27 de julio de 2022 (OMM) \u2014 Los fen\u00f3menos meteorol\u00f3gicos extremos y los impactos del cambio clim\u00e1tico, como la megasequ\u00eda, las precipitaciones extremas, las olas de calor terrestres y marinas y el deshielo de los glaciares, est\u00e1n afectando a [&hellip;]<\/p>\n","protected":false},"author":1,"featured_media":129812,"comment_status":"closed","ping_status":"closed","sticky":false,"template":"","format":"standard","meta":{"_acf_changed":false,"_jetpack_memberships_contains_paid_content":false,"footnotes":"","jetpack_publicize_message":"","jetpack_publicize_feature_enabled":true,"jetpack_social_post_already_shared":true,"jetpack_social_options":{"image_generator_settings":{"template":"highway","default_image_id":0,"font":"","enabled":false},"version":2}},"categories":[6],"tags":[],"class_list":["post-129811","post","type-post","status-publish","format-standard","has-post-thumbnail","hentry","category-ecologia"],"acf":[],"jetpack_publicize_connections":[],"jetpack_featured_media_url":"https:\/\/i0.wp.com\/sportseco.com\/wp-content\/uploads\/2022\/07\/MicrosoftTeams-image_4.png-1.jpg?fit=610%2C406&ssl=1","jetpack_sharing_enabled":true,"_links":{"self":[{"href":"https:\/\/sportseco.com\/index.php?rest_route=\/wp\/v2\/posts\/129811","targetHints":{"allow":["GET"]}}],"collection":[{"href":"https:\/\/sportseco.com\/index.php?rest_route=\/wp\/v2\/posts"}],"about":[{"href":"https:\/\/sportseco.com\/index.php?rest_route=\/wp\/v2\/types\/post"}],"author":[{"embeddable":true,"href":"https:\/\/sportseco.com\/index.php?rest_route=\/wp\/v2\/users\/1"}],"replies":[{"embeddable":true,"href":"https:\/\/sportseco.com\/index.php?rest_route=%2Fwp%2Fv2%2Fcomments&post=129811"}],"version-history":[{"count":1,"href":"https:\/\/sportseco.com\/index.php?rest_route=\/wp\/v2\/posts\/129811\/revisions"}],"predecessor-version":[{"id":129813,"href":"https:\/\/sportseco.com\/index.php?rest_route=\/wp\/v2\/posts\/129811\/revisions\/129813"}],"wp:featuredmedia":[{"embeddable":true,"href":"https:\/\/sportseco.com\/index.php?rest_route=\/wp\/v2\/media\/129812"}],"wp:attachment":[{"href":"https:\/\/sportseco.com\/index.php?rest_route=%2Fwp%2Fv2%2Fmedia&parent=129811"}],"wp:term":[{"taxonomy":"category","embeddable":true,"href":"https:\/\/sportseco.com\/index.php?rest_route=%2Fwp%2Fv2%2Fcategories&post=129811"},{"taxonomy":"post_tag","embeddable":true,"href":"https:\/\/sportseco.com\/index.php?rest_route=%2Fwp%2Fv2%2Ftags&post=129811"}],"curies":[{"name":"wp","href":"https:\/\/api.w.org\/{rel}","templated":true}]}}