{"id":129817,"date":"2022-07-29T09:20:10","date_gmt":"2022-07-29T13:20:10","guid":{"rendered":"https:\/\/sportseco.com\/?p=129817"},"modified":"2022-07-29T09:20:22","modified_gmt":"2022-07-29T13:20:22","slug":"seleccion-colombia-femenina-de-mayores-prepara-final-ante-brasil","status":"publish","type":"post","link":"https:\/\/sportseco.com\/?p=129817","title":{"rendered":"SELECCI\u00d3N COLOMBIA FEMENINA DE MAYORES PREPARA FINAL ANTE BRASIL"},"content":{"rendered":"\n<p>La Selecci\u00f3n Colombia Femenina de Mayores, entren\u00f3 este jueves 28 de julio en el Colegio San Pedro Claver de Bucaramanga, donde prepara la final de la CONMEBOL Copa Am\u00e9rica 2022.<\/p>\n\n\n\n<p>El equipo nacional, hizo trabajos t\u00e1cticos y de pelota parada bajo las \u00f3rdenes de Nelson Abad\u00eda y su cuerpo t\u00e9cnico. Este viernes, regresar\u00e1 al campo para realizar su \u00faltima pr\u00e1ctica antes del \u00faltimo juego del certamen.<\/p>\n\n\n\n<p>La pr\u00e1ctica ser\u00e1 en el mismo lugar a las 9:00am, con atenci\u00f3n a prensa a las 8:45am.<\/p>\n\n\n\n<p><\/p>\n\n\n\n<p>fcf.com.co<\/p>\n","protected":false},"excerpt":{"rendered":"<p>La Selecci\u00f3n Colombia Femenina de Mayores, entren\u00f3 este jueves 28 de julio en el Colegio San Pedro Claver de Bucaramanga, donde prepara la final de la CONMEBOL Copa Am\u00e9rica 2022. El equipo nacional, hizo trabajos t\u00e1cticos y de pelota parada bajo las \u00f3rdenes de Nelson Abad\u00eda y su cuerpo t\u00e9cnico. Este viernes, regresar\u00e1 al campo [&hellip;]<\/p>\n","protected":false},"author":1,"featured_media":129818,"comment_status":"closed","ping_status":"closed","sticky":false,"template":"","format":"standard","meta":{"_acf_changed":false,"_jetpack_memberships_contains_paid_content":false,"footnotes":"","jetpack_publicize_message":"","jetpack_publicize_feature_enabled":true,"jetpack_social_post_already_shared":true,"jetpack_social_options":{"image_generator_settings":{"template":"highway","default_image_id":0,"font":"","enabled":false},"version":2}},"categories":[5],"tags":[],"class_list":["post-129817","post","type-post","status-publish","format-standard","has-post-thumbnail","hentry","category-futbol"],"acf":[],"jetpack_publicize_connections":[],"jetpack_featured_media_url":"https:\/\/i0.wp.com\/sportseco.com\/wp-content\/uploads\/2022\/07\/WhatsApp-Image-2022-07-28-at-12.11.51-PM-1170x650-1.jpg?fit=1170%2C650&ssl=1","jetpack_sharing_enabled":true,"_links":{"self":[{"href":"https:\/\/sportseco.com\/index.php?rest_route=\/wp\/v2\/posts\/129817","targetHints":{"allow":["GET"]}}],"collection":[{"href":"https:\/\/sportseco.com\/index.php?rest_route=\/wp\/v2\/posts"}],"about":[{"href":"https:\/\/sportseco.com\/index.php?rest_route=\/wp\/v2\/types\/post"}],"author":[{"embeddable":true,"href":"https:\/\/sportseco.com\/index.php?rest_route=\/wp\/v2\/users\/1"}],"replies":[{"embeddable":true,"href":"https:\/\/sportseco.com\/index.php?rest_route=%2Fwp%2Fv2%2Fcomments&post=129817"}],"version-history":[{"count":1,"href":"https:\/\/sportseco.com\/index.php?rest_route=\/wp\/v2\/posts\/129817\/revisions"}],"predecessor-version":[{"id":129819,"href":"https:\/\/sportseco.com\/index.php?rest_route=\/wp\/v2\/posts\/129817\/revisions\/129819"}],"wp:featuredmedia":[{"embeddable":true,"href":"https:\/\/sportseco.com\/index.php?rest_route=\/wp\/v2\/media\/129818"}],"wp:attachment":[{"href":"https:\/\/sportseco.com\/index.php?rest_route=%2Fwp%2Fv2%2Fmedia&parent=129817"}],"wp:term":[{"taxonomy":"category","embeddable":true,"href":"https:\/\/sportseco.com\/index.php?rest_route=%2Fwp%2Fv2%2Fcategories&post=129817"},{"taxonomy":"post_tag","embeddable":true,"href":"https:\/\/sportseco.com\/index.php?rest_route=%2Fwp%2Fv2%2Ftags&post=129817"}],"curies":[{"name":"wp","href":"https:\/\/api.w.org\/{rel}","templated":true}]}}