{"id":129858,"date":"2022-07-31T14:43:24","date_gmt":"2022-07-31T18:43:24","guid":{"rendered":"https:\/\/sportseco.com\/?p=129858"},"modified":"2022-07-31T14:43:34","modified_gmt":"2022-07-31T18:43:34","slug":"juan-camilo-ramirez-subcampeon-mundial-sub-23-de-bmx-en-nantes-2022","status":"publish","type":"post","link":"https:\/\/sportseco.com\/?p=129858","title":{"rendered":"Juan Camilo Ram\u00edrez, subcampe\u00f3n mundial sub-23 de BMX en Nantes 2022"},"content":{"rendered":"\n<p>El ciclista antioque\u00f1o Juan Camilo Ram\u00edrez se adjudic\u00f3 la medalla de plata en la categor\u00eda Sub-23 del World Championship, en el Campeonato Mundial de BMX Nantes 2022, que finaliz\u00f3 este domingo en territorio franc\u00e9s.<\/p>\n\n\n\n<p>El colombiano hab\u00eda iniciado la jornada dominical con un cuarto puesto en el segundo heat de los cuartos de final, que le permiti\u00f3 clasificarse a las semifinales de la prueba.<\/p>\n\n\n\n<p>En las semifinales, el deportista apoyado por el Proyecto Avanzado de Desarrollo en BMX (PAD) se ubic\u00f3 nuevamente en el cuarto lugar de su respectivo heat, lo que lo clasific\u00f3 a la final de su categor\u00eda.<\/p>\n\n\n\n<p>Ya en la final, Ram\u00edrez realiz\u00f3 una salida limpia que lo llev\u00f3 a ubicarse en el tercer lugar en la primera curva, hasta promediando la mitad de la carrera, en la que logr\u00f3 superar al chileno Mauricio Molina, para ponerse en el segundo lugar, en el que finalmente terminar\u00eda la prueba, adjudic\u00e1ndose la medalla de plata que lo acredita como el subcampe\u00f3n mundial Sub-23 en Nantes.https:\/\/www.instagram.com\/tv\/CgrVmupjbJL\/embed\/captioned\/?cr=1&amp;v=14&amp;wp=540&amp;rd=http%3A%2F%2Fwww.federacioncolombianadeciclismo.com&amp;rp=%2Fbmx%2Fjuan-camilo-ramirez-subcampeon-mundial-sub-23-de-bmx-en-nantes-2022%2F#%7B%22ci%22%3A0%2C%22os%22%3A2699%2C%22ls%22%3A2650%2C%22le%22%3A2665%7D<\/p>\n\n\n\n<p>El ganador y campe\u00f3n de la categor\u00eda fue el bicicrossista franc\u00e9s Leo Garoyan, mientras que el podio fue completado por Nakai Asuma, de Jap\u00f3n.<\/p>\n\n\n\n<p>Durante la jornada se destacan adem\u00e1s las clasificaciones a la final de la triple medallista ol\u00edmpica Mariana Paj\u00f3n, que finaliz\u00f3 quinta en la categor\u00eda \u00e9lite femenina; y de los junior Isabela Carranza y Santiago Santa Moreno (ambos apoyados por el PAD), que finalizaron en el sexto y s\u00e9ptimo lugar, respectivamente.<\/p>\n\n\n\n<p>Estos fueron los resultados de los colombianos que se clasificaron a las finales de la World Championship, en Nantes 2022:<\/p>\n\n\n\n<p><strong>Sub-23 Varones<\/strong><\/p>\n\n\n\n<p>Leo Garoyan (FRA)\u00a0<br><strong>Juan Camilo Ram\u00edrez Valencia (COL)<\/strong>\u00a0<br>Nakai Asuma (JAP)\u00a0<\/p>\n\n\n\n<p><strong>\u00c9lite Damas<\/strong><\/p>\n\n\n\n<p>Felicia Stancil (USA)\u00a0<br>Zoe Claessens (SUI)\u00a0<br>Merel Smulders (NED)\u00a0<br>\u00a0<strong>Mariana Paj\u00f3n<\/strong>\u00a0<strong>(COL)<\/strong>\u00a0<\/p>\n\n\n\n<p><strong>Junior damas<\/strong><\/p>\n\n\n\n<p>Lea Brindjonc (FRA)\u00a0<br>Veronika Struriska (LET)\u00a0<br>Sabina Kosarkova (CZE)\u00a0<br>\u00a0<strong>Isabela Carranza<\/strong>\u00a0<strong>(COL)<\/strong>\u00a0<\/p>\n\n\n\n<p><strong>Junior Varones<\/strong><\/p>\n\n\n\n<p>Julian Bijsterbosch (NED)\u00a0<br>Jaymio Brink (NED)\u00a0<br>Wannes Magdelijns (BEL)\u00a0<br>\u00a0<strong>Santiago Santa Moreno (COL)<\/strong>\u00a0<\/p>\n\n\n\n<p><\/p>\n\n\n\n<p>federacioncolombianadeciclismo.com<\/p>\n","protected":false},"excerpt":{"rendered":"<p>El ciclista antioque\u00f1o Juan Camilo Ram\u00edrez se adjudic\u00f3 la medalla de plata en la categor\u00eda Sub-23 del World Championship, en el Campeonato Mundial de BMX Nantes 2022, que finaliz\u00f3 este domingo en territorio franc\u00e9s. El colombiano hab\u00eda iniciado la jornada dominical con un cuarto puesto en el segundo heat de los cuartos de final, que [&hellip;]<\/p>\n","protected":false},"author":1,"featured_media":129859,"comment_status":"closed","ping_status":"closed","sticky":false,"template":"","format":"standard","meta":{"_acf_changed":false,"_jetpack_memberships_contains_paid_content":false,"footnotes":"","jetpack_publicize_message":"","jetpack_publicize_feature_enabled":true,"jetpack_social_post_already_shared":true,"jetpack_social_options":{"image_generator_settings":{"template":"highway","default_image_id":0,"font":"","enabled":false},"version":2}},"categories":[14],"tags":[],"class_list":["post-129858","post","type-post","status-publish","format-standard","has-post-thumbnail","hentry","category-ciclismo"],"acf":[],"jetpack_publicize_connections":[],"jetpack_featured_media_url":"https:\/\/i0.wp.com\/sportseco.com\/wp-content\/uploads\/2022\/07\/FY_5TQ5XEAYKwPE-1.jpg?fit=1623%2C1080&ssl=1","jetpack_sharing_enabled":true,"_links":{"self":[{"href":"https:\/\/sportseco.com\/index.php?rest_route=\/wp\/v2\/posts\/129858","targetHints":{"allow":["GET"]}}],"collection":[{"href":"https:\/\/sportseco.com\/index.php?rest_route=\/wp\/v2\/posts"}],"about":[{"href":"https:\/\/sportseco.com\/index.php?rest_route=\/wp\/v2\/types\/post"}],"author":[{"embeddable":true,"href":"https:\/\/sportseco.com\/index.php?rest_route=\/wp\/v2\/users\/1"}],"replies":[{"embeddable":true,"href":"https:\/\/sportseco.com\/index.php?rest_route=%2Fwp%2Fv2%2Fcomments&post=129858"}],"version-history":[{"count":1,"href":"https:\/\/sportseco.com\/index.php?rest_route=\/wp\/v2\/posts\/129858\/revisions"}],"predecessor-version":[{"id":129860,"href":"https:\/\/sportseco.com\/index.php?rest_route=\/wp\/v2\/posts\/129858\/revisions\/129860"}],"wp:featuredmedia":[{"embeddable":true,"href":"https:\/\/sportseco.com\/index.php?rest_route=\/wp\/v2\/media\/129859"}],"wp:attachment":[{"href":"https:\/\/sportseco.com\/index.php?rest_route=%2Fwp%2Fv2%2Fmedia&parent=129858"}],"wp:term":[{"taxonomy":"category","embeddable":true,"href":"https:\/\/sportseco.com\/index.php?rest_route=%2Fwp%2Fv2%2Fcategories&post=129858"},{"taxonomy":"post_tag","embeddable":true,"href":"https:\/\/sportseco.com\/index.php?rest_route=%2Fwp%2Fv2%2Ftags&post=129858"}],"curies":[{"name":"wp","href":"https:\/\/api.w.org\/{rel}","templated":true}]}}