{"id":129915,"date":"2022-08-02T09:03:55","date_gmt":"2022-08-02T13:03:55","guid":{"rendered":"https:\/\/sportseco.com\/?p=129915"},"modified":"2022-08-02T09:04:12","modified_gmt":"2022-08-02T13:04:12","slug":"experto-del-ieo-asegura-que-los-30o-en-el-mediterraneo-es-record-y-podria-haber-anomalia-debajo-de-lo-normal","status":"publish","type":"post","link":"https:\/\/sportseco.com\/?p=129915","title":{"rendered":"Experto del IEO asegura que los 30\u00ba en el Mediterr\u00e1neo es r\u00e9cord y podr\u00eda haber anomal\u00eda debajo de lo normal"},"content":{"rendered":"\n<p id=\"primero\">El f\u00edsico del Instituto Espa\u00f1ol de Oceanograf\u00eda (IEO) Manuel Vargas ha dicho a EFE que los 30\u00ba cent\u00edgrados registrados en la superficie del mar Mediterr\u00e1neo en la zona que va de Murcia a Baleares es una temperatura r\u00e9cord, pero explic\u00f3 que una vez pase la ola de calor marino incluso podr\u00eda registrase una anomal\u00eda por debajo de lo normal.<\/p>\n\n\n\n<p>La temperatura normal en esa zona es de entre 26 y 27 grados, que puede subir hasta los 28 en a\u00f1os c\u00e1lidos o bajar a 26\u00ba en a\u00f1os fr\u00edos, pero los 30 registrados por sat\u00e9lite estos d\u00edas que en boyas de Puertos del Estado se han quedado en 29\u00ba es algo que \u00abnunca antes hab\u00eda ocurrido\u00bb y supone un fen\u00f3meno puntual en esta ola de calor marina en esta \u00e9poca del a\u00f1o.<\/p>\n\n\n\n<h2 class=\"wp-block-heading\">Temperaturas cada vez m\u00e1s altas<\/h2>\n\n\n\n<p>Indic\u00f3 que cada siglo la&nbsp;<strong>temperatura de la superficie del mar Mediterr\u00e1neo sube un grado, y que en las profundidades sube unas d\u00e9cimas, de 12,7 a 12,8,<\/strong>&nbsp;porque all\u00ed es tal el volumen de agua que el incremento es menor que el que se est\u00e1 registrando en la superficie, pero advirti\u00f3 que a\u00fan siendo m\u00ednima, es mas preocupante porque implica a largo plazo que pueda dilatarse e incrementar el volumen, con la consiguiente subida del nivel del mar.<\/p>\n\n\n\n<p>Al margen de este incremento puntual de la temperatura, lo que m\u00e1s preocupa a los expertos es una tendencia subyacente registrada en los \u00faltimos a\u00f1os que indica que cada vez las temperaturas del mar son mas altas.<\/p>\n\n\n\n<blockquote class=\"wp-block-quote is-layout-flow wp-block-quote-is-layout-flow\"><p>En el caso del Mediterr\u00e1neo adem\u00e1s de la temperatura se ha observado el incremento de la<strong>&nbsp;salinidad.<\/strong><\/p><\/blockquote>\n\n\n\n<p>El IEO realiza cuatro veces al a\u00f1o campa\u00f1as de medici\u00f3n en el Mediterr\u00e1neo en las que, adem\u00e1s de temperatura y salinidad, observan variables qu\u00edmicas y biol\u00f3gicas como la concentraci\u00f3n de nutrientes (nitr\u00f3geno, f\u00f3sforo o silicio).<\/p>\n\n\n\n<p>Tienen mediciones desde 1992 y arqueolog\u00eda de datos desde 1914 en que se fund\u00f3 esta instituci\u00f3n, siendo los m\u00e1s fiables los que se midieron desde 1945. EFEverde<\/p>\n","protected":false},"excerpt":{"rendered":"<p>El f\u00edsico del Instituto Espa\u00f1ol de Oceanograf\u00eda (IEO) Manuel Vargas ha dicho a EFE que los 30\u00ba cent\u00edgrados registrados en la superficie del mar Mediterr\u00e1neo en la zona que va de Murcia a Baleares es una temperatura r\u00e9cord, pero explic\u00f3 que una vez pase la ola de calor marino incluso podr\u00eda registrase una anomal\u00eda por [&hellip;]<\/p>\n","protected":false},"author":1,"featured_media":129916,"comment_status":"closed","ping_status":"closed","sticky":false,"template":"","format":"standard","meta":{"_acf_changed":false,"_jetpack_memberships_contains_paid_content":false,"footnotes":"","jetpack_publicize_message":"","jetpack_publicize_feature_enabled":true,"jetpack_social_post_already_shared":true,"jetpack_social_options":{"image_generator_settings":{"template":"highway","default_image_id":0,"font":"","enabled":false},"version":2}},"categories":[6],"tags":[],"class_list":["post-129915","post","type-post","status-publish","format-standard","has-post-thumbnail","hentry","category-ecologia"],"acf":[],"jetpack_publicize_connections":[],"jetpack_featured_media_url":"https:\/\/i0.wp.com\/sportseco.com\/wp-content\/uploads\/2022\/08\/8011302784001-scaled-3-1536x1024-1.jpg?fit=1536%2C1024&ssl=1","jetpack_sharing_enabled":true,"_links":{"self":[{"href":"https:\/\/sportseco.com\/index.php?rest_route=\/wp\/v2\/posts\/129915","targetHints":{"allow":["GET"]}}],"collection":[{"href":"https:\/\/sportseco.com\/index.php?rest_route=\/wp\/v2\/posts"}],"about":[{"href":"https:\/\/sportseco.com\/index.php?rest_route=\/wp\/v2\/types\/post"}],"author":[{"embeddable":true,"href":"https:\/\/sportseco.com\/index.php?rest_route=\/wp\/v2\/users\/1"}],"replies":[{"embeddable":true,"href":"https:\/\/sportseco.com\/index.php?rest_route=%2Fwp%2Fv2%2Fcomments&post=129915"}],"version-history":[{"count":1,"href":"https:\/\/sportseco.com\/index.php?rest_route=\/wp\/v2\/posts\/129915\/revisions"}],"predecessor-version":[{"id":129917,"href":"https:\/\/sportseco.com\/index.php?rest_route=\/wp\/v2\/posts\/129915\/revisions\/129917"}],"wp:featuredmedia":[{"embeddable":true,"href":"https:\/\/sportseco.com\/index.php?rest_route=\/wp\/v2\/media\/129916"}],"wp:attachment":[{"href":"https:\/\/sportseco.com\/index.php?rest_route=%2Fwp%2Fv2%2Fmedia&parent=129915"}],"wp:term":[{"taxonomy":"category","embeddable":true,"href":"https:\/\/sportseco.com\/index.php?rest_route=%2Fwp%2Fv2%2Fcategories&post=129915"},{"taxonomy":"post_tag","embeddable":true,"href":"https:\/\/sportseco.com\/index.php?rest_route=%2Fwp%2Fv2%2Ftags&post=129915"}],"curies":[{"name":"wp","href":"https:\/\/api.w.org\/{rel}","templated":true}]}}