{"id":129956,"date":"2022-08-03T09:45:11","date_gmt":"2022-08-03T13:45:11","guid":{"rendered":"https:\/\/sportseco.com\/?p=129956"},"modified":"2022-08-03T09:45:24","modified_gmt":"2022-08-03T13:45:24","slug":"el-mundo-debe-prepararse-para-un-posible-final-climatico-advierten-los-expertos","status":"publish","type":"post","link":"https:\/\/sportseco.com\/?p=129956","title":{"rendered":"El mundo debe prepararse para un posible \u00abfinal clim\u00e1tico\u00bb, advierten los expertos"},"content":{"rendered":"\n<p><strong>El calentamiento global podr\u00eda llegar a ser \u00abcatastr\u00f3fico\u00bb para la humanidad si el aumento de la temperatura es peor de lo que muchos predicen o si provoca una cascada de acontecimientos a\u00fan no considerados, o ambas cosas. \u00abEl mundo debe empezar a prepararse para la posibilidad de un &#8216;final clim\u00e1tico'\u00bb<br>.<\/strong><br>As\u00ed lo afirma un equipo internacional de investigadores dirigido por la Universidad de Cambridge, que propone una agenda para afrontar los peores escenarios. Estos incluyen resultados que van desde la p\u00e9rdida del 10% de la poblaci\u00f3n mundial hasta la eventual extinci\u00f3n humana.<\/p>\n\n\n\n<p>En concreto, en un art\u00edculo publicado en la revista PNAS, piden al Grupo Intergubernamental de Expertos sobre el Cambio Clim\u00e1tico (IPCC) que dedique un futuro informe al cambio clim\u00e1tico catastr\u00f3fico para impulsar la investigaci\u00f3n e informar al p\u00fablico.<\/p>\n\n\n\n<p>\u00abHay muchas razones para creer que el cambio clim\u00e1tico puede llegar a ser catastr\u00f3fico, incluso con niveles modestos de calentamiento\u00bb, se\u00f1ala el autor principal Luke Kemp.<\/p>\n\n\n\n<p>\u00abEste ha desempe\u00f1ado un papel en todos los casos de extinci\u00f3n masiva, ha contribuido a la ca\u00edda de imperios y ha dado forma a la historia. Incluso el mundo moderno parece estar adaptado a un nicho clim\u00e1tico concreto\u00bb, afirma.<\/p>\n\n\n\n<p>\u00abLos caminos hacia el desastre no se limitan a los impactos directos de las altas temperaturas, como los fen\u00f3menos meteorol\u00f3gicos extremos. Los efectos en cadena, como las crisis financieras, los conflictos y nuevos brotes de enfermedades, podr\u00edan desencadenar otras calamidades e impedir la recuperaci\u00f3n de posibles cat\u00e1strofes, como una guerra nuclear\u00bb.<\/p>\n\n\n\n<p>La modelizaci\u00f3n realizada por el equipo muestra que las zonas de calor extremo (una temperatura media anual de m\u00e1s de 29 grados) podr\u00edan alcanzar a dos mil millones de personas en 2070; estas zonas no solo son algunas de las m\u00e1s densamente pobladas, sino tambi\u00e9n de las m\u00e1s fr\u00e1giles pol\u00edticamente.<\/p>\n\n\n\n<p>\u00abLas temperaturas medias anuales de 29 grados afectan actualmente a unos 30 millones de personas en el S\u00e1hara y la Costa del Golfo\u00bb, detalla Chi Xu, de la Universidad de Nanjing.<\/p>\n\n\n\n<p>\u00abEn 2070, estas temperaturas y las consecuencias sociales y pol\u00edticas afectar\u00e1n directamente a dos potencias nucleares y a siete laboratorios de m\u00e1xima contenci\u00f3n que albergan los pat\u00f3genos m\u00e1s peligrosos. Hay grandes posibilidades de que se produzcan efectos colaterales desastrosos\u00bb, dice.<\/p>\n\n\n\n<p>El informe del IPCC del a\u00f1o pasado suger\u00eda que si el CO2 atmosf\u00e9rico se duplica con respecto a los niveles preindustriales -algo hacia lo que el planeta est\u00e1 a medio camino-, existe aproximadamente un 18% de posibilidades de que las temperaturas aumenten m\u00e1s all\u00e1 de 4,5 grados.<\/p>\n\n\n\n<p>Sin embargo, los escenarios de temperaturas extremas est\u00e1n \u00abinfraexplorados en relaci\u00f3n con su probabilidad\u00bb.<\/p>\n\n\n\n<p>El equipo responsable del art\u00edculo de PNAS propone una agenda de investigaci\u00f3n que incluye lo que denominan los \u00abcuatro jinetes\u00bb del fin del clima: la hambruna y la malnutrici\u00f3n, el clima extremo, los conflictos y las enfermedades transmitidas por vectores.<\/p>\n\n\n\n<p>El aumento de las temperaturas supone una gran amenaza para el suministro de alimentos a nivel mundial y podr\u00eda crear las condiciones para nuevos brotes de enfermedades a medida que los h\u00e1bitats de las personas y de la vida silvestre cambian y se reducen.<\/p>\n\n\n\n<p>Para la cient\u00edfica Kristie Ebi, de la Universidad de Washington, \u00abnecesitamos un esfuerzo interdisciplinar para entender c\u00f3mo el cambio clim\u00e1tico podr\u00eda desencadenar la morbilidad y mortalidad masiva de los humanos\u00bb.<\/p>\n\n\n\n<p>Adem\u00e1s, el colapso del clima probablemente exacerbar\u00eda otras amenazas: desde el aumento de la desigualdad y la desinformaci\u00f3n hasta el colapso democr\u00e1tico e incluso nuevas formas de arsenal destructivo de inteligencia artificial.<\/p>\n\n\n\n<p>Llu\u00eds Brotons, investigador del CSIC en el Centro de Investigaci\u00f3n Ecol\u00f3gica y Aplicaciones Forestales (CREAF), Espa\u00f1a, se\u00f1ala que el estudio \u00abpone el dedo en la llaga del realismo y del sentido de precauci\u00f3n\u00bb.<\/p>\n\n\n\n<p>\u00abNos plantea la necesidad de evaluar las implicaciones de este tipo de escenarios de una manera mucho m\u00e1s seria de lo que hemos hecho hasta ahora, por ejemplo, mediante una evaluaci\u00f3n espec\u00edfica del IPCC\u00bb, a\u00f1ade a Science Media Centre Espa\u00f1a el cient\u00edfico, quien no participa en el estudio. EFE<br>ngg\/icn<\/p>\n\n\n\n<p><\/p>\n\n\n\n<p>efeverde.com<\/p>\n","protected":false},"excerpt":{"rendered":"<p>El calentamiento global podr\u00eda llegar a ser \u00abcatastr\u00f3fico\u00bb para la humanidad si el aumento de la temperatura es peor de lo que muchos predicen o si provoca una cascada de acontecimientos a\u00fan no considerados, o ambas cosas. \u00abEl mundo debe empezar a prepararse para la posibilidad de un &#8216;final clim\u00e1tico&#8217;\u00bb.As\u00ed lo afirma un equipo internacional [&hellip;]<\/p>\n","protected":false},"author":1,"featured_media":129957,"comment_status":"closed","ping_status":"closed","sticky":false,"template":"","format":"standard","meta":{"_acf_changed":false,"_jetpack_memberships_contains_paid_content":false,"footnotes":"","jetpack_publicize_message":"","jetpack_publicize_feature_enabled":true,"jetpack_social_post_already_shared":true,"jetpack_social_options":{"image_generator_settings":{"template":"highway","default_image_id":0,"font":"","enabled":false},"version":2}},"categories":[6],"tags":[],"class_list":["post-129956","post","type-post","status-publish","format-standard","has-post-thumbnail","hentry","category-ecologia"],"acf":[],"jetpack_publicize_connections":[],"jetpack_featured_media_url":"https:\/\/i0.wp.com\/sportseco.com\/wp-content\/uploads\/2022\/08\/Todos-a-la-parrilla-por-%40visoor-en-la-vinetaverde-en-%40efeverde.jpg?fit=1213%2C913&ssl=1","jetpack_sharing_enabled":true,"_links":{"self":[{"href":"https:\/\/sportseco.com\/index.php?rest_route=\/wp\/v2\/posts\/129956","targetHints":{"allow":["GET"]}}],"collection":[{"href":"https:\/\/sportseco.com\/index.php?rest_route=\/wp\/v2\/posts"}],"about":[{"href":"https:\/\/sportseco.com\/index.php?rest_route=\/wp\/v2\/types\/post"}],"author":[{"embeddable":true,"href":"https:\/\/sportseco.com\/index.php?rest_route=\/wp\/v2\/users\/1"}],"replies":[{"embeddable":true,"href":"https:\/\/sportseco.com\/index.php?rest_route=%2Fwp%2Fv2%2Fcomments&post=129956"}],"version-history":[{"count":1,"href":"https:\/\/sportseco.com\/index.php?rest_route=\/wp\/v2\/posts\/129956\/revisions"}],"predecessor-version":[{"id":129958,"href":"https:\/\/sportseco.com\/index.php?rest_route=\/wp\/v2\/posts\/129956\/revisions\/129958"}],"wp:featuredmedia":[{"embeddable":true,"href":"https:\/\/sportseco.com\/index.php?rest_route=\/wp\/v2\/media\/129957"}],"wp:attachment":[{"href":"https:\/\/sportseco.com\/index.php?rest_route=%2Fwp%2Fv2%2Fmedia&parent=129956"}],"wp:term":[{"taxonomy":"category","embeddable":true,"href":"https:\/\/sportseco.com\/index.php?rest_route=%2Fwp%2Fv2%2Fcategories&post=129956"},{"taxonomy":"post_tag","embeddable":true,"href":"https:\/\/sportseco.com\/index.php?rest_route=%2Fwp%2Fv2%2Ftags&post=129956"}],"curies":[{"name":"wp","href":"https:\/\/api.w.org\/{rel}","templated":true}]}}