{"id":129971,"date":"2022-08-03T16:13:39","date_gmt":"2022-08-03T20:13:39","guid":{"rendered":"https:\/\/sportseco.com\/?p=129971"},"modified":"2022-08-03T16:13:50","modified_gmt":"2022-08-03T20:13:50","slug":"convocatoria-seleccion-colombia-femenina-sub-20-para-el-mundial-de-costa-rica","status":"publish","type":"post","link":"https:\/\/sportseco.com\/?p=129971","title":{"rendered":"CONVOCATORIA SELECCI\u00d3N COLOMBIA FEMENINA SUB-20 PARA EL MUNDIAL DE COSTA RICA"},"content":{"rendered":"\n<p>Carlos Paniagua, director t\u00e9cnico de la Selecci\u00f3n Colombia Femenina Sub-20 dio a conocer los nombres de las 21 jugadoras que disputar\u00e1n la Copa Mundial de la FIFA Femenina de la categor\u00eda que se llevar\u00e1 a cabo del 10 al 28 de agosto del 2022 en Costa Rica.<\/p>\n\n\n\n<p>El equipo colombiano viajar\u00e1 este mi\u00e9rcoles 3 de agosto a territorio costarricense donde ultimar\u00e1 detalles para su participaci\u00f3n en el torneo. A continuaci\u00f3n la lista de jugadoras y cuerpo t\u00e9cnico que conforman esta selecci\u00f3n nacional:<\/p>\n\n\n\n<p><strong>JUGADORAS<\/strong><\/p>\n\n\n\n<ol class=\"wp-block-list\"><li>ANA MAR\u00cdA GUZM\u00c1N ZAPATA \u2013 Deportivo Pereira<\/li><li>\u00c1NGELA DANIELA BAR\u00d3N -D`Feeters Kicks (USA)<\/li><li>GABRIELA RODR\u00cdGUEZ SALAZAR \u2013 Am\u00e9rica de Cali<\/li><li>GISELA ROBLEDO GIL \u2013 UDG Tenerife (ESP)<\/li><li>ILANA IZQUIERDO ZANGER \u2013 University of Southern Mississipi (USA)<\/li><li>INGRID YOBANA GUERRA MENESES \u2013 Deportivo Cali<\/li><li>JUANA SOF\u00cdA ORTEG\u00d3N GIRALDO \u2013 Deportivo Cali<\/li><li>KARLA DAYANA TORRES GARC\u00cdA \u2013 Independiente Santa Fe<\/li><li>KELLY JOHANA CAICEDO ALEGR\u00cdA \u2013 Deportivo Cali<\/li><li>LINDA LIZETH CAICEDO ALEGR\u00cdA \u2013 Deportivo Cali<\/li><li>MAR\u00cdA CAMILA REYES CALDER\u00d3N \u2013 Independiente Santa Fe<\/li><li>MARIANA MU\u00d1OZ RAM\u00cdREZ \u2013 Atl\u00e9tico Nacional<\/li><li>MARY JOS\u00c9 \u00c1LVAREZ ESPITALETA \u2013 Formas \u00cdntimas (Liga Antioquia)<\/li><li>NATALIA GIRALDO ALZATE \u2013 Am\u00e9rica de Cali<\/li><li>LICED CAROLINA SERNA FL\u00d3REZ \u2013 Valencia F.C (ESP)<\/li><li>STEFAN\u00cdA PERLAZA PERLAZA \u2013 Deportivo Cali<\/li><li>VALENTINA GONZ\u00c1LEZ SOTO \u2013 Equidad<\/li><li>VALERY RESTREPO R\u00cdOS \u2013 Formas \u00cdntimas (Liga Antioquia)<\/li><li>WENDY KATERINE BONILLA CANDELO \u2013 Am\u00e9rica de Cali<\/li><li>YIRLEIDYS QUEJADA MINOTA \u2013 Formas \u00cdntimas (Liga Antioquia)<\/li><li>YUNAIRA JESSELY L\u00d3PEZ MORENO \u2013 Formas \u00cdntimas (Liga Antioquia)<\/li><\/ol>\n\n\n\n<p><strong>CUERPO T\u00c9CNICO&nbsp;&nbsp;&nbsp;&nbsp;&nbsp;&nbsp;&nbsp;&nbsp;&nbsp;&nbsp;&nbsp;&nbsp;&nbsp;&nbsp;&nbsp;&nbsp;&nbsp;&nbsp;&nbsp;&nbsp;&nbsp;&nbsp;&nbsp;&nbsp;&nbsp;&nbsp;&nbsp;&nbsp;&nbsp;&nbsp;&nbsp;&nbsp;&nbsp;&nbsp;&nbsp;&nbsp;&nbsp;&nbsp;&nbsp;&nbsp;&nbsp;&nbsp;&nbsp;&nbsp;&nbsp;&nbsp;&nbsp;&nbsp;&nbsp;&nbsp;&nbsp;&nbsp;&nbsp;&nbsp;&nbsp;&nbsp;&nbsp;&nbsp;&nbsp;&nbsp;&nbsp;&nbsp;&nbsp;&nbsp;&nbsp;&nbsp;&nbsp;&nbsp;&nbsp;&nbsp;&nbsp;&nbsp;&nbsp;&nbsp;&nbsp;&nbsp;&nbsp;&nbsp;&nbsp;&nbsp;&nbsp;&nbsp;&nbsp;&nbsp;&nbsp;&nbsp;&nbsp;&nbsp;&nbsp;&nbsp;&nbsp;&nbsp;&nbsp;<\/strong><\/p>\n\n\n\n<ul class=\"wp-block-list\"><li>CARLOS ALBERTO PANIAGUA MAZO \u2013 Director T\u00e9cnico<\/li><li>MICHAEL FLOREZ VALLE \u2013 Asistente T\u00e9cnico<\/li><li>VIVIANA CARDONA VALENCIA \u2013 Preparadora F\u00edsica<\/li><li>CARLOS ALBERTO P\u00c9REZ GUTI\u00c9RREZ \u2013 Preparador Arqueras<\/li><li>LUIS ALBERTO PIRAGAUTA ARDILA \u2013 M\u00e9dico<\/li><li>MONICA ARANZAZU TORO \u2013 Fisioterapeuta<\/li><li>HEINAR ZORRILLA \u2013 Fisioterapeuta<\/li><li>RAFAEL ZABARA\u00cdN PINTO \u2013 Psic\u00f3logo<\/li><li>JORGE ROZO BARRIOS \u2013 Videoanalista<\/li><li>MAURICIO RUBIO TABARES \u2013 Utilero<\/li><\/ul>\n\n\n\n<p>fcf.com.co<\/p>\n","protected":false},"excerpt":{"rendered":"<p>Carlos Paniagua, director t\u00e9cnico de la Selecci\u00f3n Colombia Femenina Sub-20 dio a conocer los nombres de las 21 jugadoras que disputar\u00e1n la Copa Mundial de la FIFA Femenina de la categor\u00eda que se llevar\u00e1 a cabo del 10 al 28 de agosto del 2022 en Costa Rica. El equipo colombiano viajar\u00e1 este mi\u00e9rcoles 3 de [&hellip;]<\/p>\n","protected":false},"author":1,"featured_media":129972,"comment_status":"closed","ping_status":"closed","sticky":false,"template":"","format":"standard","meta":{"_acf_changed":false,"_jetpack_memberships_contains_paid_content":false,"footnotes":"","jetpack_publicize_message":"","jetpack_publicize_feature_enabled":true,"jetpack_social_post_already_shared":true,"jetpack_social_options":{"image_generator_settings":{"template":"highway","default_image_id":0,"font":"","enabled":false},"version":2}},"categories":[5],"tags":[],"class_list":["post-129971","post","type-post","status-publish","format-standard","has-post-thumbnail","hentry","category-futbol"],"acf":[],"jetpack_publicize_connections":[],"jetpack_featured_media_url":"https:\/\/i0.wp.com\/sportseco.com\/wp-content\/uploads\/2022\/08\/Mundial-Femenino-Sub-20-1170x650-1.png?fit=1170%2C650&ssl=1","jetpack_sharing_enabled":true,"_links":{"self":[{"href":"https:\/\/sportseco.com\/index.php?rest_route=\/wp\/v2\/posts\/129971","targetHints":{"allow":["GET"]}}],"collection":[{"href":"https:\/\/sportseco.com\/index.php?rest_route=\/wp\/v2\/posts"}],"about":[{"href":"https:\/\/sportseco.com\/index.php?rest_route=\/wp\/v2\/types\/post"}],"author":[{"embeddable":true,"href":"https:\/\/sportseco.com\/index.php?rest_route=\/wp\/v2\/users\/1"}],"replies":[{"embeddable":true,"href":"https:\/\/sportseco.com\/index.php?rest_route=%2Fwp%2Fv2%2Fcomments&post=129971"}],"version-history":[{"count":1,"href":"https:\/\/sportseco.com\/index.php?rest_route=\/wp\/v2\/posts\/129971\/revisions"}],"predecessor-version":[{"id":129973,"href":"https:\/\/sportseco.com\/index.php?rest_route=\/wp\/v2\/posts\/129971\/revisions\/129973"}],"wp:featuredmedia":[{"embeddable":true,"href":"https:\/\/sportseco.com\/index.php?rest_route=\/wp\/v2\/media\/129972"}],"wp:attachment":[{"href":"https:\/\/sportseco.com\/index.php?rest_route=%2Fwp%2Fv2%2Fmedia&parent=129971"}],"wp:term":[{"taxonomy":"category","embeddable":true,"href":"https:\/\/sportseco.com\/index.php?rest_route=%2Fwp%2Fv2%2Fcategories&post=129971"},{"taxonomy":"post_tag","embeddable":true,"href":"https:\/\/sportseco.com\/index.php?rest_route=%2Fwp%2Fv2%2Ftags&post=129971"}],"curies":[{"name":"wp","href":"https:\/\/api.w.org\/{rel}","templated":true}]}}