{"id":129990,"date":"2022-08-04T07:39:04","date_gmt":"2022-08-04T11:39:04","guid":{"rendered":"https:\/\/sportseco.com\/?p=129990"},"modified":"2022-08-04T07:39:12","modified_gmt":"2022-08-04T11:39:12","slug":"velez-pego-primero-en-copa-libertadores-3-2-a-talleres","status":"publish","type":"post","link":"https:\/\/sportseco.com\/?p=129990","title":{"rendered":"V\u00e9lez pego primero en Copa Libertadores, 3-2 a Talleres"},"content":{"rendered":"\n<p>V\u00e9lez le gan\u00f3 3 a 2 a la T en el Amalfitani, por la ida de los Cuartos de final de CONMEBOL Libertadores. Lucas Janson -por duplicado- y Juli\u00e1n Fern\u00e1ndez, convirtieron los goles del triunfo del equipo de Medina.El Fort\u00edn se qued\u00f3 con una victoria necesaria para ir al Kempes<\/p>\n\n\n\n<p><a href=\"https:\/\/twitter.com\/intent\/tweet?text=V%C3%A9lez%203-2%20Talleres&amp;url=https:\/\/velez.com.ar\/copalibertadores\/notas\/2022\/08\/03\/204815_velez-talleres&amp;related=Velez,Naxela&amp;via=Velez&amp;lang=es\" target=\"_blank\" rel=\"noreferrer noopener\"><\/a><a href=\"https:\/\/www.facebook.com\/sharer.php?u=https:\/\/velez.com.ar\/copalibertadores\/notas\/2022\/08\/03\/204815_velez-talleres\" target=\"_blank\" rel=\"noreferrer noopener\"><\/a><a href=\"whatsapp:\/\/send?text=Te%20recomiendo%20esta%20nota%20en%20el%20sitio%20oficial%20de%20V%C3%A9lez%20Sarsfield:%20V%C3%83%C2%A9lez%203-2%20Talleres%20https:\/\/velez.com.ar\/copalibertadores\/notas\/2022\/08\/03\/204815_velez-talleres\"><\/a><a href=\"mailto:?subject=V%C3%A9lez%203-2%20Talleres&amp;body=Te%20recomiendo%20esta%20nota%20en%20el%20sitio%20oficial%20de%20V%C3%A9lez%20Sarsfield:%20https:\/\/velez.com.ar\/copalibertadores\/notas\/2022\/08\/03\/204815_velez-talleres\"><\/a><\/p>\n\n\n\n<p><strong>V\u00e9lez&nbsp;<\/strong>se quedo con un triunfo incre\u00edble, ag\u00f3nico, emotivo, sufrido y tantos adjetivos m\u00e1s, porque en en el \u00faltimo cuarto de hora pudo haber liquidado la serie, lo pudo haber empatado; pero lo gan\u00f3 en el final.&nbsp;<strong>Un desenlace digno de un verdadero partidazo de Copa en Liniers.<\/strong><\/p>\n\n\n\n<p>El marco extraordinario que present\u00f3 el Amalfitani fue el escenario perfecto para esta instancia de la CONMEBOL Libertadores, porque el p\u00fablico dijo presente, llen\u00f3 el estadio y arm\u00f3 una fiesta.<\/p>\n\n\n\n<p>El primer tiempo no brill\u00f3 por el buen juego ni las llegadas profundas, pero fue el equipo del Cacique el que capitaliz\u00f3 la primera chance que tuvo, a los 5 minutos, y se puso en&nbsp;ventaja con una jugada r\u00e1pida por derecha entre&nbsp;<strong>Lucas Pratto&nbsp;<\/strong>y<strong>&nbsp;Leonardo Jara<\/strong>, que termin\u00f3 en un&nbsp;gran cabezazo de<strong>&nbsp;Lucas Janson. Delirio, g<\/strong><strong>ol y ventaja importante para el el conjunto local.<\/strong><\/p>\n\n\n\n<p>A partir del tanto, la visita impuso condiciones y se adue\u00f1\u00f3 de campo y pelota. El Fort\u00edn sufri\u00f3 los primeros 45 minutos y siempre estuvo inc\u00f3modo porque el tr\u00e1mite le fue adverso. Reci\u00e9n en los tramosfinales pudo salir y jugar lejos de<strong>&nbsp;Lucas Hoyos<\/strong>. Apenas un cabezazo de&nbsp;<strong>Janson&nbsp;<\/strong>a las manos de Herrera fue la \u00fanica llegada de peligro de los de Liniers en esa etapa.<\/p>\n\n\n\n<p>El complemento fue totalmente distinto y sobre todo los minutos finales, porque ambos equipos intentaron atacar, aunque a los cordobeses les cost\u00f3 mucho menos progresar en el campo y llevar la pelota cerca del \u00e1rea rival, aunque no siempre los ataques conllevaron riesgo cierto para el aquero mendocino.<\/p>\n\n\n\n<p>Con el correr de los minutos, el mediocampo pas\u00f3 a ser una zona de libre tr\u00e1nsito y pareci\u00f3 mejor&nbsp;<strong>V\u00e9lez&nbsp;<\/strong>en esos instantes, porque si bien Talleres tuvo sus aproximaciones, el af\u00e1n de buscar el empate lo hizo desprotegerse en el fondo y ah\u00ed los de Liniers encontraron oportunidades. Lo tuvo&nbsp;<strong>Janson&nbsp;<\/strong>en una corrida mano a mano contra el arquero, que rebot\u00f3 en el travesa\u00f1o y el propio goleador fortinero lo encontr\u00f3, otra vez de cabeza, tras otro centro de&nbsp;<strong>Jara<\/strong>&nbsp;y puso el 2 a 0.&nbsp;<strong>Explot\u00f3 el Amalfitani y nada hac\u00eda prever que a 17 minutos del final, tantas situaciones emocionantes se vivir\u00edan de uno y otro lado.<\/strong><\/p>\n\n\n\n<p><strong>V\u00e9lez&nbsp;<\/strong>se agrand\u00f3, manej\u00f3 el partido y lo tuvo contra las cuerdas al Matador, que sinti\u00f3 el impacto del segundo gol y fue ah\u00ed cuando los de&nbsp;<strong>Medina&nbsp;<\/strong>no estuvieron finos en los \u00fatlimos metros y desperdiciaron las chances de encontrar el tercer gol y casi sentenciar la serie.<\/p>\n\n\n\n<p>Pero el f\u00fatbol es tan cambiante y se aferra tanto a los estados de \u00e1nimo, que -como casi toda la noche- El Fort\u00edn no logr\u00f3 hacerse fuerte atr\u00e1s, la T aceler\u00f3 para buscar el descuento y lo encontr\u00f3 a 9 minutos del final, tras una combinaci\u00f3n de fallos defensivos que Santos aprovech\u00f3 con un cabezazo dentro del \u00e1rea chica.<\/p>\n\n\n\n<p>Lo que sigui\u00f3 fue la peor imagen del local, porque no conforme con el gol, la visita fue con voracidad por el empate, presion\u00f3 y se llev\u00f3 por delante a su rival, al punto de tenerlo apurado contra su propia \u00e1rea y esperando lo que finalmente se dio, el gol del empate. El baldazo de agua fr\u00eda lleg\u00f3 con un zapatazo de Garro desde 30 metos que dej\u00f3 sin chances a&nbsp;<strong>Hoyos<\/strong>.<\/p>\n\n\n\n<p>En los \u00faltimos instantes, todo fue ataques contra defensas y lo pudo haber ganado cualquiera, porque el equipo visitante tuvo chances hasta de ganarlo; pero fueron los de Liniers, los que encontraron en la \u00faltima bola de la noche la felicidad plena, tras una combinaci\u00f3n r\u00e1pida entre&nbsp;<strong>Francisco Ortega, M\u00e1ximo Perrone y Juli\u00e1n Fern\u00e1ndez<\/strong>, que entr\u00f3 a rematar cruzado y apretado contra el poste el arquero para gritar bien fuerte el desahogo de las casi 40 mil almas que vibraron, sufrieron y festejaron en casa.&nbsp;<\/p>\n\n\n\n<p>Gan\u00f3\u00a0<strong>V\u00e9lez\u00a0<\/strong>en una jornada inolvidable de copera en Liniers. Y eso fue lo mejor de la noche. Lo tuvo para liquidar, lo pudo haber perdido; pero finalmente se qued\u00f3 con un triunfo que puede ser clave para la definici\u00f3n en C\u00f3rdoba.<strong>Restan 90 minutos para definir la llave y toda la expectativa de este equipo y sus hinchas viajar\u00e1 a C\u00f3rdoba, con la ilusi\u00f3n de sostener la ventaja, cerrar la serie y so\u00f1ar con un nuevo cap\u00edtulo en esta historia, que todos esperamos que sea feliz.<\/strong><\/p>\n\n\n\n<p><\/p>\n\n\n\n<p>velez.com.ar<\/p>\n","protected":false},"excerpt":{"rendered":"<p>V\u00e9lez le gan\u00f3 3 a 2 a la T en el Amalfitani, por la ida de los Cuartos de final de CONMEBOL Libertadores. Lucas Janson -por duplicado- y Juli\u00e1n Fern\u00e1ndez, convirtieron los goles del triunfo del equipo de Medina.El Fort\u00edn se qued\u00f3 con una victoria necesaria para ir al Kempes V\u00e9lez&nbsp;se quedo con un triunfo [&hellip;]<\/p>\n","protected":false},"author":1,"featured_media":129991,"comment_status":"closed","ping_status":"closed","sticky":false,"template":"","format":"standard","meta":{"_acf_changed":false,"_jetpack_memberships_contains_paid_content":false,"footnotes":"","jetpack_publicize_message":"","jetpack_publicize_feature_enabled":true,"jetpack_social_post_already_shared":true,"jetpack_social_options":{"image_generator_settings":{"template":"highway","default_image_id":0,"font":"","enabled":false},"version":2}},"categories":[5],"tags":[],"class_list":["post-129990","post","type-post","status-publish","format-standard","has-post-thumbnail","hentry","category-futbol"],"acf":[],"jetpack_publicize_connections":[],"jetpack_featured_media_url":"https:\/\/i0.wp.com\/sportseco.com\/wp-content\/uploads\/2022\/08\/whatsapp_image_2022-08-04_at_1.08.09_am.jpg?fit=1280%2C928&ssl=1","jetpack_sharing_enabled":true,"_links":{"self":[{"href":"https:\/\/sportseco.com\/index.php?rest_route=\/wp\/v2\/posts\/129990","targetHints":{"allow":["GET"]}}],"collection":[{"href":"https:\/\/sportseco.com\/index.php?rest_route=\/wp\/v2\/posts"}],"about":[{"href":"https:\/\/sportseco.com\/index.php?rest_route=\/wp\/v2\/types\/post"}],"author":[{"embeddable":true,"href":"https:\/\/sportseco.com\/index.php?rest_route=\/wp\/v2\/users\/1"}],"replies":[{"embeddable":true,"href":"https:\/\/sportseco.com\/index.php?rest_route=%2Fwp%2Fv2%2Fcomments&post=129990"}],"version-history":[{"count":1,"href":"https:\/\/sportseco.com\/index.php?rest_route=\/wp\/v2\/posts\/129990\/revisions"}],"predecessor-version":[{"id":129992,"href":"https:\/\/sportseco.com\/index.php?rest_route=\/wp\/v2\/posts\/129990\/revisions\/129992"}],"wp:featuredmedia":[{"embeddable":true,"href":"https:\/\/sportseco.com\/index.php?rest_route=\/wp\/v2\/media\/129991"}],"wp:attachment":[{"href":"https:\/\/sportseco.com\/index.php?rest_route=%2Fwp%2Fv2%2Fmedia&parent=129990"}],"wp:term":[{"taxonomy":"category","embeddable":true,"href":"https:\/\/sportseco.com\/index.php?rest_route=%2Fwp%2Fv2%2Fcategories&post=129990"},{"taxonomy":"post_tag","embeddable":true,"href":"https:\/\/sportseco.com\/index.php?rest_route=%2Fwp%2Fv2%2Ftags&post=129990"}],"curies":[{"name":"wp","href":"https:\/\/api.w.org\/{rel}","templated":true}]}}