{"id":130008,"date":"2022-08-04T14:29:48","date_gmt":"2022-08-04T18:29:48","guid":{"rendered":"https:\/\/sportseco.com\/?p=130008"},"modified":"2022-08-04T14:29:56","modified_gmt":"2022-08-04T18:29:56","slug":"entrevista-con-el-entrenador-del-real-madrid-carlo-ancelotti-habla-de-su-increible-temporada-y-de-la-supercopa-de-al-uefa-ante-el-eintracht","status":"publish","type":"post","link":"https:\/\/sportseco.com\/?p=130008","title":{"rendered":"Entrevista con el entrenador del Real Madrid: Carlo Ancelotti habla de su incre\u00edble temporada y de la Supercopa de al UEFA ante el Eintracht"},"content":{"rendered":"\n<ul class=\"wp-block-list\"><li><\/li><\/ul>\n\n\n\n<p>\u00abHay seis t\u00edtulos en juego y queremos luchar por todos\u00bb, dice el entrenador del Real Madrid a UEFA.com. Quiere empezar por la Supercopa de la UEFA el mi\u00e9rcoles 10 de agosto.<\/p>\n\n\n\n<figure class=\"wp-block-image\"><img data-recalc-dims=\"1\" decoding=\"async\" src=\"https:\/\/i0.wp.com\/editorial.uefa.com\/resources\/0278-15c8f408aa1c-171753efb4ed-1000\/format\/wide1\/liverpool_fc_v_real_madrid_-_uefa_champions_league_final_2021_22.jpeg?w=640&#038;ssl=1\" alt=\"Carlo Ancelotti: &quot;volver al Real Madrid ha sido muy gratificante para m\u00ed&quot;\" title=\"Carlo Ancelotti: &quot;volver al Real Madrid ha sido muy gratificante para m\u00ed&quot;\"\/><\/figure>\n\n\n\n<p><em>Carlo Ancelotti: \u00abvolver al Real Madrid ha sido muy gratificante para m\u00ed\u00bb<\/em>Getty Images<\/p>\n\n\n\n<p>Despu\u00e9s de llevar al Real Madrid a conquistar la UEFA Champions League en su&nbsp;<a href=\"https:\/\/es.uefa.com\/uefachampionsleague\/history\/seasons\/2014\/\">primera etapa en el cargo en 2014<\/a>, Carlo Ancelotti regres\u00f3 a la capital espa\u00f1ola en 2021 para guiar a los blancos a la Liga, la Supercopa de Espa\u00f1a y la&nbsp;<a href=\"https:\/\/es.uefa.com\/uefachampionsleague\/match\/2034586--liverpool-vs-real-madrid\/\">UEFA Champions League<\/a>. \u00abCualquier cosa menos los favoritos\u00bb para ganar el t\u00edtulo europeo, pero con Karim Benzema en su mejor momento de forma, remontaron ante el&nbsp;<a href=\"https:\/\/es.uefa.com\/uefachampionsleague\/match\/2033905--real-madrid-vs-paris\/\">Paris Saint-Germain<\/a>, el&nbsp;<a href=\"https:\/\/es.uefa.com\/uefachampionsleague\/match\/2034659--real-madrid-vs-chelsea\/\">Chelsea<\/a>&nbsp;y el&nbsp;<a href=\"https:\/\/es.uefa.com\/uefachampionsleague\/match\/2034663--real-madrid-vs-man-city\/\">Manchester City<\/a>antes de imponerse al Liverpool en la final.<\/p>\n\n\n\n<p>Ancelotti es el \u00fanico entrenador que ha ganado la UEFA Champions League en cuatro ocasiones (tambi\u00e9n con el AC Milan en 2002\/03 y 2006\/07), y tambi\u00e9n ha conquistado la Supercopa de la UEFA en cada uno de sus tres intentos. El t\u00e9cnico, de 63 a\u00f1os, tiene ahora la vista puesta en un cuarto trofeo cuando su equipo se enfrente al Eintracht de Frankfurt,&nbsp;<a href=\"https:\/\/es.uefa.com\/uefaeuropaleague\/match\/2033450--frankfurt-vs-rangers\/\">ganador de la UEFA Europa League<\/a>, 62 a\u00f1os despu\u00e9s de superarlo por&nbsp;<a href=\"https:\/\/es.uefa.com\/uefachampionsleague\/match\/61542--real-madrid-vs-frankfurt\/\">7-3 en la final de la Copa de Europa de 1960 en Glasgow<\/a>.<\/p>\n\n\n\n<p>El t\u00e9cnico del club madrile\u00f1o mira hacia el inicio de la temporada en Helsinki, comenta la \u00abincre\u00edble\u00bb campa\u00f1a del pasado curso y explica c\u00f3mo el club ha fichado a dos jugadores \u00abde los mejores del mundo en su funci\u00f3n\u00bb.<a href=\"https:\/\/es.uefa.com\/uefasupercup\/match\/2034776--real-madrid-vs-frankfurt\/\">Real Madrid &#8211; Eintracht: cobertura en directo<\/a><\/p>\n\n\n\n<figure class=\"wp-block-image\"><img data-recalc-dims=\"1\" decoding=\"async\" src=\"https:\/\/i0.wp.com\/editorial.uefa.com\/resources\/0275-154190b2de19-a4c19198f99c-1000\/format\/wide1\/real_madrid_v_manchester_city_semi_final_leg_two_-_uefa_champions_league.jpeg?w=640&#038;ssl=1\" alt=\"Todos los goles del Real Madrid en la Champions League 2021\/22\" title=\"Todos los goles del Real Madrid en la Champions League 2021\/22\"\/><\/figure>\n\n\n\n<p>Todos los goles del Real Madrid en la Champions League 2021\/22<\/p>\n\n\n\n<p>0 seconds of 0 secondsVolume 0%<\/p>\n\n\n\n<p><em>Todos los goles del Real Madrid en la Champions League 2021\/22<\/em><\/p>\n\n\n\n<h3 class=\"wp-block-heading\"><strong>Sobre la importancia de ganar la Supercopa<\/strong><\/h3>\n\n\n\n<p>Tenemos algunas desventajas m\u00e1s que el Eintracht, que empieza su temporada antes, pero jugaremos para ganar. Miramos hacia adelante y no hacia atr\u00e1s. Las victorias del a\u00f1o pasado refuerzan lo que creemos, pero tenemos que centrarnos en los pr\u00f3ximos partidos. En esta pr\u00f3xima temporada hay seis t\u00edtulos en juego, y queremos luchar por todos ellos.<\/p>\n\n\n\n<h3 class=\"wp-block-heading\"><strong>Sobre lo que se puede esperar del Eintracht<\/strong><\/h3>\n\n\n\n<p>El a\u00f1o pasado, el Eintracht logr\u00f3 algo especial porque no estaba entre los favoritos. Hicieron grandes partidos,&nbsp;<a href=\"https:\/\/es.uefa.com\/uefaeuropaleague\/match\/2033431--barcelona-vs-frankfurt\/\">ganando al Barcelona en el Camp Nou<\/a>&nbsp;con un estilo de f\u00fatbol de contragolpe, con gran atenci\u00f3n a la defensa y a las transiciones a gran velocidad.<\/p>\n\n\n\n<h3 class=\"wp-block-heading\"><strong>Sobre ser el primer entrenador que gana cuatro veces la Champions League y obtiene los t\u00edtulos en las cinco principales ligas europeas<\/strong><\/h3>\n\n\n\n<p>Estoy muy orgulloso de todo eso. Ha sido una temporada incre\u00edble tanto para m\u00ed como para el Real Madrid. Naturalmente, volver al Real Madrid ha sido muy gratificante para m\u00ed. Para m\u00ed es importante seguir siendo el entrenador de este gran club y de este gran equipo.<\/p>\n\n\n\n<h3 class=\"wp-block-heading\"><strong>Sobre la motivaci\u00f3n de los jugadores<\/strong><\/h3>\n\n\n\n<p>Estamos preparados. El equipo ya est\u00e1 en plena forma. La alegr\u00eda y la satisfacci\u00f3n que se siente despu\u00e9s de estas victorias [en la final de la Champions League] tienden a quedarse, haci\u00e9ndote sentir que nadie deber\u00eda ocupar tu lugar. Y eso es una motivaci\u00f3n muy fuerte para seguir ganando.<\/p>\n\n\n\n<figure class=\"wp-block-image\"><img data-recalc-dims=\"1\" decoding=\"async\" src=\"https:\/\/i0.wp.com\/editorial.uefa.com\/resources\/0275-154219a2f8f5-45baf8f8c483-1000\/format\/wide1\/liverpool_fc_v_real_madrid_-_uefa_champions_league_final_2021_22.jpeg?w=640&#038;ssl=1\" alt=\"El an&#225;lisis de Ancelotti tras el t&#237;tulo\" title=\"El an&#225;lisis de Ancelotti tras el t&#237;tulo\"\/><\/figure>\n\n\n\n<p>El an\u00e1lisis de Ancelotti tras el t\u00edtulo<\/p>\n\n\n\n<p>0 seconds of 0 secondsVolume 0%<\/p>\n\n\n\n<p><em>El an\u00e1lisis de Ancelotti tras el t\u00edtulo<\/em><\/p>\n\n\n\n<h3 class=\"wp-block-heading\"><strong>Sobre las remontadas en la Champions League&nbsp;<\/strong><\/h3>\n\n\n\n<p>Es un recuerdo muy fresco y tambi\u00e9n hubo una qu\u00edmica muy especial con la afici\u00f3n y el estadio. Todas las remontadas que hicimos las conseguimos en nuestro estadio, gracias a ese empuje que vino de la grada. Siempre hay que creer, nunca hay que rendirse. Al fin y al cabo, jugamos contra equipos muy fuertes. Era inevitable que sufri\u00e9ramos.<\/p>\n\n\n\n<h3 class=\"wp-block-heading\"><strong>Sobre la diferencia entre la D\u00e9cima y la victoria en la pasada Champions League<\/strong><\/h3>\n\n\n\n<p>En 2014, la D\u00e9cima era probablemente m\u00e1s predecible porque el equipo hab\u00eda estado ya muchas veces cerca de conseguirla. Gareth Bale acababa de unirse a nosotros y \u00e9ramos favoritos para ganar el t\u00edtulo desde el principio.<\/p>\n\n\n\n<p>Este a\u00f1o \u00e9ramos cualquier cosa menos los favoritos, pero aun as\u00ed conseguimos ganar, gracias a la gran cohesi\u00f3n y calidad del equipo. Creo que los factores clave fueron la humildad y la experiencia de los jugadores m\u00e1s veteranos, complementadas por la energ\u00eda y el entusiasmo de los m\u00e1s j\u00f3venes.<\/p>\n\n\n\n<h3 class=\"wp-block-heading\"><strong>Sobre las llegadas de Aur\u00e9lien Tchouameni y Antonio R\u00fcdiger, y las salidas del Madrid en verano<\/strong><\/h3>\n\n\n\n<p>Creo que tenemos dos jugadores que est\u00e1n entre los mejores del mundo en su funci\u00f3n. En primer lugar, su calidad aumenta la capacidad f\u00edsica y t\u00e9cnica del equipo. Luego est\u00e1 [la necesidad de] adaptarse al grupo y que el grupo se adapte un poco a ellos.<\/p>\n\n\n\n<p>No hay que olvidar que los tres que se fueron, Marcelo, Isco y Bale, han hecho historia para este club en los \u00faltimos a\u00f1os, por lo que todo el madridismo est\u00e1 agradecido a esos jugadores. Esperamos que los nuevos puedan repetir las haza\u00f1as de los que se han ido.<a href=\"https:\/\/es.uefa.com\/uefachampionsleague\/app\/\">\u00a1Descarga la app de la Champions League!<\/a><\/p>\n\n\n\n<p>\u00a9 1998-2022 UEFA. All rights reserved.<\/p>\n","protected":false},"excerpt":{"rendered":"<p>\u00abHay seis t\u00edtulos en juego y queremos luchar por todos\u00bb, dice el entrenador del Real Madrid a UEFA.com. Quiere empezar por la Supercopa de la UEFA el mi\u00e9rcoles 10 de agosto. Carlo Ancelotti: \u00abvolver al Real Madrid ha sido muy gratificante para m\u00ed\u00bbGetty Images Despu\u00e9s de llevar al Real Madrid a conquistar la UEFA Champions [&hellip;]<\/p>\n","protected":false},"author":1,"featured_media":130009,"comment_status":"closed","ping_status":"closed","sticky":false,"template":"","format":"standard","meta":{"_acf_changed":false,"_jetpack_memberships_contains_paid_content":false,"footnotes":"","jetpack_publicize_message":"","jetpack_publicize_feature_enabled":true,"jetpack_social_post_already_shared":true,"jetpack_social_options":{"image_generator_settings":{"template":"highway","default_image_id":0,"font":"","enabled":false},"version":2}},"categories":[5],"tags":[],"class_list":["post-130008","post","type-post","status-publish","format-standard","has-post-thumbnail","hentry","category-futbol"],"acf":[],"jetpack_publicize_connections":[],"jetpack_featured_media_url":"https:\/\/i0.wp.com\/sportseco.com\/wp-content\/uploads\/2022\/08\/Screen-Shot-2022-08-04-at-2.28.50-PM.png?fit=977%2C550&ssl=1","jetpack_sharing_enabled":true,"_links":{"self":[{"href":"https:\/\/sportseco.com\/index.php?rest_route=\/wp\/v2\/posts\/130008","targetHints":{"allow":["GET"]}}],"collection":[{"href":"https:\/\/sportseco.com\/index.php?rest_route=\/wp\/v2\/posts"}],"about":[{"href":"https:\/\/sportseco.com\/index.php?rest_route=\/wp\/v2\/types\/post"}],"author":[{"embeddable":true,"href":"https:\/\/sportseco.com\/index.php?rest_route=\/wp\/v2\/users\/1"}],"replies":[{"embeddable":true,"href":"https:\/\/sportseco.com\/index.php?rest_route=%2Fwp%2Fv2%2Fcomments&post=130008"}],"version-history":[{"count":1,"href":"https:\/\/sportseco.com\/index.php?rest_route=\/wp\/v2\/posts\/130008\/revisions"}],"predecessor-version":[{"id":130010,"href":"https:\/\/sportseco.com\/index.php?rest_route=\/wp\/v2\/posts\/130008\/revisions\/130010"}],"wp:featuredmedia":[{"embeddable":true,"href":"https:\/\/sportseco.com\/index.php?rest_route=\/wp\/v2\/media\/130009"}],"wp:attachment":[{"href":"https:\/\/sportseco.com\/index.php?rest_route=%2Fwp%2Fv2%2Fmedia&parent=130008"}],"wp:term":[{"taxonomy":"category","embeddable":true,"href":"https:\/\/sportseco.com\/index.php?rest_route=%2Fwp%2Fv2%2Fcategories&post=130008"},{"taxonomy":"post_tag","embeddable":true,"href":"https:\/\/sportseco.com\/index.php?rest_route=%2Fwp%2Fv2%2Ftags&post=130008"}],"curies":[{"name":"wp","href":"https:\/\/api.w.org\/{rel}","templated":true}]}}