{"id":130011,"date":"2022-08-04T14:43:23","date_gmt":"2022-08-04T18:43:23","guid":{"rendered":"https:\/\/sportseco.com\/?p=130011"},"modified":"2022-08-04T14:43:34","modified_gmt":"2022-08-04T18:43:34","slug":"proyecto-integral-cristo-rey-iniciara-obras-en-el-monumento-despues-del-16-de-agosto","status":"publish","type":"post","link":"https:\/\/sportseco.com\/?p=130011","title":{"rendered":"Proyecto Integral Cristo Rey, iniciar\u00e1 obras en el monumento despu\u00e9s del 16 de agosto"},"content":{"rendered":"\n<ul class=\"wp-block-list\"><li><\/li><\/ul>\n\n\n\n<figure class=\"wp-block-image\"><img data-recalc-dims=\"1\" decoding=\"async\" src=\"https:\/\/i0.wp.com\/www.cali.gov.co\/vivienda\/publicaciones\/170565\/proyecto-integral-cristo-rey-iniciara-obras-en-el-monumento-despues-del-16-de-agosto\/info\/principal\/media\/pubInt\/thumbs\/thpub_700X400_170565.jpg?w=640&#038;ssl=1\" alt=\"Proyecto Integral Cristo Rey, iniciar\u00e1 obras en el monumento despu\u00e9s del 16 de agosto\"\/><\/figure>\n\n\n\n<p>A mediados de agosto, uno de los parques para la vida de la administraci\u00f3n del \u00abPuro Coraz\u00f3n\u00bb culmina su etapa de preconstrucci\u00f3n y se empezar\u00e1 a materializar.&nbsp;<\/p>\n\n\n\n<p>Teniendo en cuenta que durante este mes se realizan en la ciudad tres eventos que promueven el turismo y dinamizan la econom\u00eda de Cali, las obras del Proyecto Integral Cristo Rey iniciar\u00e1n el 16 de agosto, despu\u00e9s del Mundial de atletismo, la Cumbre de alcaldes y el emblem\u00e1tico Festival de M\u00fasica del Pac\u00edfico Petronio \u00c1lvarez.<\/p>\n\n\n\n<p>Durante la presente Alcald\u00eda, liderada por el m\u00e9dico Jorge Iv\u00e1n Ospina, se ejecutar\u00e1n dos de los cinco tramos del Proyecto, uno de ellos est\u00e1 contemplado desde la parte de atr\u00e1s del Hospital Universitario del Valle hasta la Avenida Circunvalar y el otro intervendr\u00e1 el monumento a Cristo Rey.&nbsp;<\/p>\n\n\n\n<p>Por cuestiones de log\u00edstica, construcci\u00f3n y remoci\u00f3n de tierra, la entrada al atractivo tur\u00edstico estar\u00e1 restringida totalmente desde el 16 de agosto hasta que se culminen las obras.&nbsp;<\/p>\n\n\n\n<p>Cabe resaltar que esta iniciativa de ciudad, coordinada por las Secretar\u00edas de Vivienda y Turismo, busca mejorar el h\u00e1bitat, generar espacio p\u00fablico y preservar el medio ambiente, a trav\u00e9s de la construcci\u00f3n de un sendero peatonal de 6 kil\u00f3metros, miradores, un edificio terraza, un auditorio para 100 personas, 14 m\u00f3dulos comerciales y parqueaderos para propios y visitantes.&nbsp;<\/p>\n\n\n\n<p>\u00abDamos inicio a las obras del tramo 5 de este proyecto que denominamos el Centro de Atenci\u00f3n al Visitante, en el monumento. Estimamos culminar obras al 31 de diciembre de este a\u00f1o y reaperturar en los primeros meses del a\u00f1o 2023\u00bb. Explic\u00f3 Martha Liliana Hern\u00e1ndez Galvis, secretaria de Vivienda Social y H\u00e1bitat de Cali.&nbsp;&nbsp;<\/p>\n\n\n\n<p>La inversi\u00f3n que se realizar\u00e1 para llevar a cabo la construcci\u00f3n y la interventor\u00eda de este tramo es de aproximadamente 28.800 millones de pesos.&nbsp;<\/p>\n\n\n\n<p>\u00abIncluye varios elementos que mejorar\u00e1n la calidad de vida de los ciudadanos que est\u00e1n en el marco de la recuperaci\u00f3n y conservaci\u00f3n del medio ambiente, tenemos por ejemplo unos 90 metros c\u00fabicos en dos tanques que van a reforzar el tema de atenci\u00f3n de riesgo y prevenci\u00f3n de incendios y espacios para los entes ambientales\u00bb. Agreg\u00f3 la funcionaria.&nbsp;<\/p>\n\n\n\n<p>En cuanto al transporte p\u00fablico, este espacio tendr\u00e1 a disposici\u00f3n de la ciudadan\u00eda una nueva ruta terrestre del MIO y se tiene pensado incluir en la planeaci\u00f3n en el mediano plazo la posibilidad de llegar a trav\u00e9s de MIO cable.<\/p>\n\n\n\n<p>De los 289.000Mt2 que tiene todo el proyecto, el Centro de Atenci\u00f3n al Visitante, o tramo 5, comprende 9.500Mt2 entre construcci\u00f3n, senderos y miradores.<\/p>\n\n\n\n<p>cali.gov.co<\/p>\n","protected":false},"excerpt":{"rendered":"<p>A mediados de agosto, uno de los parques para la vida de la administraci\u00f3n del \u00abPuro Coraz\u00f3n\u00bb culmina su etapa de preconstrucci\u00f3n y se empezar\u00e1 a materializar.&nbsp; Teniendo en cuenta que durante este mes se realizan en la ciudad tres eventos que promueven el turismo y dinamizan la econom\u00eda de Cali, las obras del Proyecto [&hellip;]<\/p>\n","protected":false},"author":1,"featured_media":130012,"comment_status":"closed","ping_status":"closed","sticky":false,"template":"","format":"standard","meta":{"_acf_changed":false,"_jetpack_memberships_contains_paid_content":false,"footnotes":"","jetpack_publicize_message":"","jetpack_publicize_feature_enabled":true,"jetpack_social_post_already_shared":true,"jetpack_social_options":{"image_generator_settings":{"template":"highway","default_image_id":0,"font":"","enabled":false},"version":2}},"categories":[6],"tags":[],"class_list":["post-130011","post","type-post","status-publish","format-standard","has-post-thumbnail","hentry","category-ecologia"],"acf":[],"jetpack_publicize_connections":[],"jetpack_featured_media_url":"https:\/\/i0.wp.com\/sportseco.com\/wp-content\/uploads\/2022\/08\/thgaleria_700X400_246794.jpg?fit=540%2C400&ssl=1","jetpack_sharing_enabled":true,"_links":{"self":[{"href":"https:\/\/sportseco.com\/index.php?rest_route=\/wp\/v2\/posts\/130011","targetHints":{"allow":["GET"]}}],"collection":[{"href":"https:\/\/sportseco.com\/index.php?rest_route=\/wp\/v2\/posts"}],"about":[{"href":"https:\/\/sportseco.com\/index.php?rest_route=\/wp\/v2\/types\/post"}],"author":[{"embeddable":true,"href":"https:\/\/sportseco.com\/index.php?rest_route=\/wp\/v2\/users\/1"}],"replies":[{"embeddable":true,"href":"https:\/\/sportseco.com\/index.php?rest_route=%2Fwp%2Fv2%2Fcomments&post=130011"}],"version-history":[{"count":1,"href":"https:\/\/sportseco.com\/index.php?rest_route=\/wp\/v2\/posts\/130011\/revisions"}],"predecessor-version":[{"id":130013,"href":"https:\/\/sportseco.com\/index.php?rest_route=\/wp\/v2\/posts\/130011\/revisions\/130013"}],"wp:featuredmedia":[{"embeddable":true,"href":"https:\/\/sportseco.com\/index.php?rest_route=\/wp\/v2\/media\/130012"}],"wp:attachment":[{"href":"https:\/\/sportseco.com\/index.php?rest_route=%2Fwp%2Fv2%2Fmedia&parent=130011"}],"wp:term":[{"taxonomy":"category","embeddable":true,"href":"https:\/\/sportseco.com\/index.php?rest_route=%2Fwp%2Fv2%2Fcategories&post=130011"},{"taxonomy":"post_tag","embeddable":true,"href":"https:\/\/sportseco.com\/index.php?rest_route=%2Fwp%2Fv2%2Ftags&post=130011"}],"curies":[{"name":"wp","href":"https:\/\/api.w.org\/{rel}","templated":true}]}}