{"id":130022,"date":"2022-08-05T08:47:35","date_gmt":"2022-08-05T12:47:35","guid":{"rendered":"https:\/\/sportseco.com\/?p=130022"},"modified":"2022-08-05T08:47:48","modified_gmt":"2022-08-05T12:47:48","slug":"colombia-los-defensores-de-los-derechos-humanos-que-desafian-a-las-grandes-empresas-afrontan-graves-riesgos","status":"publish","type":"post","link":"https:\/\/sportseco.com\/?p=130022","title":{"rendered":"Colombia: Los defensores de los derechos humanos que desaf\u00edan a las grandes empresas afrontan graves riesgos"},"content":{"rendered":"\n<p>Las amenazas de muerte son frecuentes en el pa\u00eds sudamericano contra quienes defienden la tierra y los medios de vida, especialmente de las comunidades ind\u00edgenas, como es el caso de Pedro Jose Velasco Tumi\u00f1a, un defensor ind\u00edgena del pueblo Misak.<\/p>\n\n\n\n<p>Los defensores de los derechos humanos que exponen las preocupaciones que levantan los proyectos empresariales en Colombia afrontan graves riesgos, han denunciado este jueves expertos* de la ONU.<\/p>\n\n\n\n<p>\u00abLas amenazas graves, incluidas las de muerte, son habituales en Colombia para las personas defensoras que plantean su preocupaci\u00f3n por las actividades empresariales, en particular en las industrias que implican el uso intensivo de la tierra\u00bb, afirma Mary Lawlor, relatora especial de la ONU sobre la situaci\u00f3n de los defensores de los derechos humanos.<\/p>\n\n\n\n<p>Los expertos llamaron la atenci\u00f3n especialmente sobre la situaci\u00f3n de Pedro Jose Velasco Tumi\u00f1a, un defensor ind\u00edgena del pueblo Misak que lleva casi un a\u00f1o recibiendo amenazas.<\/p>\n\n\n\n<h2 class=\"wp-block-heading\">Manifestaciones contra la empresa irlandesa Smurfit-Kappa<\/h2>\n\n\n\n<p>Desde julio de 2021, miembros de los pueblos ind\u00edgenas Misak y Nasa y de las comunidades campesinas han estado manifestando en el departamento del Cauca en tierras de la empresa irlandesa Smurfit-Kappa.&nbsp;<\/p>\n\n\n\n<p>En 2021, la empresa controlaba m\u00e1s de 67.000 hect\u00e1reas de tierra en Colombia, de las cuales m\u00e1s de 41.500 serv\u00edan de plantaciones de pinos y eucaliptos.<\/p>\n\n\n\n<p>Los manifestantes denuncian el impacto sobre los derechos humanos y el medio ambiente del uso de la tierra por parte de Smurfit-Kappa en Colombia y reclaman el cumplimiento justo de las disposiciones del Acuerdo de Paz sobre la reforma agraria.&nbsp;<\/p>\n\n\n\n<p>Las comunidades ind\u00edgenas afirman su&nbsp;<strong>derecho a reclamar las tierras de Smurfit Kappa de acuerdo con la Declaraci\u00f3n de la ONU sobre los Derechos de los Pueblos Ind\u00edgenas<\/strong>.&nbsp;<\/p>\n\n\n\n<p>Desde agosto de 2021, Velasco Tumi\u00f1a ha estado recibiendo amenazas de muerte por su defensa de estas cuestiones.<\/p>\n\n\n\n<p>A principios de este a\u00f1o viaj\u00f3 a Dubl\u00edn para comunicar sus preocupaciones a la empresa directamente en su junta general anual.&nbsp;<strong>Al regresar a Colombia recibi\u00f3 un mensaje en el que se le advert\u00eda que era hombre muerto<\/strong>.<\/p>\n\n\n\n<p>Ya una persona ha sido asesinada desde que empez\u00f3 el movimiento al favor de los derechos a la tierra. Un hombre fue presuntamente abatido por las fuerzas de seguridad del Estado durante una protesta en agosto de 2021.<\/p>\n\n\n\n<p>\u00ab<strong>El Estado debe cumplir con su responsabilidad de proteger los derechos humanos<\/strong>&nbsp;e investigar cualquier denuncia de violaci\u00f3n\u00bb, dijeron los expertos de la ONU. \u00abLas amenazas contra Pedro Jos\u00e9 Velasco son terribles y deben tomarse muy en serio, al igual que las cuestiones que \u00e9l y otros est\u00e1n planteando\u00bb, a\u00f1adieron.<\/p>\n\n\n\n<p>\u00abPara garantizar que las empresas respeten los derechos humanos, el Gobierno entrante deber\u00eda animar a las empresas a colaborar de forma constructiva con las personas defensoras. Las empresas, por su parte, deber\u00edan manifestar p\u00fablicamente su voluntad de hacerlo, incluso si las reclamaciones de los defensores afectan a las propias operaciones de la empresa.\u00bb<\/p>\n\n\n\n<p>Los expertos est\u00e1n en contacto con las autoridades colombianas sobre el caso, as\u00ed como con el Gobierno irland\u00e9s como estado anfitri\u00f3n de Smurfit-Kappa, y con la empresa.<\/p>\n\n\n\n<p><strong><em>*Mary Lawlor<\/em><\/strong><em>,\u00a0<a href=\"https:\/\/www.ohchr.org\/es\/special-procedures\/sr-human-rights-defenders#:~:text=Mary%20Lawlor%20es%20la%20Relatora,1%20de%20mayo%20de%202020.\">Relatora Especial sobre los Defensores de Derechos Humanos<\/a>;\u00a0<strong>Ms. Fernanda Hopenhaym<\/strong>\u00a0(Chairperson),\u00a0<strong>Ms. El\u017cbieta Karska<\/strong>,\u00a0<strong>Mr. Robert McCorquodale<\/strong>,\u00a0<strong>Mr. Damilola Olawuyi<\/strong>\u00a0and\u00a0<strong>Ms. Pichamon Yeophantong (Vice-Chairperson)<\/strong>,\u00a0<a href=\"https:\/\/www.ohchr.org\/es\/special-procedures\/wg-business\">Grupo de Trabajo sobre empresas y derechos humanos<\/a>;\u00a0<strong>Francisco Cali Tzay<\/strong>,\u00a0<a href=\"https:\/\/www.ohchr.org\/es\/special-procedures\/sr-indigenous-peoples#:~:text=Francisco%20Cali%20Tzay%20fue%20nombrado,1%C2%BA%20de%20mayo%20de%202020.\">Relator Especial sobre\u00a0 los derechos de los pueblos ind\u00edgenas<\/a>.\u00a0<\/em><\/p>\n\n\n\n<p><\/p>\n\n\n\n<p>un.org<\/p>\n","protected":false},"excerpt":{"rendered":"<p>Las amenazas de muerte son frecuentes en el pa\u00eds sudamericano contra quienes defienden la tierra y los medios de vida, especialmente de las comunidades ind\u00edgenas, como es el caso de Pedro Jose Velasco Tumi\u00f1a, un defensor ind\u00edgena del pueblo Misak. Los defensores de los derechos humanos que exponen las preocupaciones que levantan los proyectos empresariales [&hellip;]<\/p>\n","protected":false},"author":1,"featured_media":130023,"comment_status":"closed","ping_status":"closed","sticky":false,"template":"","format":"standard","meta":{"_acf_changed":false,"_jetpack_memberships_contains_paid_content":false,"footnotes":"","jetpack_publicize_message":"","jetpack_publicize_feature_enabled":true,"jetpack_social_post_already_shared":true,"jetpack_social_options":{"image_generator_settings":{"template":"highway","default_image_id":0,"font":"","enabled":false},"version":2}},"categories":[6],"tags":[],"class_list":["post-130022","post","type-post","status-publish","format-standard","has-post-thumbnail","hentry","category-ecologia"],"acf":[],"jetpack_publicize_connections":[],"jetpack_featured_media_url":"https:\/\/i0.wp.com\/sportseco.com\/wp-content\/uploads\/2022\/08\/image1170x530cropped-1.jpg?fit=1178%2C530&ssl=1","jetpack_sharing_enabled":true,"_links":{"self":[{"href":"https:\/\/sportseco.com\/index.php?rest_route=\/wp\/v2\/posts\/130022","targetHints":{"allow":["GET"]}}],"collection":[{"href":"https:\/\/sportseco.com\/index.php?rest_route=\/wp\/v2\/posts"}],"about":[{"href":"https:\/\/sportseco.com\/index.php?rest_route=\/wp\/v2\/types\/post"}],"author":[{"embeddable":true,"href":"https:\/\/sportseco.com\/index.php?rest_route=\/wp\/v2\/users\/1"}],"replies":[{"embeddable":true,"href":"https:\/\/sportseco.com\/index.php?rest_route=%2Fwp%2Fv2%2Fcomments&post=130022"}],"version-history":[{"count":1,"href":"https:\/\/sportseco.com\/index.php?rest_route=\/wp\/v2\/posts\/130022\/revisions"}],"predecessor-version":[{"id":130024,"href":"https:\/\/sportseco.com\/index.php?rest_route=\/wp\/v2\/posts\/130022\/revisions\/130024"}],"wp:featuredmedia":[{"embeddable":true,"href":"https:\/\/sportseco.com\/index.php?rest_route=\/wp\/v2\/media\/130023"}],"wp:attachment":[{"href":"https:\/\/sportseco.com\/index.php?rest_route=%2Fwp%2Fv2%2Fmedia&parent=130022"}],"wp:term":[{"taxonomy":"category","embeddable":true,"href":"https:\/\/sportseco.com\/index.php?rest_route=%2Fwp%2Fv2%2Fcategories&post=130022"},{"taxonomy":"post_tag","embeddable":true,"href":"https:\/\/sportseco.com\/index.php?rest_route=%2Fwp%2Fv2%2Ftags&post=130022"}],"curies":[{"name":"wp","href":"https:\/\/api.w.org\/{rel}","templated":true}]}}