{"id":130090,"date":"2022-08-06T14:12:45","date_gmt":"2022-08-06T18:12:45","guid":{"rendered":"https:\/\/sportseco.com\/?p=130090"},"modified":"2022-08-06T14:12:56","modified_gmt":"2022-08-06T18:12:56","slug":"pavel-sivakov-se-lleva-la-vuelta-a-burgos-2022-miguel-angel-lopez-podium-y-montana","status":"publish","type":"post","link":"https:\/\/sportseco.com\/?p=130090","title":{"rendered":"Pavel Sivakov se lleva la Vuelta a Burgos 2022. Miguel Angel Lopez podium y monta\u00f1a"},"content":{"rendered":"\n<p><img data-recalc-dims=\"1\" loading=\"lazy\" decoding=\"async\" width=\"640\" height=\"400\" srcset=\"https:\/\/www.vueltaburgos.com\/es\/wp-content\/uploads\/2022\/08\/WhatsApp-Image-2022-08-06-at-5.57.45-PM-980x675.jpeg 1080w, https:\/\/www.vueltaburgos.com\/es\/wp-content\/uploads\/2022\/08\/WhatsApp-Image-2022-08-06-at-5.57.45-PM-480x376.jpeg 480w\" class=\"\" src=\"https:\/\/i0.wp.com\/www.vueltaburgos.com\/es\/wp-content\/uploads\/2022\/08\/WhatsApp-Image-2022-08-06-at-5.57.45-PM-980x675.jpeg?resize=640%2C400&#038;ssl=1\" alt=\"Etapa 5\"><\/p>\n\n\n\n<p>Podio final \u00a9 Bu5Comunicaci\u00f3n<\/p>\n\n\n\n<p>La \u00faltima etapa de la&nbsp;<strong>Vuelta a Burgos<\/strong>&nbsp;ha terminado con la tradicional ascensi\u00f3n a las&nbsp;<strong>Lagunas de Neila<\/strong>, partiendo desde&nbsp;<strong>Lerma<\/strong>.&nbsp;<em>Joao Almeida<\/em>&nbsp;ha conseguido su primera victoria en las&nbsp;<em>Lagunas de Neila<\/em>, despu\u00e9s de sufrir para seguir el ritmo impuesto por Ineos Greandiers en los kil\u00f3metros finales.&nbsp;<em>Pavel Sivakov<\/em>, l\u00edder desde la etapa del Pic\u00f3n Blanco, ha terminado 3\u00ba en la etapa y se adjudica la Clasificaci\u00f3n General de la&nbsp;<strong>Vuelta a Burgos 2022<\/strong>.<\/p>\n\n\n\n<p>La quinta y \u00faltima etapa, no pod\u00eda ser de otra forma, comenzaba con mucha velocidad. M\u00e1s de 45 kil\u00f3metros en la primera de carrera y mucha pelea por la escapada del d\u00eda. Hasta en dos ocasiones se formaba una escapada con muchos corredores, pero Ineos Grenadiers, EF Education Easy Post y Astana Qazaqstan Team no quer\u00edan dejar marchar a tantos corredores. Finalmente, solo tres formaban la fuga del d\u00eda:&nbsp;<em>Marco Frigo<\/em>&nbsp;(Israel Premier Tech),&nbsp;<em>Jetse Bol<\/em>&nbsp;(Burgos-BH) y&nbsp;<em>Carlos Canal<\/em>(Euskaltel-Euskadi) que llegaban a tener m\u00e1s de 4 minutos de ventaja.<\/p>\n\n\n\n<p><em>Carlos Canal<\/em>&nbsp;lo probaba en solitario a falta de 20 kil\u00f3metros para el final. Al pie de la subida a las Lagunas de Neila la ventaja del corredor de Euskaltel Euskadi era de 1:20 con el pelot\u00f3n y unos pocos segundos sobre&nbsp;<em>Jetse Bol<\/em>&nbsp;y&nbsp;<em>Marco Frigo<\/em>.<\/p>\n\n\n\n<p>Ineos Grenadiers, con&nbsp;<em>Omar Fraile<\/em>, empezaba la \u00faltima ascensi\u00f3n en la cabeza del grupo. A falta de 8 kil\u00f3metros para la cima atacaba&nbsp;<em>Juanpe L\u00f3pez<\/em>, ciclista espa\u00f1ol de Trek Segafredo, y le segu\u00eda&nbsp;<em>Chris Harper<\/em>&nbsp;de Jumbo-Visma. El australiano llegaba a tener unos 10 segundos de ventaja sobre el pelot\u00f3n del que continuaba tirando siempre Ineos Greandiers, protegiendo al l\u00edder&nbsp;<em>Pavel Sivakov.<\/em><\/p>\n\n\n\n<p><a href=\"https:\/\/www.vueltaburgos.com\/es\/wp-content\/uploads\/2022\/08\/WhatsApp-Image-2022-08-06-at-4.49.15-PM.jpeg\"><\/a><\/p>\n\n\n\n<p id=\"caption-attachment-36614\">Joao Almeida gana en las Lagunas de Neila \u00a9 Bu5Comunicaci\u00f3n<\/p>\n\n\n\n<p>Un ataque de&nbsp;<em>Miguel \u00c1ngel L\u00f3pez<\/em>&nbsp;(Astana Premier Tech) a menos de 3 kil\u00f3metros para la meta terminaba con la escapada y romp\u00eda por completo el grupo de los favoritos.&nbsp;<em>Carlos Rodr\u00edguez<\/em>, campe\u00f3n de Espa\u00f1a, tiraba de su l\u00edder en Ineos y en el grupo solo quedaban algunos de los mejores ciclistas de la Vuelta a Burgos como&nbsp;<em>Jai Hindley<\/em>&nbsp;(Bora Hansgrohe),&nbsp;<em>Joao Almeida<\/em>&nbsp;(UAE Team Emirates) o&nbsp;<em>Ruben Guerreiro<\/em>&nbsp;(EF Education Easy Post).<\/p>\n\n\n\n<p>El ritmo de&nbsp;<em>Carlos Rodr\u00edguez<\/em>&nbsp;dejaba en el grupo de favoritos al l\u00edder,&nbsp;<em>Pavel Sivakov<\/em>, y a&nbsp;<em>Miguel \u00c1ngel L\u00f3pez<\/em>. M\u00e1s atr\u00e1s, sufriendo por volver,&nbsp;<em>Joao Almeida<\/em>&nbsp;que no quer\u00eda perder la opci\u00f3n de pelear la carrera. El portugu\u00e9s recuper\u00f3 fuerzas y lanzo un \u00faltimo ataque para ganar la etapa en las&nbsp;<strong>Lagunas de Neila<\/strong>, por delante de&nbsp;<em>Superm\u00e1n L\u00f3pez<\/em>. Tercero ha sido&nbsp;<em>Pavel Sivakov&nbsp;<\/em>que se adjudicaba la victoria en la&nbsp;<strong>Clasificaci\u00f3n General de la Vuelta a Burgos 2022<\/strong>.<\/p>\n\n\n\n<p>En el podio final le acompa\u00f1an\u00a0<em>Joao Almeida<\/em>, segundo, y\u00a0<em>Miguel \u00c1ngel L\u00f3pez<\/em>, tercero, que adem\u00e1s se adjudica la clasificaci\u00f3n de la monta\u00f1a.\u00a0<em>Rub\u00e9n Guerreiro<\/em>\u00a0(EF Education EasyPost) gana la clasificaci\u00f3n de la regularidad.\u00a0<em>Carlos Rodr\u00edguez<\/em>\u00a0(Ineos Grenadiers) ha terminado como mejor joven de la carrera y siendo el mejor ciclista espa\u00f1ol en la Clasificaci\u00f3n General en cuarta posici\u00f3n.<\/p>\n\n\n\n<p><\/p>\n\n\n\n<p>vueltaburgos.com<\/p>\n","protected":false},"excerpt":{"rendered":"<p>Podio final \u00a9 Bu5Comunicaci\u00f3n La \u00faltima etapa de la&nbsp;Vuelta a Burgos&nbsp;ha terminado con la tradicional ascensi\u00f3n a las&nbsp;Lagunas de Neila, partiendo desde&nbsp;Lerma.&nbsp;Joao Almeida&nbsp;ha conseguido su primera victoria en las&nbsp;Lagunas de Neila, despu\u00e9s de sufrir para seguir el ritmo impuesto por Ineos Greandiers en los kil\u00f3metros finales.&nbsp;Pavel Sivakov, l\u00edder desde la etapa del Pic\u00f3n Blanco, ha [&hellip;]<\/p>\n","protected":false},"author":1,"featured_media":130091,"comment_status":"closed","ping_status":"closed","sticky":false,"template":"","format":"standard","meta":{"_acf_changed":false,"_jetpack_memberships_contains_paid_content":false,"footnotes":"","jetpack_publicize_message":"","jetpack_publicize_feature_enabled":true,"jetpack_social_post_already_shared":true,"jetpack_social_options":{"image_generator_settings":{"template":"highway","default_image_id":0,"font":"","enabled":false},"version":2}},"categories":[14],"tags":[],"class_list":["post-130090","post","type-post","status-publish","format-standard","has-post-thumbnail","hentry","category-ciclismo"],"acf":[],"jetpack_publicize_connections":[],"jetpack_featured_media_url":"https:\/\/i0.wp.com\/sportseco.com\/wp-content\/uploads\/2022\/08\/WhatsApp-Image-2022-08-06-at-5.57.45-PM-980x675-1.jpg?fit=980%2C675&ssl=1","jetpack_sharing_enabled":true,"_links":{"self":[{"href":"https:\/\/sportseco.com\/index.php?rest_route=\/wp\/v2\/posts\/130090","targetHints":{"allow":["GET"]}}],"collection":[{"href":"https:\/\/sportseco.com\/index.php?rest_route=\/wp\/v2\/posts"}],"about":[{"href":"https:\/\/sportseco.com\/index.php?rest_route=\/wp\/v2\/types\/post"}],"author":[{"embeddable":true,"href":"https:\/\/sportseco.com\/index.php?rest_route=\/wp\/v2\/users\/1"}],"replies":[{"embeddable":true,"href":"https:\/\/sportseco.com\/index.php?rest_route=%2Fwp%2Fv2%2Fcomments&post=130090"}],"version-history":[{"count":1,"href":"https:\/\/sportseco.com\/index.php?rest_route=\/wp\/v2\/posts\/130090\/revisions"}],"predecessor-version":[{"id":130092,"href":"https:\/\/sportseco.com\/index.php?rest_route=\/wp\/v2\/posts\/130090\/revisions\/130092"}],"wp:featuredmedia":[{"embeddable":true,"href":"https:\/\/sportseco.com\/index.php?rest_route=\/wp\/v2\/media\/130091"}],"wp:attachment":[{"href":"https:\/\/sportseco.com\/index.php?rest_route=%2Fwp%2Fv2%2Fmedia&parent=130090"}],"wp:term":[{"taxonomy":"category","embeddable":true,"href":"https:\/\/sportseco.com\/index.php?rest_route=%2Fwp%2Fv2%2Fcategories&post=130090"},{"taxonomy":"post_tag","embeddable":true,"href":"https:\/\/sportseco.com\/index.php?rest_route=%2Fwp%2Fv2%2Ftags&post=130090"}],"curies":[{"name":"wp","href":"https:\/\/api.w.org\/{rel}","templated":true}]}}