{"id":130416,"date":"2022-08-13T10:40:16","date_gmt":"2022-08-13T14:40:16","guid":{"rendered":"https:\/\/sportseco.com\/?p=130416"},"modified":"2022-08-13T10:40:25","modified_gmt":"2022-08-13T14:40:25","slug":"con-seis-ciclistas-colombia-participara-en-el-tour-de-lavenir-2022","status":"publish","type":"post","link":"https:\/\/sportseco.com\/?p=130416","title":{"rendered":"Con seis ciclistas Colombia participar\u00e1 en el Tour de L\u00b4Avenir 2022 \u2013"},"content":{"rendered":"\n<h1 class=\"wp-block-heading\"><\/h1>\n\n\n\n<h2 class=\"wp-block-heading\">El Tour de L\u2019Avenir en su edici\u00f3n 2022 est\u00e1 por iniciar y, entre 18 y el 28 de agosto, seis pedalistas colombianos correr\u00e1n por el t\u00edtulo de la tradicional competici\u00f3n francesa.<\/h2>\n\n\n\n<p>Germ\u00e1n G\u00f3mez, actual campe\u00f3n de la Vuelta de la Juventud 2022, Jes\u00fas Pe\u00f1a, Edgar Andr\u00e9s Pinz\u00f3n, Brandon Pe\u00f1a, Nicol\u00e1s G\u00f3mez y Juan Manuel Barboza, ser\u00e1 los ciclistas que, de momento, conformen el seleccionado nacional que participar\u00e1 por octava vez consecutiva en la carrera internacional.<\/p>\n\n\n\n<p>La justa cicl\u00edstica congregar\u00e1 a los mejores pedalistas sub-23 de pa\u00edses como Alemania, Australia, Austria, B\u00e9lgica, Canad\u00e1, Dinamarca, Eritrea, Espa\u00f1a, Estados Unidos, Francia, Gran Breta\u00f1a, Irlanda, Italia, Kazajist\u00e1n, Luxemburgo, M\u00e9xico, Noruega, Portugal, Rep\u00fablica Checa, Eslovaquia, Eslovenia, Suiza, Auvergne-Rh\u00f4ne-Alpes y Pa\u00eds del Loira, adem\u00e1s de dos clubes regionales franceses.<\/p>\n\n\n\n<p>Colombia y Ecuador ser\u00e1n los \u00fanicos representantes suramericanos en la prueba de 10 d\u00edas.<\/p>\n\n\n\n<p>Vale recordar que el equipo colombiano ha ganado en seis ocasiones dicha competici\u00f3n. Alfonso L\u00f3pez, en 1980; Mart\u00edn Ram\u00edrez, en 1985; Nairo Quintana, en 2010; Esteban Chaves, en 2011; Miguel \u00c1ngel L\u00f3pez, en 2014, y Egan Bernal, en 2017, son los \u2018escarabajos\u2019 que se han adjudicado el t\u00edtulo de campeones del Tour de L\u2019Avenir.<\/p>\n\n\n\n<p><\/p>\n\n\n\n<p>olimpicocol.co<\/p>\n","protected":false},"excerpt":{"rendered":"<p>El Tour de L\u2019Avenir en su edici\u00f3n 2022 est\u00e1 por iniciar y, entre 18 y el 28 de agosto, seis pedalistas colombianos correr\u00e1n por el t\u00edtulo de la tradicional competici\u00f3n francesa. Germ\u00e1n G\u00f3mez, actual campe\u00f3n de la Vuelta de la Juventud 2022, Jes\u00fas Pe\u00f1a, Edgar Andr\u00e9s Pinz\u00f3n, Brandon Pe\u00f1a, Nicol\u00e1s G\u00f3mez y Juan Manuel Barboza, [&hellip;]<\/p>\n","protected":false},"author":1,"featured_media":130417,"comment_status":"closed","ping_status":"closed","sticky":false,"template":"","format":"standard","meta":{"_acf_changed":false,"_jetpack_memberships_contains_paid_content":false,"footnotes":"","jetpack_publicize_message":"","jetpack_publicize_feature_enabled":true,"jetpack_social_post_already_shared":true,"jetpack_social_options":{"image_generator_settings":{"template":"highway","default_image_id":0,"font":"","enabled":false},"version":2}},"categories":[14],"tags":[],"class_list":["post-130416","post","type-post","status-publish","format-standard","has-post-thumbnail","hentry","category-ciclismo"],"acf":[],"jetpack_publicize_connections":[],"jetpack_featured_media_url":"https:\/\/i0.wp.com\/sportseco.com\/wp-content\/uploads\/2022\/08\/WhatsApp-Image-2022-08-12-at-9_58_37-AM.jpg?fit=1080%2C607&ssl=1","jetpack_sharing_enabled":true,"_links":{"self":[{"href":"https:\/\/sportseco.com\/index.php?rest_route=\/wp\/v2\/posts\/130416","targetHints":{"allow":["GET"]}}],"collection":[{"href":"https:\/\/sportseco.com\/index.php?rest_route=\/wp\/v2\/posts"}],"about":[{"href":"https:\/\/sportseco.com\/index.php?rest_route=\/wp\/v2\/types\/post"}],"author":[{"embeddable":true,"href":"https:\/\/sportseco.com\/index.php?rest_route=\/wp\/v2\/users\/1"}],"replies":[{"embeddable":true,"href":"https:\/\/sportseco.com\/index.php?rest_route=%2Fwp%2Fv2%2Fcomments&post=130416"}],"version-history":[{"count":1,"href":"https:\/\/sportseco.com\/index.php?rest_route=\/wp\/v2\/posts\/130416\/revisions"}],"predecessor-version":[{"id":130418,"href":"https:\/\/sportseco.com\/index.php?rest_route=\/wp\/v2\/posts\/130416\/revisions\/130418"}],"wp:featuredmedia":[{"embeddable":true,"href":"https:\/\/sportseco.com\/index.php?rest_route=\/wp\/v2\/media\/130417"}],"wp:attachment":[{"href":"https:\/\/sportseco.com\/index.php?rest_route=%2Fwp%2Fv2%2Fmedia&parent=130416"}],"wp:term":[{"taxonomy":"category","embeddable":true,"href":"https:\/\/sportseco.com\/index.php?rest_route=%2Fwp%2Fv2%2Fcategories&post=130416"},{"taxonomy":"post_tag","embeddable":true,"href":"https:\/\/sportseco.com\/index.php?rest_route=%2Fwp%2Fv2%2Ftags&post=130416"}],"curies":[{"name":"wp","href":"https:\/\/api.w.org\/{rel}","templated":true}]}}