{"id":130453,"date":"2022-08-13T19:21:13","date_gmt":"2022-08-13T23:21:13","guid":{"rendered":"https:\/\/sportseco.com\/?p=130453"},"modified":"2022-08-13T19:21:22","modified_gmt":"2022-08-13T23:21:22","slug":"estefania-herrera-gano-en-bucaramanga-y-diana-penuela-se-mantuvo-lider-de-la-vuelta-a-colombia-2022","status":"publish","type":"post","link":"https:\/\/sportseco.com\/?p=130453","title":{"rendered":"Estefan\u00eda Herrera gan\u00f3 en Bucaramanga y Diana Pe\u00f1uela se mantuvo l\u00edder de la Vuelta a Colombia 2022"},"content":{"rendered":"\n<figure class=\"wp-block-image\"><img data-recalc-dims=\"1\" decoding=\"async\" src=\"https:\/\/i0.wp.com\/www.federacioncolombianadeciclismo.com\/wp-content\/uploads\/2022\/08\/ESTEFANIA-LLEGADA-ETAPA-5.jpg?w=640\" alt=\"\"\/><\/figure>\n\n\n\n<p>La corredora antioque\u00f1a Estefan\u00eda Herrera (Colombia Tierra de Atletas) se impuso en la ciudad de Bucaramanga donde termin\u00f3 la quinta y pen\u00faltima etapa de la Vuelta a Colombia Femenina Ministerio del Deporte 2022, en la que la caldense Diana Pe\u00f1uela (DNA Pro Cycling) conserv\u00f3 en su poder la camiseta Morada que la identifica como la l\u00edder de la carrera.<\/p>\n\n\n\n<p>En el municipio santandereano de Curit\u00ed se dio inicio a la quinta fracci\u00f3n de esta carrera, que organiza la Federaci\u00f3n Colombiana de Ciclismo y apoya el Ministerio del Deporte. All\u00ed, las m\u00e1s de 100 corredoras tomaron la partida de los 103.4 kil\u00f3metros que las llevar\u00edan a la ciudad de Bucaramanga, donde estaba ubicada la meta.<\/p>\n\n\n\n<p>La etapa comenz\u00f3 con un pelot\u00f3n compacto y muy activo. En el kil\u00f3metro 7.4 de carrera se present\u00f3 un intento de fuga con la corredora Shoko Kashiki (Team Illuminate), quien intent\u00f3 armar la escapada del d\u00eda, pero fue neutralizada por el grupo r\u00e1pidamente.<\/p>\n\n\n\n<p>Pasados los primeros 15 kil\u00f3metros de carrera, el pelot\u00f3n se manten\u00eda compacto. A los 17.7 kil\u00f3metros se present\u00f3 el primer Premio de Monta\u00f1a, donde gan\u00f3 Mar\u00eda G\u00f3mez (Supergiros), quien cruz\u00f3 delante de Andrea Alzate (CM Team) y de Ana Milena Fagua (Indeportes Boyac\u00e1).<\/p>\n\n\n\n<p>Pasado el puerto monta\u00f1oso, la corredora Mar\u00eda Catalina G\u00f3mez se fue en solitario y qued\u00f3 como cabeza de carrera, Andrea Alzate intent\u00f3 perseguirla, pero no aguant\u00f3 el ritmo, pues la corredora del Supergiros se mostraba con buenas piernas y se mantuvo al frente. Con 15 segundos de diferencia con el grupo l\u00edder emprendi\u00f3 Mar\u00eda Catalina el descenso por el m\u00edtico sector de Pescadero.<\/p>\n\n\n\n<p>En el descenso la corredora con el dorsal n\u00famero 271 en su espalda mantuvo la diferencia y la aument\u00f3, llegando a 40 segundos sobre el lote cuando acab\u00f3 el exigente descendimiento. All\u00ed se disput\u00f3 el primer Sprint Especial, donde gan\u00f3 G\u00f3mez, en segundo y tercer lugar pasaron Yenifer Ducuara y Elizabeth Casta\u00f1o (Colombia Tierra de Atletas), segunda y tercera, respectivamente.<\/p>\n\n\n\n<p>Pasado este premio intermedio se manten\u00eda Mar\u00eda Catalina al frente, sola, como cabeza de carrera, pero tras ella iba el grupo l\u00edder, conformado por Diana Pe\u00f1uela y su compa\u00f1era Anet Barrera; Luisa Hern\u00e1ndez (Merquimia); Lina Hern\u00e1ndez, Estefan\u00eda Herrera, Yenifer Ducuara y Ana Cristina Sanabria (Colombia Tierra de Atletas), Carolina Vargas (CM Team), G\u00e9nesis Cort\u00e9s (Indenorte) y Luisa Morales (Avinal).<\/p>\n\n\n\n<p>Mar\u00eda G\u00f3mez se mantuvo al frente mientras sus perseguidoras aumentaban el paso para darle caser\u00eda y a falta de 30 kil\u00f3metros para la meta lograron neutralizarla. Las diez corredoras quedaron como cabeza de carrera disputando el segundo Premio de Monta\u00f1a en el Alto de Curos (km 61.8 de carrera), donde gan\u00f3 Sanabria, por delante de Vargas y Hern\u00e1ndez.<\/p>\n\n\n\n<p>En el kil\u00f3metro73.7 de carrera estaba ubicado el segundo y \u00faltimo Sprint del d\u00eda, donde gan\u00f3 la l\u00edder Pe\u00f1uela, quien cruz\u00f3 la l\u00ednea por delante de Hern\u00e1ndez, segunda, y Barrera, tercera. A falta de 25 kil\u00f3metros para la meta, Estefan\u00eda Herrera lanz\u00f3 un ataque y parti\u00f3 en solitario.<\/p>\n\n\n\n<p>La antioque\u00f1a impuso un fuerte ritmo y consigui\u00f3 una diferencia de m\u00e1s de un minuto con el grupo perseguidor, donde marchaba la l\u00edder Pe\u00f1uela. La corredora dirigida por Roc\u00edo Parrado se mantuvo firme al frente de la carrera y logr\u00f3 entrar en solitario a los \u00faltimos kil\u00f3metros, donde apret\u00f3 m\u00e1s el ritmo y consigui\u00f3 cruzar la raya de sentencia en solitario, logrando la victoria de etapa.<\/p>\n\n\n\n<p>\u201cHe tenido la oportunidad de ganar en otras ocasiones, pero esta es muy especial para m\u00ed, porque es una forma de compensar a mi equipo y a mis compa\u00f1eras que han luchado mucho por esta etapa. Desde un principio buscamos ubicar bien a mi compa\u00f1era Lina Hern\u00e1ndez, para que pudiera ganar la carrera, al final se me dio a m\u00ed y estoy muy contenta por el triunfo\u201d, expres\u00f3 Estefan\u00eda Herrera al final de la etapa.<\/p>\n\n\n\n<p>A 1 minuto y 32 segundos lleg\u00f3 el grupo con la l\u00edder Diana Pe\u00f1uela, quien no tuvo inconvenientes con su camiseta y mantuvo en su poder, por quinto d\u00eda consecutivo, el liderato de la carrera.<\/p>\n\n\n\n<p><a href=\"https:\/\/i1.wp.com\/www.federacioncolombianadeciclismo.com\/wp-content\/uploads\/2022\/08\/DIANA-LIDER-ETAPA-5.jpg\"><\/a><\/p>\n\n\n\n<p id=\"caption-attachment-56587\"><strong><em>Diana Pe\u00f1uela est\u00e1 a un d\u00eda de ser la nueva campeona de la Vuelta a Colombia Femenina.<\/em><\/strong><\/p>\n\n\n\n<p>\u201cFue un d\u00eda dif\u00edcil, sab\u00edamos que no iba a ser f\u00e1cil, a pesar de que logr\u00e9 sacar tiempo en la crono, el d\u00eda de hoy fue muy dif\u00edcil, fue una etapa muy r\u00e1pida y fuerte, sab\u00eda que se iban a presentar varios ataques, el Colombia Tierra de Atletas es un equipo que est\u00e1 completo mientras que yo solo ten\u00eda a Anet para responder y lo hicimos de la mejor manera. En un momento se me fue la fuga, pero al final pude entrar y recuperar un poco para responder&nbsp; los ataques que segu\u00edan\u201d, detall\u00f3 la l\u00edder.<\/p>\n\n\n\n<p>La caldense afirm\u00f3 que ma\u00f1ana \u201cser\u00e1 un circuito muy bonito, muy r\u00e1pido y espero que la gente salga a apoyarnos\u201d.<\/p>\n\n\n\n<p>La sexta y \u00faltima fracci\u00f3n de esta carrera se disputar\u00e1 este domingo 14 de agosto, desde las 9:30 am., con un circuito en la ciudad de Bucaramanga que consta de siete vueltas de 12.9 kil\u00f3metros cada una para completar un total de 90.3 kil\u00f3metros.<\/p>\n\n\n\n<p>El final de la s\u00e9ptima edici\u00f3n de la Vuelta a Colombia Femenina Ministerio del Deporte 2022 se podr\u00e1 ver en directo por la se\u00f1al del Canal RCN y de Se\u00f1al Colombia, desde las 10:30 de la ma\u00f1ana.<\/p>\n\n\n\n<p><\/p>\n\n\n\n<p>federacioncolombianadeciclismo.com<\/p>\n","protected":false},"excerpt":{"rendered":"<p>La corredora antioque\u00f1a Estefan\u00eda Herrera (Colombia Tierra de Atletas) se impuso en la ciudad de Bucaramanga donde termin\u00f3 la quinta y pen\u00faltima etapa de la Vuelta a Colombia Femenina Ministerio del Deporte 2022, en la que la caldense Diana Pe\u00f1uela (DNA Pro Cycling) conserv\u00f3 en su poder la camiseta Morada que la identifica como la [&hellip;]<\/p>\n","protected":false},"author":1,"featured_media":130454,"comment_status":"closed","ping_status":"closed","sticky":false,"template":"","format":"standard","meta":{"_acf_changed":false,"_jetpack_memberships_contains_paid_content":false,"footnotes":"","jetpack_publicize_message":"","jetpack_publicize_feature_enabled":true,"jetpack_social_post_already_shared":true,"jetpack_social_options":{"image_generator_settings":{"template":"highway","default_image_id":0,"font":"","enabled":false},"version":2}},"categories":[14],"tags":[],"class_list":["post-130453","post","type-post","status-publish","format-standard","has-post-thumbnail","hentry","category-ciclismo"],"acf":[],"jetpack_publicize_connections":[],"jetpack_featured_media_url":"https:\/\/i0.wp.com\/sportseco.com\/wp-content\/uploads\/2022\/08\/DIANA-LIDER-ETAPA-5.jpg?fit=1024%2C683&ssl=1","jetpack_sharing_enabled":true,"_links":{"self":[{"href":"https:\/\/sportseco.com\/index.php?rest_route=\/wp\/v2\/posts\/130453","targetHints":{"allow":["GET"]}}],"collection":[{"href":"https:\/\/sportseco.com\/index.php?rest_route=\/wp\/v2\/posts"}],"about":[{"href":"https:\/\/sportseco.com\/index.php?rest_route=\/wp\/v2\/types\/post"}],"author":[{"embeddable":true,"href":"https:\/\/sportseco.com\/index.php?rest_route=\/wp\/v2\/users\/1"}],"replies":[{"embeddable":true,"href":"https:\/\/sportseco.com\/index.php?rest_route=%2Fwp%2Fv2%2Fcomments&post=130453"}],"version-history":[{"count":1,"href":"https:\/\/sportseco.com\/index.php?rest_route=\/wp\/v2\/posts\/130453\/revisions"}],"predecessor-version":[{"id":130455,"href":"https:\/\/sportseco.com\/index.php?rest_route=\/wp\/v2\/posts\/130453\/revisions\/130455"}],"wp:featuredmedia":[{"embeddable":true,"href":"https:\/\/sportseco.com\/index.php?rest_route=\/wp\/v2\/media\/130454"}],"wp:attachment":[{"href":"https:\/\/sportseco.com\/index.php?rest_route=%2Fwp%2Fv2%2Fmedia&parent=130453"}],"wp:term":[{"taxonomy":"category","embeddable":true,"href":"https:\/\/sportseco.com\/index.php?rest_route=%2Fwp%2Fv2%2Fcategories&post=130453"},{"taxonomy":"post_tag","embeddable":true,"href":"https:\/\/sportseco.com\/index.php?rest_route=%2Fwp%2Fv2%2Ftags&post=130453"}],"curies":[{"name":"wp","href":"https:\/\/api.w.org\/{rel}","templated":true}]}}