{"id":130481,"date":"2022-08-14T18:05:52","date_gmt":"2022-08-14T22:05:52","guid":{"rendered":"https:\/\/sportseco.com\/?p=130481"},"modified":"2022-08-14T18:06:01","modified_gmt":"2022-08-14T22:06:01","slug":"diana-penuela-indiscutible-campeona-de-la-vuelta-a-colombia-femenina-2022","status":"publish","type":"post","link":"https:\/\/sportseco.com\/?p=130481","title":{"rendered":"Diana Pe\u00f1uela, indiscutible campeona de la Vuelta a Colombia Femenina 2022"},"content":{"rendered":"\n<figure class=\"wp-block-image\"><img data-recalc-dims=\"1\" decoding=\"async\" src=\"https:\/\/i0.wp.com\/www.federacioncolombianadeciclismo.com\/wp-content\/uploads\/2022\/08\/CAMPEONA-PODIO-FINAL.jpg?w=640&#038;ssl=1\" alt=\"\"\/><\/figure>\n\n\n\n<p>Seis etapas, seis d\u00edas de l\u00edder y cuatro triunfos, una carrera perfecta para la caldense Diana Carolina Pe\u00f1uela, quien este domingo se coron\u00f3 como la nueva campeona de la Vuelta a Colombia Femenina tras mantener en su poder la camiseta Morada en la sexta y \u00faltima jornada, en la que se impuso la antioque\u00f1a Andrea Alzate.<\/p>\n\n\n\n<p>De ensue\u00f1o, as\u00ed fue para la nacida en la ciudad de Manizales esta edici\u00f3n n\u00famero siete de la carrera por etapas m\u00e1s importante en el calendario nacional para la rama femenina. Vestida de l\u00edder de principio a fin, el resultado a un presagio que tuvo el d\u00eda que recibi\u00f3 su dorsal, pues como ella misma cont\u00f3, cuando vio que correr\u00eda con el n\u00famero 11 en su espalda record\u00f3 que fue el mismo con el que la ciclista holandesa Annemiek Van Vleuten gan\u00f3 el Tour de Francia Femenino y con ese mismo n\u00famero ganar\u00eda ella esta carrera, palabras que al final terminaron siendo ciertas.<\/p>\n\n\n\n<p>La sexta y \u00faltima jornada se disput\u00f3 en la ciudad de Bucaramanga con un circuito de 7 vueltas en los que las corredoras salieron con un ritmo muy fuerte, lo que pronosticaba un final muy r\u00e1pido. Desde la primera vuelta se empezaron a presentar las fugas, corredoras como Shoko Kashiki (Team Illuminate), Paula Latriglia (CM Team) y Laura Castillo (Liro Sport) fueron las primeras en partir del grupo.<\/p>\n\n\n\n<p>El primer Premio de Monta\u00f1a fue para Ana Cristina Sanabria (Colombia Tierra de Atletas) y el primer Sprint Especial lo gan\u00f3 Latriglia, por delante de Castillo y de Vanesa Mart\u00ednez (Merquimia). En la tercera vuelta se present\u00f3 una fuerte ca\u00edda, que dej\u00f3 varias corredoras involucradas y algunas fuera de competencia.<\/p>\n\n\n\n<p>En el tercer giro, con el grupo compacto, el segundo Premio de Monta\u00f1a lo gan\u00f3 G\u00e9nesis Cort\u00e9s (IndeNorte). All\u00ed la nueva fuga la conformaron Ana Vivar (Movistar) y Mar\u00eda Camargo (Liro Sport). El segundo Sprint fue para Vivar, quien en ese momento se encontraba sola como cabeza de carrera; en segundo lugar pas\u00f3 Carolina Vargas (CM Team) y en tercera fue Anet Barrera (DNA Pro Cycling).<\/p>\n\n\n\n<p>En la quinta vuelta el grupo control\u00f3 a Vivar, pero minutos despu\u00e9s parti\u00f3 Natalia Mu\u00f1oz (Team Illuminate), quien se llev\u00f3 el tercer y \u00faltimo Premio de Monta\u00f1a del d\u00eda. M\u00e1s adelante se uni\u00f3 a Mu\u00f1oz, Andrea Alzate (CM Team), ambas apretaron el ritmo y lograron una diferencia m\u00e1xima de 2 minutos y 15 segundos con el grupo principal. Andrea gan\u00f3 el tercer y \u00faltimo Sprint, seguida de Mu\u00f1oz y en tercer lugar cruz\u00f3 Estefan\u00eda Herrera (Colombia Tierra de Atletas).<\/p>\n\n\n\n<p>El \u00faltimo giro fue comandado por la dupla de punta, quienes disputaron el embalaje final donde la ganadora fue Andrea, quien cruz\u00f3 en primer lugar la l\u00ednea de meta.<\/p>\n\n\n\n<p><a href=\"https:\/\/i1.wp.com\/www.federacioncolombianadeciclismo.com\/wp-content\/uploads\/2022\/08\/LLEGADA-ETAPA-6.jpg\"><\/a><\/p>\n\n\n\n<p id=\"caption-attachment-56648\"><strong><em>Llegada de la sexta etapa, en la que gan\u00f3 Andrea Alzate (CM Team).<\/em><\/strong><\/p>\n\n\n\n<p>\u201cFue una etapa muy bonita, bastante r\u00e1pida y exigente, con un repecho duro, tuvimos ca\u00eddas, pero al final contamos con las mejores sensaciones, es un triunfo que se da gracias al trabajo de todo un equipo, lo buscamos desde el primer d\u00eda y estamos muy felices por llevarnos esta etapa y el t\u00edtulo de campeona Sub-23\u201d, expres\u00f3 la antioque\u00f1a, nacida en el municipio de Girardota.<\/p>\n\n\n\n<p>La l\u00edder Diana Pe\u00f1uela cruz\u00f3 la l\u00ednea de meta en la cuarta posici\u00f3n, a 2 minutos y 06 minutos de la ganadora, diferencia que no influy\u00f3 en nada en la clasificaci\u00f3n general y que le permiti\u00f3 subir al podio a recoger su trofeo como campeona de la Vuelta a Colombia Femenina Ministerio del Deporte 2022.<\/p>\n\n\n\n<p><a href=\"https:\/\/i2.wp.com\/www.federacioncolombianadeciclismo.com\/wp-content\/uploads\/2022\/08\/LLEGADA-CAMPEONA-ETAPA-6.jpg\"><\/a><\/p>\n\n\n\n<p id=\"caption-attachment-56647\"><em><strong>Llegada a la meta de la l\u00edder y nueva campeona de la Vuelta a Colombia Femenina, Diana Pe\u00f1uela.<\/strong><\/em><\/p>\n\n\n\n<p>\u201cEstoy demasiado feliz, demasiado agradecida con mi equipo, con la log\u00edstica y mi entrenador, esto es un triunfo de todos, yo no hubiera podido haber hecho esto sola y fue muy especial poderle dar este reconocimiento a mi equipo, que se vino hasta ac\u00e1 sabiendo que no es f\u00e1cil poder traer toda la log\u00edstica y es muy bonito recompensarlos as\u00ed. Esperemos seguir con este estado de forma, que el nivel siga subiendo y que lo que viene salga muy bien\u201d, manifest\u00f3 la corredora del DNA Pro Cycling.<\/p>\n\n\n\n<p>Al ser preguntada de por qu\u00e9 no se daba como campeona en d\u00edas anteriores, la corredora de 35 a\u00f1os afirm\u00f3 que \u201cno es que sea modesta, la verdad es que no me sale tan natural ser ambiciosa, de pronto tengo esa duda en m\u00ed, creo que es lo que me hace trabajar fuerte y hoy sal\u00ed como si fuera el primer d\u00eda de competencia\u201d.<\/p>\n\n\n\n<p>Sobre su liderato perfecto en esta carrera, que organiza la Federaci\u00f3n Colombiana de Ciclismo y que apoya el Ministerio del Deporte, la caldense confes\u00f3 que \u201cla verdad es que no esperaba montarme de l\u00edder toda la carrera, s\u00ed esperaba hacerlo el primer d\u00eda, pero mantenerlo no tanto. Quer\u00eda ganar en Tunja, porque quita un poquito de presi\u00f3n ser l\u00edder aunque sea un d\u00eda y poderse montar al podio, pero ya despu\u00e9s de estar ah\u00ed y ver las condiciones que tra\u00eda y el equipo con el que contaba, por qu\u00e9 no luchar cada d\u00eda por mantener el liderato\u201d.<\/p>\n\n\n\n<p>As\u00ed mismo, reconoci\u00f3 que no la tuvo f\u00e1cil, en modo jocoso exclam\u00f3: \u201cSi me despein\u00e9, pero el casco no dej\u00f3 ver el despeluque. Fueron etapas muy duras, especialmente la de ayer, pero se pudieron sortear de buena forma\u201d.<\/p>\n\n\n\n<p>Al final, resalt\u00f3 el podio de su compa\u00f1era, la mexicana Anet Barrera, de quien destac\u00f3 que \u201cse merec\u00eda este podio, el a\u00f1o pasado se lo quitaron el \u00faltimo d\u00eda y este a\u00f1o le dije no te lo va a quitar por nada y yo te voy a ayudar a conservarlo, as\u00ed lo hicimos y me siento demasiado feliz de compartir el podio con ella\u201d.<\/p>\n\n\n\n<p><a href=\"http:\/\/www.federacioncolombianadeciclismo.com\/wp-content\/uploads\/2022\/08\/CLASIFICACION-SEXTA-ETAPA-VTACOL-FEMENINA-2022.pdf\" target=\"_blank\" rel=\"noreferrer noopener\"><strong>DESCARGUE AQU\u00cd LAS CLASIFICACIONES OFICIALES DE LA ETAPA 6<\/strong><\/a><\/p>\n\n\n\n<p><strong>PODIO GENERAL FINAL DE LA VUELTA A COLOMBIA FEMENINA MINISTERIO DEL DEPORTE 2022<\/strong><\/p>\n\n\n\n<figure class=\"wp-block-image\"><a href=\"https:\/\/i0.wp.com\/www.federacioncolombianadeciclismo.com\/wp-content\/uploads\/2022\/08\/PODIO-GENERAL-FINAL.jpg\"><img decoding=\"async\" src=\"https:\/\/i0.wp.com\/www.federacioncolombianadeciclismo.com\/wp-content\/uploads\/2022\/08\/PODIO-GENERAL-FINAL.jpg?resize=1000%2C667\" alt=\"\" class=\"wp-image-56649\"\/><\/a><\/figure>\n\n\n\n<p>De izquierda a derecha:&nbsp;Anet Barrera (DNA Pro Cycling), tercera; Diana Carolina Pe\u00f1uela (DNA Pro Cycling), campeona; y Lina Marcela Hern\u00e1ndez (Colombia Tierra de Atletas), subcampeona.<\/p>\n\n\n\n<p><strong>CAMPEONAS VUELTA A COLOMBIA FEMENINA MINISTERIO DEL DEPORTE 2022<\/strong><\/p>\n\n\n\n<figure class=\"wp-block-image\"><a href=\"https:\/\/i2.wp.com\/www.federacioncolombianadeciclismo.com\/wp-content\/uploads\/2022\/08\/CAMPEONAS.jpg\"><img decoding=\"async\" src=\"https:\/\/i2.wp.com\/www.federacioncolombianadeciclismo.com\/wp-content\/uploads\/2022\/08\/CAMPEONAS.jpg?resize=1000%2C667\" alt=\"\" class=\"wp-image-56646\"\/><\/a><\/figure>\n\n\n\n<p><strong>\u2013 Campeona general:&nbsp;<\/strong>Diana Pe\u00f1uela (DNA Pro Cycling)<\/p>\n\n\n\n<p><strong>\u2013 Subcampeona:&nbsp;<\/strong>Lina Marcela Hern\u00e1ndez (Colombia Tierra de Atletas)<\/p>\n\n\n\n<p>\u2013&nbsp;<strong>Tercera:&nbsp;<\/strong>Anet Barrera (DNA Pro Cycling)<\/p>\n\n\n\n<p><strong>\u2013 Campeona Sprints Especiales:&nbsp;<\/strong>Vanesa Mart\u00ednez (Merquimia)<\/p>\n\n\n\n<p><strong>\u2013 Campeona Monta\u00f1a:&nbsp;<\/strong>Ana Cristina Sanabria (Colombia Tierra de Atletas)<\/p>\n\n\n\n<p><strong>\u2013 Campeona Por Puntos:&nbsp;<\/strong>Diana Pe\u00f1uela (DNA Pro Cycling)<\/p>\n\n\n\n<p><strong>\u2013 Campeona Sub-23:&nbsp;<\/strong>Carolina Vargas (CM Team)<\/p>\n\n\n\n<p><strong>\u2013 Mejor Colombiana:&nbsp;<\/strong>Diana Pe\u00f1uela (DNA Pro Cycling)<\/p>\n\n\n\n<p><strong>\u2013 Mejor Extranjera:&nbsp;<\/strong>Anet Barrera (DNA Pro Cycling)<\/p>\n\n\n\n<p><strong>\u2013 Campe\u00f3n Por Equipos:\u00a0<\/strong>Colombia Tierra de Atletas<\/p>\n\n\n\n<p><\/p>\n\n\n\n<p>federacioncolombianadeciclismo.com<\/p>\n","protected":false},"excerpt":{"rendered":"<p>Seis etapas, seis d\u00edas de l\u00edder y cuatro triunfos, una carrera perfecta para la caldense Diana Carolina Pe\u00f1uela, quien este domingo se coron\u00f3 como la nueva campeona de la Vuelta a Colombia Femenina tras mantener en su poder la camiseta Morada en la sexta y \u00faltima jornada, en la que se impuso la antioque\u00f1a Andrea [&hellip;]<\/p>\n","protected":false},"author":1,"featured_media":130482,"comment_status":"closed","ping_status":"closed","sticky":false,"template":"","format":"standard","meta":{"_acf_changed":false,"_jetpack_memberships_contains_paid_content":false,"footnotes":"","jetpack_publicize_message":"","jetpack_publicize_feature_enabled":true,"jetpack_social_post_already_shared":true,"jetpack_social_options":{"image_generator_settings":{"template":"highway","default_image_id":0,"font":"","enabled":false},"version":2}},"categories":[14],"tags":[],"class_list":["post-130481","post","type-post","status-publish","format-standard","has-post-thumbnail","hentry","category-ciclismo"],"acf":[],"jetpack_publicize_connections":[],"jetpack_featured_media_url":"https:\/\/i0.wp.com\/sportseco.com\/wp-content\/uploads\/2022\/08\/CAMPEONA-PODIO-FINAL.jpg?fit=1560%2C1040&ssl=1","jetpack_sharing_enabled":true,"_links":{"self":[{"href":"https:\/\/sportseco.com\/index.php?rest_route=\/wp\/v2\/posts\/130481","targetHints":{"allow":["GET"]}}],"collection":[{"href":"https:\/\/sportseco.com\/index.php?rest_route=\/wp\/v2\/posts"}],"about":[{"href":"https:\/\/sportseco.com\/index.php?rest_route=\/wp\/v2\/types\/post"}],"author":[{"embeddable":true,"href":"https:\/\/sportseco.com\/index.php?rest_route=\/wp\/v2\/users\/1"}],"replies":[{"embeddable":true,"href":"https:\/\/sportseco.com\/index.php?rest_route=%2Fwp%2Fv2%2Fcomments&post=130481"}],"version-history":[{"count":1,"href":"https:\/\/sportseco.com\/index.php?rest_route=\/wp\/v2\/posts\/130481\/revisions"}],"predecessor-version":[{"id":130483,"href":"https:\/\/sportseco.com\/index.php?rest_route=\/wp\/v2\/posts\/130481\/revisions\/130483"}],"wp:featuredmedia":[{"embeddable":true,"href":"https:\/\/sportseco.com\/index.php?rest_route=\/wp\/v2\/media\/130482"}],"wp:attachment":[{"href":"https:\/\/sportseco.com\/index.php?rest_route=%2Fwp%2Fv2%2Fmedia&parent=130481"}],"wp:term":[{"taxonomy":"category","embeddable":true,"href":"https:\/\/sportseco.com\/index.php?rest_route=%2Fwp%2Fv2%2Fcategories&post=130481"},{"taxonomy":"post_tag","embeddable":true,"href":"https:\/\/sportseco.com\/index.php?rest_route=%2Fwp%2Fv2%2Ftags&post=130481"}],"curies":[{"name":"wp","href":"https:\/\/api.w.org\/{rel}","templated":true}]}}