{"id":131139,"date":"2022-08-28T09:20:14","date_gmt":"2022-08-28T13:20:14","guid":{"rendered":"https:\/\/sportseco.com\/?p=131139"},"modified":"2022-08-28T09:20:18","modified_gmt":"2022-08-28T13:20:18","slug":"tama-un-nuevo-huesped-en-el-bioparque-wakata-proveniente-del-parque-nacional-natural-tama","status":"publish","type":"post","link":"https:\/\/sportseco.com\/?p=131139","title":{"rendered":"\u201cTam\u00e1\u201d un nuevo hu\u00e9sped en el Bioparque Wakat\u00e1 proveniente del Parque Nacional Natural Tam\u00e1."},"content":{"rendered":"\n<ul class=\"wp-block-list\"><li>Parques Nacionales Naturales de Colombia, de la mano del Parque Jaime Duque, adelantan acciones para la conservaci\u00f3n de los Osos Andinos.<\/li><li>Tam\u00e1 es un Oso Andino, que como su nombre lo indica procede de los ecosistemas del Parque Nacional Natural Tam\u00e1, sin embargo, no cuenta con las condiciones adecuadas para ser reintegrado al medio silvestre, por eso, este oso ser\u00e1 parte de procesos de educaci\u00f3n.<\/li><li>La cacer\u00eda del Oso Andino pone en riesgo el bienestar de las especies de fauna en Colombia.<\/li><\/ul>\n\n\n\n<p><strong>Bogot\u00e1, 27 de agosto de 2022.<\/strong>\u00a0Tam\u00e1, un Oso Andino que a causa de los cazadores perdi\u00f3 a su madre hace 8 a\u00f1os, ya no podr\u00e1 volver a la vida silvestre, raz\u00f3n por la cual Parques Nacionales Naturales de Colombia, junto al Bioparque Wakat\u00e1 del Parque Jaime Duque, trabajan de la mano para su protecci\u00f3n.<\/p>\n\n\n\n<p>Tam\u00e1 es un Oso de Anteojos rescatado en el Parque Nacional Natural Tam\u00e1 en el a\u00f1o 2014 cuando era un osezno en condici\u00f3n de aprendizaje, su madre fue asesinada por cazadores de la zona por lo que el oso qued\u00f3 sin su figura materna quien era la encargada de ense\u00f1ar a la criatura a sobrevivir de manera natural y silvestre en los ecosistemas de p\u00e1ramo, bosque andino y alto andino, h\u00e1bitat de esta especie.<\/p>\n\n\n\n<p>A partir de ese momento el ejemplar fue puesto a disposici\u00f3n de entidades ambientales y, con el apoyo de la fundaci\u00f3n Bioandina, se brind\u00f3 cuidado f\u00edsico y rehabilitaci\u00f3n comportamental del individuo, sin embargo, a pesar de los esfuerzos, hoy en d\u00eda no presenta las condiciones comportamentales que aseguren la supervivencia del oso en un entorno silvestre.<\/p>\n\n\n\n<p>Es posible que al crecer consumiendo frutas y verduras cultivadas, compartiendo el espacio con otros individuos de Oso Andino y las interacciones positivas generadas con humanos que le brindaron el cuidado; el oso en un entorno silvestre no lograra&nbsp; establecer un \u00e1rea de h\u00e1bitat optima, con alimento y refugio suficiente que pueda a su vez defender y delimitar su territorio frente a otros individuos de Oso Andino machos.<\/p>\n\n\n\n<p>Los Osos Andinos machos son territoriales, compartiendo su \u00e1rea de h\u00e1bitat con varias hembras, pero son poco tolerantes a la presencia de otros osos machos. A su vez, es posible que el oso en un entorno silvestre se convierta en un problema, al aproximarse a cultivos o casas de campo, conllevando a eventos de persecuci\u00f3n y hostigamiento por miedo de comunidades humanas de la zona, usando t\u00e9cnicas como el trampeo o la cacer\u00eda que pueden conllevar a la muerte del oso liberado.<\/p>\n\n\n\n<p>Teniendo en cuenta lo anterior y despu\u00e9s del an\u00e1lisis t\u00e9cnico para encontrar el mejor destino final para este ejemplar, Parques Nacionales Naturales de Colombia junto al BioParque Wakat\u00e1 del Parque Jaime Duque, llegaron a un acuerdo que pudiese proporcionar un recinto de contenci\u00f3n apropiado, garantizando para el oso el bienestar en cautiverio a largo plazo.<\/p>\n\n\n\n<p>El Parque Jaime Duque cuenta con experiencia en el manejo de la especie, cuenta con varios individuos, as\u00ed como diversas estrategias de investigaci\u00f3n y educaci\u00f3n ambiental dirigidas a ni\u00f1os y al p\u00fablico en general que promueven acciones para la protecci\u00f3n de la biodiversidad de Colombia y el mundo.<\/p>\n\n\n\n<p>El Oso Andino u Oso de Anteojos, hace parte de las especies emblem\u00e1ticas del continente americano y su presencia es de suma importancia para los p\u00e1ramos de Colombia, es una especie sombrilla, lo que indica que su conservaci\u00f3n contribuye de manera significativa a la protecci\u00f3n y equilibrio ecosist\u00e9mico. En Colombia hace presencia en 23 \u00e1reas protegidas de las 64 que administra Parques Nacionales Naturales.<\/p>\n\n\n\n<p>A pesar de estar catalogado como vulnerable a la extinci\u00f3n (VU, A4cd) por la Uni\u00f3n Internacional para la Conservaci\u00f3n de la Naturaleza (UICN) y por el Ministerio de Ambiente y Desarrollo Sostenible (Resoluci\u00f3n 1912 de 2017), en la actualidad las principales amenazas que recaen sobre la especie incluyen las actividades de origen humano sobre los ecosistemas naturales que conducen a la p\u00e9rdida, de sus h\u00e1bitats. As\u00ed mismo, la cacer\u00eda y conflictos con territoriales tambi\u00e9n reducen sus poblaciones.<\/p>\n\n\n\n<p><\/p>\n\n\n\n<p>parquesnacionales.gov.co<\/p>\n","protected":false},"excerpt":{"rendered":"<p>Parques Nacionales Naturales de Colombia, de la mano del Parque Jaime Duque, adelantan acciones para la conservaci\u00f3n de los Osos Andinos. Tam\u00e1 es un Oso Andino, que como su nombre lo indica procede de los ecosistemas del Parque Nacional Natural Tam\u00e1, sin embargo, no cuenta con las condiciones adecuadas para ser reintegrado al medio silvestre, [&hellip;]<\/p>\n","protected":false},"author":1,"featured_media":131140,"comment_status":"closed","ping_status":"closed","sticky":false,"template":"","format":"standard","meta":{"_acf_changed":false,"_jetpack_memberships_contains_paid_content":false,"footnotes":"","jetpack_publicize_message":"","jetpack_publicize_feature_enabled":true,"jetpack_social_post_already_shared":true,"jetpack_social_options":{"image_generator_settings":{"template":"highway","default_image_id":0,"font":"","enabled":false},"version":2}},"categories":[6],"tags":[],"class_list":["post-131139","post","type-post","status-publish","format-standard","has-post-thumbnail","hentry","category-ecologia"],"acf":[],"jetpack_publicize_connections":[],"jetpack_featured_media_url":"https:\/\/i0.wp.com\/sportseco.com\/wp-content\/uploads\/2022\/08\/oso-tama.jpg?fit=1200%2C630&ssl=1","jetpack_sharing_enabled":true,"_links":{"self":[{"href":"https:\/\/sportseco.com\/index.php?rest_route=\/wp\/v2\/posts\/131139","targetHints":{"allow":["GET"]}}],"collection":[{"href":"https:\/\/sportseco.com\/index.php?rest_route=\/wp\/v2\/posts"}],"about":[{"href":"https:\/\/sportseco.com\/index.php?rest_route=\/wp\/v2\/types\/post"}],"author":[{"embeddable":true,"href":"https:\/\/sportseco.com\/index.php?rest_route=\/wp\/v2\/users\/1"}],"replies":[{"embeddable":true,"href":"https:\/\/sportseco.com\/index.php?rest_route=%2Fwp%2Fv2%2Fcomments&post=131139"}],"version-history":[{"count":1,"href":"https:\/\/sportseco.com\/index.php?rest_route=\/wp\/v2\/posts\/131139\/revisions"}],"predecessor-version":[{"id":131141,"href":"https:\/\/sportseco.com\/index.php?rest_route=\/wp\/v2\/posts\/131139\/revisions\/131141"}],"wp:featuredmedia":[{"embeddable":true,"href":"https:\/\/sportseco.com\/index.php?rest_route=\/wp\/v2\/media\/131140"}],"wp:attachment":[{"href":"https:\/\/sportseco.com\/index.php?rest_route=%2Fwp%2Fv2%2Fmedia&parent=131139"}],"wp:term":[{"taxonomy":"category","embeddable":true,"href":"https:\/\/sportseco.com\/index.php?rest_route=%2Fwp%2Fv2%2Fcategories&post=131139"},{"taxonomy":"post_tag","embeddable":true,"href":"https:\/\/sportseco.com\/index.php?rest_route=%2Fwp%2Fv2%2Ftags&post=131139"}],"curies":[{"name":"wp","href":"https:\/\/api.w.org\/{rel}","templated":true}]}}