{"id":131168,"date":"2022-08-28T14:04:50","date_gmt":"2022-08-28T18:04:50","guid":{"rendered":"https:\/\/sportseco.com\/?p=131168"},"modified":"2022-08-28T14:04:54","modified_gmt":"2022-08-28T18:04:54","slug":"renacimiento-el-nuevo-partido-de-macron-prioriza-la-lucha-contra-el-desorden-climatico","status":"publish","type":"post","link":"https:\/\/sportseco.com\/?p=131168","title":{"rendered":"Renacimiento, el nuevo partido de Macron, prioriza la lucha contra el \u00abdesorden clim\u00e1tico\u00bb"},"content":{"rendered":"\n<p id=\"primero\"><strong>Antonio Torres del Cerro.- Par\u00eds.- Renacimiento, el partido que suceder\u00e1 este septiembre a la Rep\u00fablica en Marcha, la formaci\u00f3n del presidente franc\u00e9s, Emmanuel Macron, ha establecido como prioridad la lucha contra \u00abel nuevo desorden clim\u00e1tico\u00bb, afirm\u00f3 la primera ministra gala, \u00c9lisabeth Borne.<\/strong><\/p>\n\n\n\n<p>Borne clausur\u00f3 en Metz (norte) una reuni\u00f3n de altos cargos de La Rep\u00fablica en Marcha y los peque\u00f1os partidos con los que pretende fusionarse (Agir, de centro derecha, y Territorios de Progreso, de centro-izquierda) para alumbrar en septiembre una nueva formaci\u00f3n: Renacimiento.<\/p>\n\n\n\n<h2 class=\"wp-block-heading\">\u00abDesorden clim\u00e1tico\u00bb<\/h2>\n\n\n\n<blockquote class=\"wp-block-quote is-layout-flow wp-block-quote-is-layout-flow\"><p>\u00abEstamos en un nuevo orden mundial, dir\u00eda m\u00e1s bien en un nuevo&nbsp;<strong>desorden internacional en lo econ\u00f3mico y clim\u00e1tico<\/strong>\u00ab, advirti\u00f3 Borne, en alusi\u00f3n a que hay que prepararse para enfrentar cat\u00e1strofes naturales como las de este verano (incendios, sequ\u00eda, tormentas) y las consecuencias de la guerra en Ucrania.<\/p><\/blockquote>\n\n\n\n<p>Borne, militante del partido que Macron fund\u00f3 en 2016 y con el que ascendi\u00f3 a la presidencia en 2017, defendi\u00f3 que Renacimiento prosiga con la \u00abvoluntad de sobrepasar\u00bb el cors\u00e9 de las ideolog\u00edas (izquierda-derecha) que fue precisamente la principal marca de la Rep\u00fablica en Marcha, junto con el europe\u00edsmo.<\/p>\n\n\n\n<p>\u00abEmmanuel Macron tuvo la intuici\u00f3n y la convicci\u00f3n de que hab\u00eda que sobrepasar el cors\u00e9 de las etiquetas para unir a personalidades que trabajasen al servicio de la Rep\u00fablica, lo que ha permitido realizar en el pa\u00eds importantes reformas\u00bb, opin\u00f3.<\/p>\n\n\n\n<p>Para la primera ministra, esta estrategia tiene que seguir vigente en un mundo en el que \u00ablas crisis ser\u00e1n regulares\u00bb por un \u00abcambio radical en la esfera internacional\u00bb.<\/p>\n\n\n\n<blockquote class=\"wp-block-quote is-layout-flow wp-block-quote-is-layout-flow\"><p>Puso el acento en una lucha \u00abplanificada\u00bb contra el<strong>&nbsp;cambio clim\u00e1tico<\/strong>: \u00abEste ha entrado de lleno en el d\u00eda a d\u00eda de los franceses. Hemos pasado del mundo de la anticipaci\u00f3n a un mundo m\u00e1s incierto que nunca\u00bb.<\/p><\/blockquote>\n\n\n\n<h2 class=\"wp-block-heading\">Falta de anclaje local<\/h2>\n\n\n\n<p>El encargado de construir Renacimiento ser\u00e1 el eurodiputado St\u00e9phane S\u00e9journ\u00e9, presidente en la Euroc\u00e1mara del grupo liberal Renovar Europa. La falta de anclaje local y el auge de los movimientos populistas son los principales desaf\u00edos del nuevo partido.<\/p>\n\n\n\n<p>En un pa\u00eds dividido en tres bloques -el liberalismo de Macron, la ultraderecha de Marine Le Pen y el izquierdismo de Jean-Luc M\u00e9lenchon, S\u00e9journ\u00e9 juzg\u00f3 de que \u00abno hay que bajar la guardia\u00bb.<\/p>\n\n\n\n<p>Y puso como ejemplo lo que est\u00e1 sucediendo en algunas democracias occidentales.<\/p>\n\n\n\n<p>\u00abDespu\u00e9s de la ca\u00edda de Mussolini (1945) hoy est\u00e1 en cabeza de los sondeos una extrema derecha que es heredera de ese movimiento\u00bb, incidi\u00f3, en alusi\u00f3n a Giorgia Meloni, l\u00edder de los Hermanos de Italia y que podr\u00eda convertirse en jefa de Gobierno en las elecciones de septiembre.<\/p>\n\n\n\n<p>S\u00e9journ\u00e9 cont\u00f3 que Renacimiento ha incluido en su carta fundadora la protecci\u00f3n al colectivo LGTBI+, as\u00ed como la sobriedad energ\u00e9tica y repensar la manera en la que se consume. No obstante, tal y como Borne, tom\u00f3 distancia del \u00abdecrecimiento\u00bb econ\u00f3mico adoptado por parte del ecologismo franc\u00e9s.<\/p>\n\n\n\n<p>La reuni\u00f3n de este s\u00e1bado fue una primera piedra para fundar Renacimiento, aunque a\u00fan no est\u00e1 clara c\u00f3mo se concretar\u00e1 la fusi\u00f3n de La Rep\u00fablica en Marcha con Agir y Territorios de Progreso.<\/p>\n\n\n\n<p>Esta \u00faltima formaci\u00f3n, una escisi\u00f3n del Partido Socialista liderada por Olivier Dussopt (actual ministro de Trabajo), prefiere que sea una confederaci\u00f3n que preserve la existencia de cada partido.<\/p>\n\n\n\n<h2 class=\"wp-block-heading\">Divisi\u00f3n en los socialistas<\/h2>\n\n\n\n<p>Tambi\u00e9n este fin de semana, el Partido Socialista (PS), una de las formaci\u00f3n tradicionales de Francia de los expresidentes Fran\u00e7ois Mitterand y Fran\u00e7ois Hollande, sigue enredada en tensiones internas por su alianza con el partido de M\u00e9lenchon, que result\u00f3 en la colaci\u00f3n denominada Nupes en las legislativas de junio (en las que tambi\u00e9n se unieron ecologistas y comunistas).<\/p>\n\n\n\n<p>\u00abHay que pasar p\u00e1gina, aunque algunos est\u00e9n interesados en mantenerlo de cara a nuestro congreso\u00bb, manifest\u00f3 el secretario general del PS, el diputado Olivier Faure, en la universidad de verano del partido, en Blois.<\/p>\n\n\n\n<p>La entrada de los socialistas en Nupes cre\u00f3 un cisma dentro del partido, pues voces de peso como Hollande o la alcaldesa de Par\u00eds, Anne Hidalgo, consideraban que esa alianza dilu\u00eda el ADN europeo y progresista del PS en favor de un populismo de izquierdas. EFEverde<\/p>\n","protected":false},"excerpt":{"rendered":"<p>Antonio Torres del Cerro.- Par\u00eds.- Renacimiento, el partido que suceder\u00e1 este septiembre a la Rep\u00fablica en Marcha, la formaci\u00f3n del presidente franc\u00e9s, Emmanuel Macron, ha establecido como prioridad la lucha contra \u00abel nuevo desorden clim\u00e1tico\u00bb, afirm\u00f3 la primera ministra gala, \u00c9lisabeth Borne. Borne clausur\u00f3 en Metz (norte) una reuni\u00f3n de altos cargos de La Rep\u00fablica [&hellip;]<\/p>\n","protected":false},"author":1,"featured_media":131169,"comment_status":"closed","ping_status":"closed","sticky":false,"template":"","format":"standard","meta":{"_acf_changed":false,"_jetpack_memberships_contains_paid_content":false,"footnotes":"","jetpack_publicize_message":"","jetpack_publicize_feature_enabled":true,"jetpack_social_post_already_shared":true,"jetpack_social_options":{"image_generator_settings":{"template":"highway","default_image_id":0,"font":"","enabled":false},"version":2}},"categories":[6],"tags":[],"class_list":["post-131168","post","type-post","status-publish","format-standard","has-post-thumbnail","hentry","category-ecologia"],"acf":[],"jetpack_publicize_connections":[],"jetpack_featured_media_url":"https:\/\/i0.wp.com\/sportseco.com\/wp-content\/uploads\/2022\/08\/Francia.png?fit=600%2C399&ssl=1","jetpack_sharing_enabled":true,"_links":{"self":[{"href":"https:\/\/sportseco.com\/index.php?rest_route=\/wp\/v2\/posts\/131168","targetHints":{"allow":["GET"]}}],"collection":[{"href":"https:\/\/sportseco.com\/index.php?rest_route=\/wp\/v2\/posts"}],"about":[{"href":"https:\/\/sportseco.com\/index.php?rest_route=\/wp\/v2\/types\/post"}],"author":[{"embeddable":true,"href":"https:\/\/sportseco.com\/index.php?rest_route=\/wp\/v2\/users\/1"}],"replies":[{"embeddable":true,"href":"https:\/\/sportseco.com\/index.php?rest_route=%2Fwp%2Fv2%2Fcomments&post=131168"}],"version-history":[{"count":1,"href":"https:\/\/sportseco.com\/index.php?rest_route=\/wp\/v2\/posts\/131168\/revisions"}],"predecessor-version":[{"id":131170,"href":"https:\/\/sportseco.com\/index.php?rest_route=\/wp\/v2\/posts\/131168\/revisions\/131170"}],"wp:featuredmedia":[{"embeddable":true,"href":"https:\/\/sportseco.com\/index.php?rest_route=\/wp\/v2\/media\/131169"}],"wp:attachment":[{"href":"https:\/\/sportseco.com\/index.php?rest_route=%2Fwp%2Fv2%2Fmedia&parent=131168"}],"wp:term":[{"taxonomy":"category","embeddable":true,"href":"https:\/\/sportseco.com\/index.php?rest_route=%2Fwp%2Fv2%2Fcategories&post=131168"},{"taxonomy":"post_tag","embeddable":true,"href":"https:\/\/sportseco.com\/index.php?rest_route=%2Fwp%2Fv2%2Ftags&post=131168"}],"curies":[{"name":"wp","href":"https:\/\/api.w.org\/{rel}","templated":true}]}}