{"id":131232,"date":"2022-08-29T17:41:38","date_gmt":"2022-08-29T21:41:38","guid":{"rendered":"https:\/\/sportseco.com\/?p=131232"},"modified":"2022-08-29T17:41:41","modified_gmt":"2022-08-29T21:41:41","slug":"el-valencia-hace-oficial-fichaje-de-cavani","status":"publish","type":"post","link":"https:\/\/sportseco.com\/?p=131232","title":{"rendered":"El Valencia hace oficial fichaje de Cavani"},"content":{"rendered":"\n<p>El&nbsp;<strong>Valencia CF<\/strong>&nbsp;ha llegado a un acuerdo para el fichaje de&nbsp;<strong>Edinson Cavani&nbsp;<\/strong>por las dos pr\u00f3ximas temporadas, hasta el 30 de junio del 2024.<\/p>\n\n\n\n<figure class=\"wp-block-image\"><img data-recalc-dims=\"1\" decoding=\"async\" src=\"https:\/\/i0.wp.com\/valenciacf.azureedge.net\/images\/tEMOogQLOP64kltT585GEnCxAYDvXWvS9UQYxCGb1pINYMsBd1M6MZskJake9pTU.jpeg?w=640&#038;ssl=1\" alt=\"\" title=\"\"\/><\/figure>\n\n\n\n<p>Edinson Cavani (14\/02\/1987, Uruguay) es uno de los mejores delanteros del mundo, como as\u00ed lo acreditan sus registros goleadores. A lo largo de su carrera ha levantado 25 t\u00edtulos y ha celebrado goles all\u00e1 donde ha jugado, siendo capocannoniere de la Serie A, dos veces m\u00e1ximo goleador de la Ligue 1 y Bota de Bronce de Europa. Adem\u00e1s, es uno de los cuatro jugadores que han logrado marcar m\u00e1s de cien goles en dos de las cinco grandes ligas europeas.&nbsp;Es uno de los m\u00e1ximos goleadores del siglo XXI.<\/p>\n\n\n\n<p>Cavani comenz\u00f3 su carrera en Danubio y en 2007 dio el salto a Italia. En la Serie A visti\u00f3 las camisetas del Palermo y el Napoli. En 2013 lleg\u00f3 al Paris Saint-Germain. En el Parque de los Pr\u00edncipes jug\u00f3 siete temporadas y se convirti\u00f3 en el m\u00e1ximo goleador de la historia del club parisino. Posteriormente, en 2020 se incorpor\u00f3 al Manchester United, donde ha militado las dos \u00faltimas temporadas. Adem\u00e1s, tambi\u00e9n es uno de los referentes en la historia de la selecci\u00f3n de Uruguay, con la que gan\u00f3 la Copa Am\u00e9rica.<\/p>\n\n\n\n<p>Este verano se ha convertido en nuevo jugador del Valencia CF. Llega a Mestalla con ambici\u00f3n y con ganas para convertirse en el referente ofensivo del equipo de Gennaro Gattuso.<\/p>\n\n\n\n<p><strong>#BenvingutCavani #CORVCF #ADNVCF<\/strong><\/p>\n\n\n\n<p><a href=\"https:\/\/www.valenciacf.com\/www.valenciacf.com\">www.valenciacf.com<\/a>. Fotograf\u00edas de L\u00e1zaro de la Pe\u00f1a, no se permite su reutilizaci\u00f3n.<\/p>\n","protected":false},"excerpt":{"rendered":"<p>El&nbsp;Valencia CF&nbsp;ha llegado a un acuerdo para el fichaje de&nbsp;Edinson Cavani&nbsp;por las dos pr\u00f3ximas temporadas, hasta el 30 de junio del 2024. Edinson Cavani (14\/02\/1987, Uruguay) es uno de los mejores delanteros del mundo, como as\u00ed lo acreditan sus registros goleadores. A lo largo de su carrera ha levantado 25 t\u00edtulos y ha celebrado goles [&hellip;]<\/p>\n","protected":false},"author":1,"featured_media":131233,"comment_status":"closed","ping_status":"closed","sticky":false,"template":"","format":"standard","meta":{"_acf_changed":false,"_jetpack_memberships_contains_paid_content":false,"footnotes":"","jetpack_publicize_message":"","jetpack_publicize_feature_enabled":true,"jetpack_social_post_already_shared":true,"jetpack_social_options":{"image_generator_settings":{"template":"highway","default_image_id":0,"font":"","enabled":false},"version":2}},"categories":[5],"tags":[],"class_list":["post-131232","post","type-post","status-publish","format-standard","has-post-thumbnail","hentry","category-futbol"],"acf":[],"jetpack_publicize_connections":[],"jetpack_featured_media_url":"https:\/\/i0.wp.com\/sportseco.com\/wp-content\/uploads\/2022\/08\/i8F96Y3bhn8bzlJEinz7YbbCWOPWoEBt9tukzeTDCtXBb20PrIT9gNNM9bZ8ove0.jpg?fit=1920%2C1071&ssl=1","jetpack_sharing_enabled":true,"_links":{"self":[{"href":"https:\/\/sportseco.com\/index.php?rest_route=\/wp\/v2\/posts\/131232","targetHints":{"allow":["GET"]}}],"collection":[{"href":"https:\/\/sportseco.com\/index.php?rest_route=\/wp\/v2\/posts"}],"about":[{"href":"https:\/\/sportseco.com\/index.php?rest_route=\/wp\/v2\/types\/post"}],"author":[{"embeddable":true,"href":"https:\/\/sportseco.com\/index.php?rest_route=\/wp\/v2\/users\/1"}],"replies":[{"embeddable":true,"href":"https:\/\/sportseco.com\/index.php?rest_route=%2Fwp%2Fv2%2Fcomments&post=131232"}],"version-history":[{"count":1,"href":"https:\/\/sportseco.com\/index.php?rest_route=\/wp\/v2\/posts\/131232\/revisions"}],"predecessor-version":[{"id":131234,"href":"https:\/\/sportseco.com\/index.php?rest_route=\/wp\/v2\/posts\/131232\/revisions\/131234"}],"wp:featuredmedia":[{"embeddable":true,"href":"https:\/\/sportseco.com\/index.php?rest_route=\/wp\/v2\/media\/131233"}],"wp:attachment":[{"href":"https:\/\/sportseco.com\/index.php?rest_route=%2Fwp%2Fv2%2Fmedia&parent=131232"}],"wp:term":[{"taxonomy":"category","embeddable":true,"href":"https:\/\/sportseco.com\/index.php?rest_route=%2Fwp%2Fv2%2Fcategories&post=131232"},{"taxonomy":"post_tag","embeddable":true,"href":"https:\/\/sportseco.com\/index.php?rest_route=%2Fwp%2Fv2%2Ftags&post=131232"}],"curies":[{"name":"wp","href":"https:\/\/api.w.org\/{rel}","templated":true}]}}