{"id":139863,"date":"2023-01-31T10:07:03","date_gmt":"2023-01-31T15:07:03","guid":{"rendered":"https:\/\/sportseco.com\/?p=139863"},"modified":"2023-01-31T10:07:09","modified_gmt":"2023-01-31T15:07:09","slug":"objetivo-indonesia-primera-parada-el-campin-frente-a-uruguay-luna-solicitado-por-su-club","status":"publish","type":"post","link":"https:\/\/sportseco.com\/?p=139863","title":{"rendered":"OBJETIVO INDONESIA: PRIMERA PARADA EL CAMP\u00cdN FRENTE A URUGUAY. Luna solicitado por su club"},"content":{"rendered":"\n<figure class=\"wp-block-image\"><img data-recalc-dims=\"1\" height=\"356\" width=\"640\" decoding=\"async\" src=\"https:\/\/i0.wp.com\/fcf.com.co\/wp-content\/uploads\/2023\/01\/LR-Entreno3012023053-1170x650.jpg?resize=640%2C356&#038;ssl=1\" alt=\"\"\/><\/figure>\n\n\n\n<p>A las 8:00 p.m. en el estadio El Camp\u00edn, la Selecci\u00f3n Colombia Sub 20 comenzar\u00e1 su actuaci\u00f3n en el Hexagonal Final del CONMEBOL Sub 20, con el firme objetivo de conseguir uno de los cuatro cupos a la Copa Mundial de la FIFA de la categor\u00eda que se celebrar\u00e1 en Indonesia del 20 de mayo al 11 de junio.<\/p>\n\n\n\n<p>La \u201camarilla\u201d realiz\u00f3 un entrenamiento previo este lunes en la Sede Deportiva de la FCF, en donde el t\u00e9cnico H\u00e9ctor C\u00e1rdenas y Alexis Castillo Manyoma, entregaron sus impresiones frente a los medios de comunicaci\u00f3n, previo al inicio de la ronda definitiva. Colombia que se clasific\u00f3 segunda del grupo A se enfrenta a Uruguay primera de la llave B e invicta hasta el momento en el certamen continental. Entre las novedades del equipo \u00abtricolor\u00bb est\u00e1 la del capit\u00e1n Gustavo Puerta, quien regresa despu\u00e9s de cumplir una fecha de sanci\u00f3n.<\/p>\n\n\n\n<p>El juez del compromiso ser\u00e1 Cristian Garay de Chile.<\/p>\n\n\n\n<h1 class=\"wp-block-heading\">DANIEL LUNA ES SOLICITADO POR SU NUEVO CLUB Y SE RETIRA DE LA CONCENTRACI\u00d3N<\/h1>\n\n\n\n<figure class=\"wp-block-image\"><img data-recalc-dims=\"1\" decoding=\"async\" src=\"https:\/\/i0.wp.com\/fcf.com.co\/wp-content\/uploads\/2022\/10\/Azul-nueva-1170x650-1.png?w=640&#038;ssl=1\" alt=\"\"\/><\/figure>\n\n\n\n<p>&nbsp;31 enero, 2023<\/p>\n\n\n\n<p>El Departamento Deportivo de la Federaci\u00f3n Colombiana de F\u00fatbol y el Cuerpo T\u00e9cnico de la Selecci\u00f3n Colombia Sub 20, informan que el jugador Daniel Luna se retir\u00f3 de la concentraci\u00f3n del equipo nacional para trasladarse hasta Espa\u00f1a y cumplir compromisos con su nuevo club el Real Mallorca de LaLiga.<\/p>\n\n\n\n<p>El jugador de 19 a\u00f1os debe atender la petici\u00f3n de su nuevo equipo, en donde tendr\u00e1 que gestionar la documentaci\u00f3n de trabajo. Debido a que el Sudamericano Sub 20 no se juega bajo fecha FIFA y los clubes tienen la potestad de solicitar a sus jugadores en el momento que consideren pertinente, el futbolista debe viajar a cumplir con el requerimiento del club.<\/p>\n\n\n\n<p>La Federaci\u00f3n Colombiana de F\u00fatbol, el volante y el equipo espa\u00f1ol, acordaron su regreso para reincorporarse el pr\u00f3ximo 3 de febrero al grupo que es dirigido por el Director T\u00e9cnico H\u00e9ctor Cardenas y afrontar los partidos restantes del Hexagonal Final del CONMEBOL Sub 20.<\/p>\n\n\n\n<p><\/p>\n\n\n\n<p>fcf.com.co<\/p>\n","protected":false},"excerpt":{"rendered":"<p>A las 8:00 p.m. en el estadio El Camp\u00edn, la Selecci\u00f3n Colombia Sub 20 comenzar\u00e1 su actuaci\u00f3n en el Hexagonal Final del CONMEBOL Sub 20, con el firme objetivo de conseguir uno de los cuatro cupos a la Copa Mundial de la FIFA de la categor\u00eda que se celebrar\u00e1 en Indonesia del 20 de mayo [&hellip;]<\/p>\n","protected":false},"author":1,"featured_media":139864,"comment_status":"closed","ping_status":"closed","sticky":false,"template":"","format":"standard","meta":{"_acf_changed":false,"_jetpack_memberships_contains_paid_content":false,"footnotes":"","jetpack_publicize_message":"","jetpack_publicize_feature_enabled":true,"jetpack_social_post_already_shared":true,"jetpack_social_options":{"image_generator_settings":{"template":"highway","default_image_id":0,"font":"","enabled":false},"version":2}},"categories":[5],"tags":[],"class_list":["post-139863","post","type-post","status-publish","format-standard","has-post-thumbnail","hentry","category-futbol"],"acf":[],"jetpack_publicize_connections":[],"jetpack_featured_media_url":"https:\/\/i0.wp.com\/sportseco.com\/wp-content\/uploads\/2023\/01\/LR-Entreno3012023053-1170x650-1.jpg?fit=1170%2C650&ssl=1","jetpack_sharing_enabled":true,"_links":{"self":[{"href":"https:\/\/sportseco.com\/index.php?rest_route=\/wp\/v2\/posts\/139863","targetHints":{"allow":["GET"]}}],"collection":[{"href":"https:\/\/sportseco.com\/index.php?rest_route=\/wp\/v2\/posts"}],"about":[{"href":"https:\/\/sportseco.com\/index.php?rest_route=\/wp\/v2\/types\/post"}],"author":[{"embeddable":true,"href":"https:\/\/sportseco.com\/index.php?rest_route=\/wp\/v2\/users\/1"}],"replies":[{"embeddable":true,"href":"https:\/\/sportseco.com\/index.php?rest_route=%2Fwp%2Fv2%2Fcomments&post=139863"}],"version-history":[{"count":1,"href":"https:\/\/sportseco.com\/index.php?rest_route=\/wp\/v2\/posts\/139863\/revisions"}],"predecessor-version":[{"id":139865,"href":"https:\/\/sportseco.com\/index.php?rest_route=\/wp\/v2\/posts\/139863\/revisions\/139865"}],"wp:featuredmedia":[{"embeddable":true,"href":"https:\/\/sportseco.com\/index.php?rest_route=\/wp\/v2\/media\/139864"}],"wp:attachment":[{"href":"https:\/\/sportseco.com\/index.php?rest_route=%2Fwp%2Fv2%2Fmedia&parent=139863"}],"wp:term":[{"taxonomy":"category","embeddable":true,"href":"https:\/\/sportseco.com\/index.php?rest_route=%2Fwp%2Fv2%2Fcategories&post=139863"},{"taxonomy":"post_tag","embeddable":true,"href":"https:\/\/sportseco.com\/index.php?rest_route=%2Fwp%2Fv2%2Ftags&post=139863"}],"curies":[{"name":"wp","href":"https:\/\/api.w.org\/{rel}","templated":true}]}}