{"id":141646,"date":"2023-03-01T20:09:04","date_gmt":"2023-03-02T01:09:04","guid":{"rendered":"https:\/\/sportseco.com\/?p=141646"},"modified":"2023-03-01T20:09:04","modified_gmt":"2023-03-02T01:09:04","slug":"la-vuelta-de-la-juventud-2023-sera-en-mayo","status":"publish","type":"post","link":"https:\/\/sportseco.com\/?p=141646","title":{"rendered":"La Vuelta de la Juventud 2023 ser\u00e1 en mayo"},"content":{"rendered":"\n<figure class=\"wp-block-image\"><img data-recalc-dims=\"1\" decoding=\"async\" src=\"https:\/\/i0.wp.com\/olimpicocol.co\/web\/wp-content\/uploads\/2023\/03\/German-Dario-Gomez.jpeg?w=640&#038;ssl=1\" alt=\"\"\/><\/figure>\n\n\n\n<p>La&nbsp;<strong>Federaci\u00f3n Colombiana de Ciclismo,<\/strong>&nbsp;y su Comisi\u00f3n T\u00e9cnica, anunciaron que la&nbsp;<strong>Vuelta de la Juventud 2023,<\/strong>&nbsp;el evento por etapas m\u00e1s importante para la categor\u00eda Sub-23 del calendario nacional, fue reprogramado para realizarse del&nbsp;<strong>1 al 7 de mayo.<\/strong><\/p>\n\n\n\n<p>Este cambio se da por la cercan\u00eda del evento con el Campeonato Panamericano de Ruta, programado por Copaci para realizarse del&nbsp;<strong>17 al 24 de abril en Panam\u00e1.<\/strong><\/p>\n\n\n\n<p>De la fecha inicial prevista, que era del&nbsp;<strong>24 al 30 de abril,<\/strong>&nbsp;se reprogram\u00f3 el evento para una semana despu\u00e9s, con el fin de que los corredores que har\u00e1n parte de la&nbsp;<strong>Selecci\u00f3n Colombia de Ruta<\/strong>&nbsp;en el&nbsp;<strong>evento panamericano,<\/strong>&nbsp;puedan regresar a tiempo al pa\u00eds y unirse a sus respectivos equipos para competir en el segundo certamen de la temporada de ruta organizado por la federaci\u00f3n, tras el&nbsp;<strong>Campeonato Nacional de Bucaramanga.<\/strong><\/p>\n\n\n\n<p><\/p>\n\n\n\n<p>Este cambio de fecha conlleva a la reprogramaci\u00f3n de la Vuelta a Cundinamarca, que ahora se disputar\u00e1 del&nbsp;<strong>1 al 4 de junio,<\/strong>&nbsp;y la Cl\u00e1sica del Caribe, evento que definir\u00e1 pr\u00f3ximamente su nueva fecha, en decisi\u00f3n conjunta que tomar\u00e1n la Federaci\u00f3n Colombiana de Ciclismo y la Liga de Ciclismo de Bol\u00edvar.<\/p>\n\n\n\n<p>El recorrido de la&nbsp;<strong>Vuelta de la Juventud<\/strong>&nbsp;para la presente temporada se compartir\u00e1 en las pr\u00f3ximas semanas.<\/p>\n\n\n\n<p><em>Imagen tomada por \u00c9der Garc\u00e9s.<\/em><\/p>\n\n\n\n<p><\/p>\n\n\n\n<p>olimpicocol.co<\/p>\n","protected":false},"excerpt":{"rendered":"<p>La&nbsp;Federaci\u00f3n Colombiana de Ciclismo,&nbsp;y su Comisi\u00f3n T\u00e9cnica, anunciaron que la&nbsp;Vuelta de la Juventud 2023,&nbsp;el evento por etapas m\u00e1s importante para la categor\u00eda Sub-23 del calendario nacional, fue reprogramado para realizarse del&nbsp;1 al 7 de mayo. Este cambio se da por la cercan\u00eda del evento con el Campeonato Panamericano de Ruta, programado por Copaci para realizarse [&hellip;]<\/p>\n","protected":false},"author":1,"featured_media":141647,"comment_status":"closed","ping_status":"closed","sticky":false,"template":"","format":"standard","meta":{"_acf_changed":false,"_jetpack_memberships_contains_paid_content":false,"footnotes":"","jetpack_publicize_message":"","jetpack_publicize_feature_enabled":true,"jetpack_social_post_already_shared":true,"jetpack_social_options":{"image_generator_settings":{"template":"highway","default_image_id":0,"font":"","enabled":false},"version":2}},"categories":[14],"tags":[],"class_list":["post-141646","post","type-post","status-publish","format-standard","has-post-thumbnail","hentry","category-ciclismo"],"acf":[],"jetpack_publicize_connections":[],"jetpack_featured_media_url":"https:\/\/i0.wp.com\/sportseco.com\/wp-content\/uploads\/2023\/03\/German-Dario-Gomez.jpeg?fit=1080%2C607&ssl=1","jetpack_sharing_enabled":true,"_links":{"self":[{"href":"https:\/\/sportseco.com\/index.php?rest_route=\/wp\/v2\/posts\/141646","targetHints":{"allow":["GET"]}}],"collection":[{"href":"https:\/\/sportseco.com\/index.php?rest_route=\/wp\/v2\/posts"}],"about":[{"href":"https:\/\/sportseco.com\/index.php?rest_route=\/wp\/v2\/types\/post"}],"author":[{"embeddable":true,"href":"https:\/\/sportseco.com\/index.php?rest_route=\/wp\/v2\/users\/1"}],"replies":[{"embeddable":true,"href":"https:\/\/sportseco.com\/index.php?rest_route=%2Fwp%2Fv2%2Fcomments&post=141646"}],"version-history":[{"count":1,"href":"https:\/\/sportseco.com\/index.php?rest_route=\/wp\/v2\/posts\/141646\/revisions"}],"predecessor-version":[{"id":141648,"href":"https:\/\/sportseco.com\/index.php?rest_route=\/wp\/v2\/posts\/141646\/revisions\/141648"}],"wp:featuredmedia":[{"embeddable":true,"href":"https:\/\/sportseco.com\/index.php?rest_route=\/wp\/v2\/media\/141647"}],"wp:attachment":[{"href":"https:\/\/sportseco.com\/index.php?rest_route=%2Fwp%2Fv2%2Fmedia&parent=141646"}],"wp:term":[{"taxonomy":"category","embeddable":true,"href":"https:\/\/sportseco.com\/index.php?rest_route=%2Fwp%2Fv2%2Fcategories&post=141646"},{"taxonomy":"post_tag","embeddable":true,"href":"https:\/\/sportseco.com\/index.php?rest_route=%2Fwp%2Fv2%2Ftags&post=141646"}],"curies":[{"name":"wp","href":"https:\/\/api.w.org\/{rel}","templated":true}]}}