{"id":141679,"date":"2023-03-02T13:38:07","date_gmt":"2023-03-02T18:38:07","guid":{"rendered":"https:\/\/sportseco.com\/?p=141679"},"modified":"2023-03-02T13:38:07","modified_gmt":"2023-03-02T18:38:07","slug":"distrito-levanta-alerta-por-calidad-de-aire-en-bogota-no-bajemos-la-guardia","status":"publish","type":"post","link":"https:\/\/sportseco.com\/?p=141679","title":{"rendered":"Distrito levanta Alerta por calidad de aire en Bogot\u00e1 \u00a1No bajemos la guardia!"},"content":{"rendered":"\n<p><img data-recalc-dims=\"1\" decoding=\"async\" src=\"https:\/\/i0.wp.com\/bogota.gov.co\/sites\/default\/files\/styles\/1050px\/public\/2023-03\/se-levanta-alerta-ambiental-en-bogota-.jpg?w=640&#038;ssl=1\" alt=\"Sec. Ambiente levanta Alerta Ambiental en Bogot\u00e1 por calidad del aire \"\/><\/p>\n\n\n\n<p>La Secretar\u00eda de Ambiente anunci\u00f3 el levantamiento de la Alerta Fase I por calidad del aire en Bogot\u00e1, luego de que se determinara una reducci\u00f3n de material particulado en la atm\u00f3sfera, favorecido principalmente por la direcci\u00f3n y las lluvias que se han presentado en la Orinoqu\u00eda y Amazon\u00eda.&nbsp;<\/p>\n\n\n\n<p>Estas precipitaciones han permitido reducir los incendios forestales; adem\u00e1s, el cambio en los patrones de los vientos ha servido para que la atmosfera de la ciudad se ventile, favoreciendo la dispersi\u00f3n de contaminantes, seg\u00fan indic\u00f3 la autoridad ambiental.&nbsp;<\/p>\n\n\n\n<p>Desde este viernes 3 de marzo se levantar\u00e1n todas las medidas restrictivas en relaci\u00f3n a la calidad del aire en Bogot\u00e1 que el Distrito hab\u00eda tomado para mitigar los efectos negativos de la concentraci\u00f3n de part\u00edculas contaminantes en la atm\u00f3sfera capitalina.&nbsp;<\/p>\n\n\n\n<p>Es as\u00ed que el pico y placa solidario vuelve a la normalidad y las personas pueden hacer uso de nuevo de este permiso; por el momento no hay nuevas restricciones para veh\u00edculos y motocicletas, ni modificaciones en el pico y placa.&nbsp;<\/p>\n\n\n\n<p>\u00abAcabamos de salir del comit\u00e9 t\u00e9cnico que est\u00e1 haci\u00e9ndole seguimiento a la alerta ambiental en Bogot\u00e1 con buenas noticias: a partir del mediod\u00eda levantaremos la Alerta ambiental Fase 1 en la ciudad. El esfuerzo de los bogotanos, con un reconocimiento especial para Corabastos, para las organizaciones de transportadores, ha surtido efecto. Esto tambi\u00e9n, sumado a los cambios de los vientos y a una ligera mejor\u00eda a trav\u00e9s de las lluvias en los incendios regionales nos permite tomar hoy esta decisi\u00f3n\u00bb, afirm\u00f3 la secretaria de Ambiente, Carolina Urrutia.<\/p>\n\n\n\n<p>Por su parte,&nbsp;Deyanira \u00c1vila, secretaria de Movilidad explic\u00f3 que: \u00abpara todos los usuarios que ten\u00edan sus permisos semestrales y mensuales de pico y placa, se va a desplazar en el tiempo los tres d\u00edas que estuvimos en restricci\u00f3n, para que puedan hacer uso del permiso que pagaron, y a los m\u00e1s de 900 usuarios que pagaron su permiso diario les va a llegar un correo, es decir, un formulario donde durante una semana podr\u00e1n escoger el d\u00eda en que puedan utilizar su permiso\u201d.&nbsp;<\/p>\n\n\n\n<h2 class=\"wp-block-heading\">\u00a1Se mantiene el seguimiento a la calidad del aire!<\/h2>\n\n\n\n<p>Las entidades del Distrito, nacionales y regionales acordaron mantener el estricto seguimiento y monitoreo de la calidad del aire y los factores internos y externos que pueden incidir en ella, especialmente la posible llegada de arenas del Sahara y material particulado producto de incendios que en estos momentos se est\u00e1n presentando en \u00c1frica.<\/p>\n\n\n\n<p>\u201cLos pron\u00f3sticos indican que estas condiciones se van a mantener durante el fin de semana.&nbsp;<strong>No hay posibilidades de que declaremos una alerta en los pr\u00f3ximos 3 o 4 d\u00edas<\/strong>; sin embargo, como sucede anualmente en la ciudad, los pron\u00f3sticos nos muestran que en los pr\u00f3ximos d\u00edas habr\u00e1 una influencia de las arenas del Sahara, que vienen desde el continente africano por los vientos transcontinentales. Estaremos monitoreando, lo que dice el Ideam es que los vientos pueden ser m\u00e1s fuertes y que pueda que este fen\u00f3meno no impacte el aire de Bogot\u00e1\u201d, expres\u00f3 la secretaria de Ambiente, Carolina Urrutia.<\/p>\n\n\n\n<h2 class=\"wp-block-heading\">Reporte de calidad del aire de este jueves 2 de marzo<\/h2>\n\n\n\n<p>Durante la ma\u00f1ana de este jueves, la Red de Monitoreo de Calidad del Aire ha reportado condiciones favorables en dos estaciones de la ciudad y moderadas en 16; solo Carvajal-Sevillana se mantiene en niveles regulares, situaci\u00f3n que se debe a cercan\u00eda de este punto con varias industrias y alto flujo vehicular (transporte de carga) por el corredor de la Autopista Sur.<\/p>\n\n\n\n<p>El sistema de modelaci\u00f3n atmosf\u00e9rica indica que las condiciones favorables y moderadas se mantendr\u00e1n durante este fin de semana, sin embargo, la Administraci\u00f3n distrital mantendr\u00e1 un monitoreo constante y, en conjunto con el Gobierno Nacional y la CAR, analizar\u00e1 los diferentes factores (internos y externos) que puedan incidir negativamente en la calidad del aire de Bogot\u00e1 y la Regi\u00f3n.<\/p>\n\n\n\n<h2 class=\"wp-block-heading\">Distrito agradece a la ciudadan\u00eda y hace un llamado a no bajar la guardia<\/h2>\n\n\n\n<p>\u201cReiteramos y agradecemos a todos los bogotanos su colaboraci\u00f3n. A la Secretar\u00eda de Ambiente, Salud y Desarrollo Econ\u00f3mico, que aportaron a la movilidad de la ciudad y seguimos en monitoreo constante de condiciones atmosf\u00e9ricas para tener una mejor calidad del aire en Bogot\u00e1\u201d, puntualiz\u00f3 la secretaria de Movilidad, Deyanira \u00c1vila.<\/p>\n\n\n\n<p>Por \u00faltimo, la Administraci\u00f3n de la alcaldesa, Claudia L\u00f3pez, agradece a todos los ciudadanos, empresas, sector industrial, transportador, entre otros por haber adoptado medidas voluntarias que permitieron mitigar las altas concentraciones de material particulado y reducir las emisiones que se generan al interior de la ciudad.<\/p>\n\n\n\n<p>La autoridad ambiental de la ciudad destaca la participaci\u00f3n activa de los ministerios de Ambiente y Transporte, as\u00ed como de la Corporaci\u00f3n Aut\u00f3noma Regional de Cundinamarca (CAR) y las secretar\u00edas de Gobierno, Educaci\u00f3n, Integraci\u00f3n Social, Desarrollo Econ\u00f3mico, Salud, Movilidad; y entidades como Idiger, Unidad de Mantenimiento Vial, Uaesp y las alcald\u00edas locales de Fontib\u00f3n y Ciudad Bol\u00edvar, entre otros.<\/p>\n\n\n\n<p>Con el apoyo de estas entidades la ciudad logr\u00f3 activar mecanismos de prevenci\u00f3n para mitigar los impactos de la contaminaci\u00f3n en la ciudadan\u00eda, as\u00ed como, promover acciones de mitigaci\u00f3n en los sectores productivos y la ciudadan\u00eda.<\/p>\n\n\n\n<p>Para finalizar la secretaria de Ambiente, Carolina Urrutia dej\u00f3 una serie de sugerencias para todos los ciudadanos:<\/p>\n\n\n\n<p>\u201cLas recomendaciones son para todos los d\u00edas. Utilizar modos de transporte m\u00e1s sostenibles, recurrir al transporte p\u00fablico, a la bicicleta, a la caminata y si vamos a utilizar el veh\u00edculo particular subir a la mayor cantidad de personas posible. Adem\u00e1s, no prender chimeneas, y en el caso de la industria, hacer la transici\u00f3n a tecnolog\u00edas m\u00e1s limpias\u201d.<\/p>\n\n\n\n<p><\/p>\n\n\n\n<p>bogota.gov.co<\/p>\n","protected":false},"excerpt":{"rendered":"<p>La Secretar\u00eda de Ambiente anunci\u00f3 el levantamiento de la Alerta Fase I por calidad del aire en Bogot\u00e1, luego de que se determinara una reducci\u00f3n de material particulado en la atm\u00f3sfera, favorecido principalmente por la direcci\u00f3n y las lluvias que se han presentado en la Orinoqu\u00eda y Amazon\u00eda.&nbsp; Estas precipitaciones han permitido reducir los incendios [&hellip;]<\/p>\n","protected":false},"author":1,"featured_media":141680,"comment_status":"closed","ping_status":"closed","sticky":false,"template":"","format":"standard","meta":{"_acf_changed":false,"_jetpack_memberships_contains_paid_content":false,"footnotes":"","jetpack_publicize_message":"","jetpack_publicize_feature_enabled":true,"jetpack_social_post_already_shared":true,"jetpack_social_options":{"image_generator_settings":{"template":"highway","default_image_id":0,"font":"","enabled":false},"version":2}},"categories":[6],"tags":[],"class_list":["post-141679","post","type-post","status-publish","format-standard","has-post-thumbnail","hentry","category-ecologia"],"acf":[],"jetpack_publicize_connections":[],"jetpack_featured_media_url":"https:\/\/i0.wp.com\/sportseco.com\/wp-content\/uploads\/2023\/03\/se-levanta-alerta-ambiental-en-bogota-.jpg?fit=560%2C315&ssl=1","jetpack_sharing_enabled":true,"_links":{"self":[{"href":"https:\/\/sportseco.com\/index.php?rest_route=\/wp\/v2\/posts\/141679","targetHints":{"allow":["GET"]}}],"collection":[{"href":"https:\/\/sportseco.com\/index.php?rest_route=\/wp\/v2\/posts"}],"about":[{"href":"https:\/\/sportseco.com\/index.php?rest_route=\/wp\/v2\/types\/post"}],"author":[{"embeddable":true,"href":"https:\/\/sportseco.com\/index.php?rest_route=\/wp\/v2\/users\/1"}],"replies":[{"embeddable":true,"href":"https:\/\/sportseco.com\/index.php?rest_route=%2Fwp%2Fv2%2Fcomments&post=141679"}],"version-history":[{"count":1,"href":"https:\/\/sportseco.com\/index.php?rest_route=\/wp\/v2\/posts\/141679\/revisions"}],"predecessor-version":[{"id":141681,"href":"https:\/\/sportseco.com\/index.php?rest_route=\/wp\/v2\/posts\/141679\/revisions\/141681"}],"wp:featuredmedia":[{"embeddable":true,"href":"https:\/\/sportseco.com\/index.php?rest_route=\/wp\/v2\/media\/141680"}],"wp:attachment":[{"href":"https:\/\/sportseco.com\/index.php?rest_route=%2Fwp%2Fv2%2Fmedia&parent=141679"}],"wp:term":[{"taxonomy":"category","embeddable":true,"href":"https:\/\/sportseco.com\/index.php?rest_route=%2Fwp%2Fv2%2Fcategories&post=141679"},{"taxonomy":"post_tag","embeddable":true,"href":"https:\/\/sportseco.com\/index.php?rest_route=%2Fwp%2Fv2%2Ftags&post=141679"}],"curies":[{"name":"wp","href":"https:\/\/api.w.org\/{rel}","templated":true}]}}