{"id":141694,"date":"2023-03-02T19:55:46","date_gmt":"2023-03-03T00:55:46","guid":{"rendered":"https:\/\/sportseco.com\/?p=141694"},"modified":"2023-03-02T19:55:46","modified_gmt":"2023-03-03T00:55:46","slug":"diego-cocca-dio-a-conocer-la-convocatoria-de-la-seleccion-nacional-de-mexico-para-la-siguiente-fecha-de-la-nations-league","status":"publish","type":"post","link":"https:\/\/sportseco.com\/?p=141694","title":{"rendered":"Diego Cocca dio a conocer la convocatoria de la Selecci\u00f3n Nacional de M\u00e9xico para la siguiente fecha de la Nations League"},"content":{"rendered":"\n<h4 class=\"wp-block-heading\"><em>El estratega convoc\u00f3 a 34 jugadores; 15 de ellos comenzar\u00e1n en un programa de integraci\u00f3n en el Centro de Alto Rendimiento los d\u00edas 5 y 6 de marzo<\/em><\/h4>\n\n\n\n<h4 class=\"wp-block-heading\">02\/03\/2023<\/h4>\n\n\n\n<p>En conferencia de prensa celebrada en el Centro de Alto Rendimiento (CAR),&nbsp; Diego Cocca dio a conocer&nbsp;su primera convocatoria de jugadores para los pr\u00f3ximos partidos de la fase de grupos de la Nations League, a disputarse el pr\u00f3ximo jueves 23 de marzo ante Surinam, en Paramaribo, y ante Jamaica, el domingo 26 en el Estadio Azteca.<\/p>\n\n\n\n<p>El estratega estuvo acompa\u00f1ado por Rodrigo Ares de Parga, director ejecutivo de Selecciones Nacionales y Jaime Ordiales, director de Selecciones Nacionales varoniles.<\/p>\n\n\n\n<p>\u201cHan sido semanas de mucho trabajo, ha trabajado muy bien \u00e9l (Cocca) con su cuerpo t\u00e9cnico, con Jaime visitando estadios, tambi\u00e9n a algunos directivos, con grandes pl\u00e1ticas\u201d, se\u00f1al\u00f3 Rodrigo Ares de Parga tras dar la bienvenida a los medios de comunicaci\u00f3n presentes.<\/p>\n\n\n\n<p>Por su parte, Jaime Ordiales explic\u00f3 los factores por los cuales se realiz\u00f3 una convocatoria de 34 jugadores para este primer ciclo de dos partidos y dio a conocer detalles sobre la forma de trabajo en el equipo.<\/p>\n\n\n\n<p>\u201cEsta decisi\u00f3n en conjunto es porque es un viaje largo, complicado, un periodo de tres d\u00edas entre juegos. Pueden ser m\u00e1s de siete horas de viaje, influye el cambio de horario con los jugadores que vienen de Europa y el que hay en Surinam y para la debida integraci\u00f3n y el conocimiento de lo que quiere Diego. Tambi\u00e9n cuidando que est\u00e9n todos en plenitud.<\/p>\n\n\n\n<p>\u201cVamos a tener un programa de integraci\u00f3n para este domingo y lunes, en donde vendr\u00e1n 15 jugadores de esta lista. No viene la gente que tiene participaci\u00f3n en la Liga de Campeones de Concacaf. Diego busca conocimiento e integraci\u00f3n aunque sea en un periodo peque\u00f1o y corto\u201d, agreg\u00f3 el director de Selecciones Nacionales varoniles.<\/p>\n\n\n\n<p>Al respecto, Diego Cocca se\u00f1al\u00f3 conveniente la cantidad de jugadores, en su primera convocatoria, con el objetivo de no desgastarlos y de tener la oportunidad de conocer a los futbolistas y que ellos lo conozcan a \u00e9l.<\/p>\n\n\n\n<p>\u201cTambi\u00e9n hay otra lista de por lo menos 20 jugadores a los que tambi\u00e9n estamos siguiendo; esto no es definitorio, reci\u00e9n empieza. Estamos decidiendo, viendo su rendimiento d\u00eda a d\u00eda para ver si el d\u00eda de ma\u00f1ana los podemos convocar a la Selecci\u00f3n.<\/p>\n\n\n\n<p>\u201cDe igual manera hay jugadores que pueden tomar la decisi\u00f3n de estar en la Selecci\u00f3n, uno es el caso de Alejandro Zendejas. He hablado dos veces personalmente con \u00e9l, la primera para informarle que nuestra intenci\u00f3n es que pueda estar con nosotros y la segunda para dejarle claro que hoy no es elegible, que tiene que firmar un papel para que pueda estar en la Selecci\u00f3n y la decisi\u00f3n va a ser de \u00e9l. As\u00ed que le dejamos claros los tiempos para que tome su decisi\u00f3n\u201d, a\u00f1adi\u00f3 el estratega.<\/p>\n\n\n\n<p>Asimismo, expres\u00f3 estar satisfecho con lo que se ha trabajado durante sus primeros d\u00edas al frente de la SNM.<\/p>\n\n\n\n<p>\u201cEstamos muy contentos con la forma de trabajo, con la relaci\u00f3n, con lo que hemos generado con Jaime, con Rodrigo, con todo el staff. He hablado con f\u00e1cil 35, 40 jugadores, tratando de mostrarles que estamos cerca, transmitirles nuestras intenciones e ideas para lo que viene en esta Selecci\u00f3n, hemos ido a ver muchos partidos de f\u00fatbol de la liga, no solo para ver a los jugadores, sino tambi\u00e9n para estar cerca de los due\u00f1os, presidentes, directores directivos, realmente afianzar esta relaci\u00f3n, porque necesitamos de todos\u201d.<\/p>\n\n\n\n<p>\u201cEstoy convencido que en estos 15 d\u00edas hemos avanzado mucho, estoy muy contento, con muchas ganas de que esto empiece, porque estamos convencidos que con esta iniciativa, ganas y por este camino, vamos a seguir mejorando d\u00eda a d\u00eda\u201d, concluy\u00f3 el estratega.<\/p>\n\n\n\n<figure class=\"wp-block-image\"><img data-recalc-dims=\"1\" decoding=\"async\" src=\"https:\/\/i0.wp.com\/outputmiseleccion.s3-us-west-2.amazonaws.com\/MISELECCION\/MSMX_15632.jpg?w=640&#038;ssl=1\" alt=\"\"\/><\/figure>\n\n\n\n<p><strong>Convocatoria<\/strong><\/p>\n\n\n\n<figure class=\"wp-block-table\"><table><tbody><tr><td><strong>#<\/strong><\/td><td><strong>Jugador<\/strong><\/td><td><strong>Club<\/strong><\/td><td><strong>Posici\u00f3n<\/strong><\/td><\/tr><tr><td>1<\/td><td>&nbsp;Acevedo L\u00f3pez Carlos<\/td><td>Santos Laguna<\/td><td>&nbsp;Portero<\/td><\/tr><tr><td>2<\/td><td>Ochoa Maga\u00f1a Francisco Guillermo<\/td><td>Salernitana<\/td><td>&nbsp;Portero<\/td><\/tr><tr><td>3<\/td><td>Rodr\u00edguez Romero Jos\u00e9 Antonio<\/td><td>Tijuana<\/td><td>&nbsp;Portero<\/td><\/tr><tr><td>4<\/td><td>Angulo Uriarte Jes\u00fas Alberto<\/td><td>Tigres<\/td><td>Defensa<\/td><\/tr><tr><td>5<\/td><td>Araujo Julian<\/td><td>Barcelona<\/td><td>Defensa<\/td><\/tr><tr><td>6<\/td><td>Araujo Razo N\u00e9stor Alejandro<\/td><td>Am\u00e9rica<\/td><td>Defensa<\/td><\/tr><tr><td>7<\/td><td>Arteaga Zamora Gerardo Daniel<\/td><td>&nbsp;Krc Genk<\/td><td>Defensa<\/td><\/tr><tr><td>8<\/td><td>Gallardo Vasconcelos Jes\u00fas Daniel<\/td><td>Rayados<\/td><td>Defensa<\/td><\/tr><tr><td>9<\/td><td>Montes Castro C\u00e9sar Jasib<\/td><td>Espanyol<\/td><td>Defensa<\/td><\/tr><tr><td>10<\/td><td>Moreno Herrera H\u00e9ctor Alfredo<\/td><td>Rayados<\/td><td>Defensa<\/td><\/tr><tr><td>11<\/td><td>Reyes Romero Israel<\/td><td>Am\u00e9rica<\/td><td>Defensa<\/td><\/tr><tr><td>12<\/td><td>Sep\u00falveda L\u00f3pez Gilberto<\/td><td>Guadalajara<\/td><td>Defensa<\/td><\/tr><tr><td>13<\/td><td>S\u00e1nchez Ramos Jorge Eduardo<\/td><td>Ajax<\/td><td>Defensa<\/td><\/tr><tr><td>14<\/td><td>V\u00e1squez Ibarra Johan Felipe<\/td><td>U.S. Cremonese<\/td><td>Defensa<\/td><\/tr><tr><td>15<\/td><td>\u00c1lvarez Campos Kevin Nahin<\/td><td>Pachuca<\/td><td>Defensa<\/td><\/tr><tr><td>16<\/td><td>\u00c1lvarez Vel\u00e1zquez Edson Omar<\/td><td>Ajax<\/td><td>Defensa<\/td><\/tr><tr><td>17<\/td><td>Alvarado Hern\u00e1ndez Roberto Carlos<\/td><td>Guadalajara<\/td><td>Medio<\/td><\/tr><tr><td>18<\/td><td>Antuna Romero Carlos Uriel<\/td><td>Cruz Azul<\/td><td>Medio<\/td><\/tr><tr><td>19<\/td><td>Beltr\u00e1n Cruz Fernando<\/td><td>Guadalajara<\/td><td>Medio<\/td><\/tr><tr><td>20<\/td><td>Ch\u00e1vez Magall\u00f3n Luis Gerardo<\/td><td>Pachuca<\/td><td>Medio<\/td><\/tr><tr><td>21<\/td><td>C\u00f3rdova Reyes Francisco Sebasti\u00e1n<\/td><td>Tigres<\/td><td>Medio<\/td><\/tr><tr><td>22<\/td><td>Gonz\u00e1lez Gonz\u00e1lez Arturo Alfonso<\/td><td>Rayados<\/td><td>Medio<\/td><\/tr><tr><td>23<\/td><td>Guti\u00e9rrez Galaviz Erick Gabriel<\/td><td>Psv Eindhoven<\/td><td>Medio<\/td><\/tr><tr><td>24<\/td><td>Lainez Leyva Diego<\/td><td>Tigres<\/td><td>Medio<\/td><\/tr><tr><td>25<\/td><td>Pineda Alvarado Orbel\u00edn<\/td><td>Aek Athens<\/td><td>Medio<\/td><\/tr><tr><td>26<\/td><td>Rodr\u00edguez G\u00f3mez Carlos Alberto<\/td><td>Cruz Azul<\/td><td>Medio<\/td><\/tr><tr><td>27<\/td><td>&nbsp;Romo Barr\u00f3n Luis Francisco<\/td><td>Rayados<\/td><td>Medio<\/td><\/tr><tr><td>28<\/td><td>S\u00e1nchez Ocegueda Erick Daniel<\/td><td>Pachuca<\/td><td>Medio<\/td><\/tr><tr><td>29<\/td><td>Gim\u00e9nez Santiago Tom\u00e1s<\/td><td>&nbsp;Feyenoord<\/td><td>Delantero<\/td><\/tr><tr><td>30<\/td><td>Jim\u00e9nez Rodr\u00edguez Ra\u00fal Alonso<\/td><td>Wolverhampton Wanderers<\/td><td>Delantero<\/td><\/tr><tr><td>31<\/td><td>Lozano Bahena Hirving Rodrigo<\/td><td>Napoli<\/td><td>Delantero<\/td><\/tr><tr><td>32<\/td><td>&nbsp;Mart\u00edn Mex Henry Josu\u00e9<\/td><td>Am\u00e9rica<\/td><td>Delantero<\/td><\/tr><tr><td>33<\/td><td>Ruiz Su\u00e1rez Marcel Alejandro<\/td><td>Toluca<\/td><td>Delantero<\/td><\/tr><tr><td>34<\/td><td>De La Rosa Gonz\u00e1lez Roberto Carlos<\/td><td>Pachuca<\/td><td>Delantero<\/td><\/tr><\/tbody><\/table><\/figure>\n\n\n\n<p>Direcci\u00f3n de Comunicaci\u00f3n<\/p>\n\n\n\n<p><\/p>\n\n\n\n<p>fmf.mx<\/p>\n","protected":false},"excerpt":{"rendered":"<p>El estratega convoc\u00f3 a 34 jugadores; 15 de ellos comenzar\u00e1n en un programa de integraci\u00f3n en el Centro de Alto Rendimiento los d\u00edas 5 y 6 de marzo 02\/03\/2023 En conferencia de prensa celebrada en el Centro de Alto Rendimiento (CAR),&nbsp; Diego Cocca dio a conocer&nbsp;su primera convocatoria de jugadores para los pr\u00f3ximos partidos de [&hellip;]<\/p>\n","protected":false},"author":1,"featured_media":141695,"comment_status":"closed","ping_status":"closed","sticky":false,"template":"","format":"standard","meta":{"_acf_changed":false,"_jetpack_memberships_contains_paid_content":false,"footnotes":"","jetpack_publicize_message":"","jetpack_publicize_feature_enabled":true,"jetpack_social_post_already_shared":true,"jetpack_social_options":{"image_generator_settings":{"template":"highway","default_image_id":0,"font":"","enabled":false},"version":2}},"categories":[5],"tags":[],"class_list":["post-141694","post","type-post","status-publish","format-standard","has-post-thumbnail","hentry","category-futbol"],"acf":[],"jetpack_publicize_connections":[],"jetpack_featured_media_url":"https:\/\/i0.wp.com\/sportseco.com\/wp-content\/uploads\/2023\/03\/MSMX_15632.jpg?fit=1080%2C1080&ssl=1","jetpack_sharing_enabled":true,"_links":{"self":[{"href":"https:\/\/sportseco.com\/index.php?rest_route=\/wp\/v2\/posts\/141694","targetHints":{"allow":["GET"]}}],"collection":[{"href":"https:\/\/sportseco.com\/index.php?rest_route=\/wp\/v2\/posts"}],"about":[{"href":"https:\/\/sportseco.com\/index.php?rest_route=\/wp\/v2\/types\/post"}],"author":[{"embeddable":true,"href":"https:\/\/sportseco.com\/index.php?rest_route=\/wp\/v2\/users\/1"}],"replies":[{"embeddable":true,"href":"https:\/\/sportseco.com\/index.php?rest_route=%2Fwp%2Fv2%2Fcomments&post=141694"}],"version-history":[{"count":1,"href":"https:\/\/sportseco.com\/index.php?rest_route=\/wp\/v2\/posts\/141694\/revisions"}],"predecessor-version":[{"id":141696,"href":"https:\/\/sportseco.com\/index.php?rest_route=\/wp\/v2\/posts\/141694\/revisions\/141696"}],"wp:featuredmedia":[{"embeddable":true,"href":"https:\/\/sportseco.com\/index.php?rest_route=\/wp\/v2\/media\/141695"}],"wp:attachment":[{"href":"https:\/\/sportseco.com\/index.php?rest_route=%2Fwp%2Fv2%2Fmedia&parent=141694"}],"wp:term":[{"taxonomy":"category","embeddable":true,"href":"https:\/\/sportseco.com\/index.php?rest_route=%2Fwp%2Fv2%2Fcategories&post=141694"},{"taxonomy":"post_tag","embeddable":true,"href":"https:\/\/sportseco.com\/index.php?rest_route=%2Fwp%2Fv2%2Ftags&post=141694"}],"curies":[{"name":"wp","href":"https:\/\/api.w.org\/{rel}","templated":true}]}}