{"id":141700,"date":"2023-03-02T20:10:59","date_gmt":"2023-03-03T01:10:59","guid":{"rendered":"https:\/\/sportseco.com\/?p=141700"},"modified":"2023-03-02T20:10:59","modified_gmt":"2023-03-03T01:10:59","slug":"paris-niza-2023-recorrido-etapas-equipos-y-como-ver-en-directo","status":"publish","type":"post","link":"https:\/\/sportseco.com\/?p=141700","title":{"rendered":"Par\u00eds-Niza 2023: recorrido, etapas, equipos y c\u00f3mo ver en directo"},"content":{"rendered":"\n<p>Del 5 al 12 de marzo, algunos de los mejores ciclistas del mundo disputar\u00e1n la Par\u00eds-Niza 2023, una de las grandes citas del inicio de temporada. Duelo entre los dos \u00faltimos ganadores del Tour de Francia, Jonas Vingegaard y Tadej Pogacar.<\/p>\n\n\n\n<p><img decoding=\"async\" src=\"https:\/\/img.olympicchannel.com\/images\/image\/private\/t_s_pog_staticContent_hero_lg\/f_auto\/primary\/y9jdyixlzcglrhseycpb\" alt=\"Jonas Vingegaard and Tadej Pogacar during Tour de France 2022\"\/>(Foto por A.S.O.\/Pauline Ballet)<\/p>\n\n\n\n<p><a rel=\"noreferrer noopener\" href=\"https:\/\/www.facebook.com\/sharer\/sharer.php?u=https:\/\/olympics.com\/es\/noticias\/ciclismo-paris-niza-2023-corredores-recorrido-por-etapas-donde-ver-directo&amp;quote=Par%C3%ADs-Niza%202023:%20recorrido,%20etapas,%20equipos%20y%20c%C3%B3mo%20ver%20en%20directo\" target=\"_blank\"><\/a><a rel=\"noreferrer noopener\" href=\"https:\/\/twitter.com\/intent\/tweet?text=Par%C3%ADs-Niza%202023:%20recorrido,%20etapas,%20equipos%20y%20c%C3%B3mo%20ver%20en%20directo&amp;url=https:\/\/olympics.com\/es\/noticias\/ciclismo-paris-niza-2023-corredores-recorrido-por-etapas-donde-ver-directo\" target=\"_blank\"><\/a><a rel=\"noreferrer noopener\" href=\"https:\/\/web.wechat.com\/?text=Par%C3%ADs-Niza%202023:%20recorrido,%20etapas,%20equipos%20y%20c%C3%B3mo%20ver%20en%20directo&amp;url=https:\/\/olympics.com\/es\/noticias\/ciclismo-paris-niza-2023-corredores-recorrido-por-etapas-donde-ver-directo\" target=\"_blank\"><\/a><a rel=\"noreferrer noopener\" href=\"http:\/\/vk.com\/share.php?url=https:\/\/olympics.com\/es\/noticias\/ciclismo-paris-niza-2023-corredores-recorrido-por-etapas-donde-ver-directo\" target=\"_blank\"><\/a><a rel=\"noreferrer noopener\" href=\"mailto:?subject=Par%C3%ADs-Niza%202023:%20recorrido,%20etapas,%20equipos%20y%20c%C3%B3mo%20ver%20en%20directo&amp;body=Check%20out%20this%20site%20https:\/\/olympics.com\/es\/noticias\/ciclismo-paris-niza-2023-corredores-recorrido-por-etapas-donde-ver-directo\" target=\"_blank\"><\/a>La\u00a0<strong>Par\u00eds-Niza<\/strong>\u00a0de 2023 tomar\u00e1 la salida el domingo, 5 de marzo.<\/p>\n\n\n\n<p>Esta carrera, que en 2023 celebra su 90 aniversario, es una de las m\u00e1s importantes de la temporada de&nbsp;<a href=\"https:\/\/olympics.com\/es\/deportes\/ciclismo-en-ruta\/\"><strong>ciclismo<\/strong><\/a>. La primera vuelta de ocho d\u00edas en el calendario UCI World Tour.<\/p>\n\n\n\n<p>Los mejores equipos del mundo participar\u00e1n con sus mejores corredores para empezar a preparar el camino hacia las grandes vueltas.<\/p>\n\n\n\n<p>Con ocho etapas, una contrarreloj por equipos y cinco puertos de primera categor\u00eda en el recorrido, la conocida como&nbsp;<em>Carrera del Sol<\/em>&nbsp;es un buen primer ensayo general de cara a las grandes vueltas del verano.<\/p>\n\n\n\n<p>Descubre a continuaci\u00f3n todo lo que necesitas saber sobre la Par\u00eds-Niza 2023: recorrido, etapas, ciclistas a seguir, palmar\u00e9s y c\u00f3mo ver en directo.<\/p>\n\n\n\n<h2 class=\"wp-block-heading\">Ciclistas a seguir de la Par\u00eds-Niza 2023<\/h2>\n\n\n\n<p>Los dos \u00faltimos ganadores del Tour de Francia encabezan un cartel lleno de estrellas para la Par\u00eds-Niza.&nbsp;<strong>Jonas Vingegaard<\/strong>&nbsp;y&nbsp;<a href=\"https:\/\/olympics.com\/es\/atletas\/tadej-pogacar\"><strong>Tadej Pogacar<\/strong><\/a>&nbsp;se medir\u00e1n en una carrera por etapas por primera vez desde la \u00faltima Grande Boucle.<\/p>\n\n\n\n<p>El colombiano&nbsp;<strong>Daniel Felipe Mart\u00ednez<\/strong>, tercero en 2022 y reciente ganador de la Vuelta al Algarve, quiere aprovechar su gran estado de forma para subir de nuevo al podio. Como tambi\u00e9n lo har\u00e1n&nbsp;<a href=\"https:\/\/olympics.com\/es\/atletas\/simon-philip-yates\"><strong>Simon Yates<\/strong><\/a>&nbsp;y&nbsp;<a href=\"https:\/\/olympics.com\/es\/atletas\/mads-pedersen\"><strong>Mads Pedersen<\/strong><\/a>, ganadores de etapa en la \u00faltima edici\u00f3n de la Par\u00eds-Niza. El brit\u00e1nico, adem\u00e1s, ha sido segundo de la general en dos ocasiones (2018, 2022).<\/p>\n\n\n\n<p>Mart\u00ednez ser\u00e1 la mejor baza del ciclismo colombiano, que finalmente no podr\u00e1 contar con&nbsp;<a href=\"https:\/\/olympics.com\/es\/atletas\/egan-bernal\"><strong>Egan Bernal<\/strong><\/a>. El que fuera ganador de esta prueba en 2019 ha vuelto a resentirse de sus problemas en la rodilla y ser\u00e1 baja en la Par\u00eds-Niza.<\/p>\n\n\n\n<p>Entre los corredores espa\u00f1oles, hay varios que ya saben lo que es ganar una etapa en esta prueba, como Ion Izagirre, David De la Cruz, Iv\u00e1n Garc\u00eda Cortina o el veterano Luis Le\u00f3n S\u00e1nchez, ganador de la Par\u00eds-Niza en 2009 y de cuatro etapas (la \u00faltima, en 2012).<\/p>\n\n\n\n<p>Entre los franceses,&nbsp;<a href=\"https:\/\/olympics.com\/es\/atletas\/romain-bardet\"><strong>Romain Bardet<\/strong><\/a>,&nbsp;<strong>Arnaud D\u00e9mare<\/strong>&nbsp;o&nbsp;<strong>Aur\u00e9lien Paret-Peintre<\/strong>&nbsp;se perfilan como las mejores bazas para romper la maldici\u00f3n: ning\u00fan corredor galo ha ganado la Par\u00eds-Niza en el siglo XXI.<\/p>\n\n\n\n<blockquote class=\"wp-block-quote is-layout-flow wp-block-quote-is-layout-flow\">\n<p><a href=\"https:\/\/www.instagram.com\/p\/CbIX1I6MDUL\/?utm_source=ig_embed&amp;utm_campaign=loading\" target=\"_blank\" rel=\"noreferrer noopener\"><\/a><\/p>\n\n\n\n<p><a rel=\"noreferrer noopener\" href=\"https:\/\/www.instagram.com\/p\/CbIX1I6MDUL\/?utm_source=ig_embed&amp;utm_campaign=loading\" target=\"_blank\"><\/a>El recorrido de la Par\u00eds-Niza 2023<\/p>\n<\/blockquote>\n\n\n\n<p>El recorrido de la Par\u00eds-Niza 2023 tendr\u00e1 ocho etapas y 1.201 kil\u00f3metros. La salida se tomar\u00e1 el domingo, 5 de marzo, en La Verri\u00e8re, una comuna francesa situada en el departamento de Yvelines.<\/p>\n\n\n\n<p>Las dos primeras etapas son ideales para que se luzcan los sprinters, mientras que la tercera es una contrarreloj por equipos de 32.2 kil\u00f3metros con salida y llegada en Dampierre-en-Burly.<\/p>\n\n\n\n<p>Despu\u00e9s la carrera empezar\u00e1 a mirar hacia arriba. La cuarta etapa termina en La Loge des Gardes, despu\u00e9s de una ascensi\u00f3n de 6,7 kil\u00f3metros al 7,1% de pendiente media.<\/p>\n\n\n\n<p>Ser\u00e1 el primero de los cinco puertos de primera categor\u00eda que se subir\u00e1n en la Par\u00eds-Niza 2023.<\/p>\n\n\n\n<p>Los otros cuatro se repartir\u00e1n en las dos \u00faltimas etapas de esta edici\u00f3n, con especial menci\u00f3n a la llegada en el Col de la Couillole el pen\u00faltimo d\u00eda de carrera. Con 1.678 metros de altura, ser\u00e1 el punto m\u00e1s alto del recorrido.<\/p>\n\n\n\n<p>La octava y \u00faltima etapa tiene reservado un \u00faltimo esfuerzo entre mar y monta\u00f1a, con salida y llegada en el famoso Paseo de los ingleses de Niza. En 118,4 kil\u00f3metros habr\u00e1 repartidos cinco puertos, tres de segunda categor\u00eda y dos de primera, la Cota de Peille y el Alto d\u2019\u00c8ze.<\/p>\n\n\n\n<p>El pelot\u00f3n pasar\u00e1 tambi\u00e9n cerca de una de las sedes de los\u00a0<strong>Juegos Ol\u00edmpicos de\u00a0<a href=\"https:\/\/olympics.com\/es\/olympic-games\/paris-2024\">Par\u00eds 2024<\/a><\/strong>, el Stade de Nice (Estadio Niza), que acoger\u00e1 partidos del torneo de f\u00fatbol.<\/p>\n\n\n\n<h2 class=\"wp-block-heading\">El calendario de la Par\u00eds-Niza 2023<\/h2>\n\n\n\n<ul class=\"wp-block-list\">\n<li>Domingo, 5 de marzo: La Verri\u00e8re &#8211; La Verri\u00e8re (169,4 km)<\/li>\n\n\n\n<li>Lunes, 6 de marzo : Bazainville &#8211; Fontainebleau (163,7 km)<\/li>\n\n\n\n<li>Martes, 7 de marzo : Dampierre-en-Burly &#8211; Dampierre-en-Burly (32,2 km\/contrarreloj por equipos)<\/li>\n\n\n\n<li>Mi\u00e9rcoles, 8 de marzo : Saint-Amand-Montrond &#8211; La Loge des Gardes (164,7 km)<\/li>\n\n\n\n<li>Jueves, 9 de marzo: Saint-Symphorien-sur-Coise &#8211; Saint-Paul-Trois-Ch\u00e2teaux (212,4 km)<\/li>\n\n\n\n<li>Viernes, 10 de marzo: Tourves &#8211; La Colle-sur-Loup (197,4 km)<\/li>\n\n\n\n<li>S\u00e1bado, 11 de marzo: Niza &#8211; Col de la Couillole (142,9 km)<\/li>\n\n\n\n<li>Domingo, 12 de marzo: Niza &#8211; Niza (118,4 km)<\/li>\n<\/ul>\n\n\n\n<h2 class=\"wp-block-heading\">Los \u00faltimos cinco ganadores de la Par\u00eds-Niza<\/h2>\n\n\n\n<ul class=\"wp-block-list\">\n<li>2022: Primoz Roglic (SLO)<\/li>\n\n\n\n<li>2021: Maximilian Schachmann (GER)<\/li>\n\n\n\n<li>2020: Maximilian Schachmann (GER)<\/li>\n\n\n\n<li>2019: Egan Bernal (COL)<\/li>\n\n\n\n<li>2018: Marc Soler (ESP)<\/li>\n<\/ul>\n\n\n\n<p>olimpics.com<\/p>\n","protected":false},"excerpt":{"rendered":"<p>Del 5 al 12 de marzo, algunos de los mejores ciclistas del mundo disputar\u00e1n la Par\u00eds-Niza 2023, una de las grandes citas del inicio de temporada. Duelo entre los dos \u00faltimos ganadores del Tour de Francia, Jonas Vingegaard y Tadej Pogacar. (Foto por A.S.O.\/Pauline Ballet) La\u00a0Par\u00eds-Niza\u00a0de 2023 tomar\u00e1 la salida el domingo, 5 de marzo. [&hellip;]<\/p>\n","protected":false},"author":1,"featured_media":141701,"comment_status":"closed","ping_status":"closed","sticky":false,"template":"","format":"standard","meta":{"_acf_changed":false,"_jetpack_memberships_contains_paid_content":false,"footnotes":"","jetpack_publicize_message":"","jetpack_publicize_feature_enabled":true,"jetpack_social_post_already_shared":true,"jetpack_social_options":{"image_generator_settings":{"template":"highway","default_image_id":0,"font":"","enabled":false},"version":2}},"categories":[14],"tags":[],"class_list":["post-141700","post","type-post","status-publish","format-standard","has-post-thumbnail","hentry","category-ciclismo"],"acf":[],"jetpack_publicize_connections":[],"jetpack_featured_media_url":"https:\/\/i0.wp.com\/sportseco.com\/wp-content\/uploads\/2023\/03\/y9jdyixlzcglrhseycpb.webp?fit=2440%2C1372&ssl=1","jetpack_sharing_enabled":true,"_links":{"self":[{"href":"https:\/\/sportseco.com\/index.php?rest_route=\/wp\/v2\/posts\/141700","targetHints":{"allow":["GET"]}}],"collection":[{"href":"https:\/\/sportseco.com\/index.php?rest_route=\/wp\/v2\/posts"}],"about":[{"href":"https:\/\/sportseco.com\/index.php?rest_route=\/wp\/v2\/types\/post"}],"author":[{"embeddable":true,"href":"https:\/\/sportseco.com\/index.php?rest_route=\/wp\/v2\/users\/1"}],"replies":[{"embeddable":true,"href":"https:\/\/sportseco.com\/index.php?rest_route=%2Fwp%2Fv2%2Fcomments&post=141700"}],"version-history":[{"count":1,"href":"https:\/\/sportseco.com\/index.php?rest_route=\/wp\/v2\/posts\/141700\/revisions"}],"predecessor-version":[{"id":141702,"href":"https:\/\/sportseco.com\/index.php?rest_route=\/wp\/v2\/posts\/141700\/revisions\/141702"}],"wp:featuredmedia":[{"embeddable":true,"href":"https:\/\/sportseco.com\/index.php?rest_route=\/wp\/v2\/media\/141701"}],"wp:attachment":[{"href":"https:\/\/sportseco.com\/index.php?rest_route=%2Fwp%2Fv2%2Fmedia&parent=141700"}],"wp:term":[{"taxonomy":"category","embeddable":true,"href":"https:\/\/sportseco.com\/index.php?rest_route=%2Fwp%2Fv2%2Fcategories&post=141700"},{"taxonomy":"post_tag","embeddable":true,"href":"https:\/\/sportseco.com\/index.php?rest_route=%2Fwp%2Fv2%2Ftags&post=141700"}],"curies":[{"name":"wp","href":"https:\/\/api.w.org\/{rel}","templated":true}]}}