{"id":141728,"date":"2023-03-03T09:53:18","date_gmt":"2023-03-03T14:53:18","guid":{"rendered":"https:\/\/sportseco.com\/?p=141728"},"modified":"2023-03-03T09:53:18","modified_gmt":"2023-03-03T14:53:18","slug":"colombia-firma-acuerdo-con-tres-paises-para-blindar-el-corredor-marino-del-pacifico","status":"publish","type":"post","link":"https:\/\/sportseco.com\/?p=141728","title":{"rendered":"Colombia firma acuerdo con tres pa\u00edses para blindar el Corredor Marino del Pac\u00edfico"},"content":{"rendered":"\n<figure class=\"wp-block-image\"><img data-recalc-dims=\"1\" decoding=\"async\" src=\"https:\/\/i0.wp.com\/www.minambiente.gov.co\/wp-content\/uploads\/2023\/03\/IMG-20230303-WA0000.jpg?w=640&#038;ssl=1\" alt=\"Colombia firma acuerdo con tres pa\u00edses para  blindar el Corredor Marino del Pac\u00edfico\" title=\"Colombia firma acuerdo con tres pa\u00edses para  blindar el Corredor Marino del Pac\u00edfico\"\/><\/figure>\n\n\n\n<ul class=\"wp-block-list\">\n<li>Las naciones buscan proteger la Reserva Marina de Gal\u00e1pagos (Ecuador), el Parque Nacional Isla del Coco (Costa Rica), el Parque Nacional Isla Coiba (Panam\u00e1) y el Parque Nacional Gorgona y el Santuario de Fauna y Flora Malpelo<br \/>(Colombia).<\/li>\n\n\n\n<li>Los ministros de las carteras ambientales de Colombia, Panam\u00e1, Costa Rica y Ecuador se re\u00fanen para buscar estrategias que permitan proteger estas \u00e1reas que se caracterizan por su biodiversidad y turismo.<\/li>\n\n\n\n<li>Este acto que compromete a los gobiernos es la antesala de la conferencia Our.<\/li>\n\n\n\n<li>Ocean 2023, que se llevar\u00e1 a cabo este 2 y 3 de marzo.<\/li>\n<\/ul>\n\n\n\n<p><strong>Bogot\u00e1 D.C., marzo 2 de 2023 (@MinAmbienteCo).<\/strong>&nbsp;La ministra de Ambiente y Desarrollo Sostenible, Susana Muhamad, junto al Comit\u00e9 Regional que re\u00fane a los jefes de las carteras ambientales de Panam\u00e1, Ecuador y Costa Rica, firm\u00f3 un acuerdo con la Fundaci\u00f3n Pac\u00edfico para promover nuevas estrategias regionales que garanticen el uso sostenible de la diversidad biol\u00f3gica en el Corredor Marino del Pac\u00edfico Este Tropical-CMAR, previo a la Conferencia Our Ocean 2023, que se realiza en la ciudad de Panam\u00e1 los d\u00edas 2 y 3 de marzo.<\/p>\n\n\n\n<p>\u201cCon esta firma ratificamos nuestro compromiso para trabajar en un tratado internacional entre los pa\u00edses y establecer acciones en esta \u00e1rea estrat\u00e9gica, en t\u00e9rminos de pesca, biodiversidad y turismo. Se establecer\u00e1 una secretar\u00eda t\u00e9cnica permanente para avanzar colectivamente hacia una figura internacional para que podamos mantener todo el corredor como una de las \u00e1reas mar\u00edtimas m\u00e1s importantes del mundo\u201d, se\u00f1al\u00f3 la ministra Muhamad.<\/p>\n\n\n\n<p>Esta firma es fundamental ya que las pol\u00edticas de las naciones enfocar\u00e1n sus esfuerzos en lograr la conservaci\u00f3n y el uso sostenible de la diversidad biol\u00f3gica de la regi\u00f3n, a trav\u00e9s del fortalecimiento de la gobernanza y la cooperaci\u00f3n para la gesti\u00f3n de las \u00e1reas protegidas, turismo sostenible, gesti\u00f3n de los impactos del cambio clim\u00e1tico, entre otros. Este corredor biol\u00f3gico une a varias islas de los cuatro pa\u00edses: Gal\u00e1pagos en Ecuador; Malpelo y Gorgona, en Colombia; Coiba, en Panam\u00e1 y los Cosos, en Costa Rica.<\/p>\n\n\n\n<p>De igual manera, en el marco de esta visita a Panam\u00e1, la viceministra de Pol\u00edticas y Normalizaci\u00f3n Ambiental del Ministerio, Sandra Vilardy Quiroga, participa en la conferencia, que busca trazar una ruta de acci\u00f3n para salvaguardar el oc\u00e9ano de las amenazas y vulnerabilidades existentes, como por ejemplo el cambio clim\u00e1tico.<\/p>\n\n\n\n<p>En ese sentido, Colombia ratificar\u00e1 su compromiso con estos ecosistemas estrat\u00e9gicos y socializar\u00e1 los avances principales en torno a \u00e1reas protegidas, pesca sostenible, prevenci\u00f3n de la contaminaci\u00f3n marina, ciencia ciudadana y medidas de adaptaci\u00f3n al cambio clim\u00e1tico. Acciones fundamentales para hacer frente a los desaf\u00edos ambientales que agobian a nuestros oc\u00e9anos.<\/p>\n\n\n\n<p><\/p>\n\n\n\n<p>minambiente.gov.co<\/p>\n","protected":false},"excerpt":{"rendered":"<p>Bogot\u00e1 D.C., marzo 2 de 2023 (@MinAmbienteCo).&nbsp;La ministra de Ambiente y Desarrollo Sostenible, Susana Muhamad, junto al Comit\u00e9 Regional que re\u00fane a los jefes de las carteras ambientales de Panam\u00e1, Ecuador y Costa Rica, firm\u00f3 un acuerdo con la Fundaci\u00f3n Pac\u00edfico para promover nuevas estrategias regionales que garanticen el uso sostenible de la diversidad biol\u00f3gica [&hellip;]<\/p>\n","protected":false},"author":1,"featured_media":141729,"comment_status":"closed","ping_status":"closed","sticky":false,"template":"","format":"standard","meta":{"_acf_changed":false,"_jetpack_memberships_contains_paid_content":false,"footnotes":"","jetpack_publicize_message":"","jetpack_publicize_feature_enabled":true,"jetpack_social_post_already_shared":true,"jetpack_social_options":{"image_generator_settings":{"template":"highway","default_image_id":0,"font":"","enabled":false},"version":2}},"categories":[6],"tags":[],"class_list":["post-141728","post","type-post","status-publish","format-standard","has-post-thumbnail","hentry","category-ecologia"],"acf":[],"jetpack_publicize_connections":[],"jetpack_featured_media_url":"https:\/\/i0.wp.com\/sportseco.com\/wp-content\/uploads\/2023\/03\/images.jpeg?fit=300%2C168&ssl=1","jetpack_sharing_enabled":true,"_links":{"self":[{"href":"https:\/\/sportseco.com\/index.php?rest_route=\/wp\/v2\/posts\/141728","targetHints":{"allow":["GET"]}}],"collection":[{"href":"https:\/\/sportseco.com\/index.php?rest_route=\/wp\/v2\/posts"}],"about":[{"href":"https:\/\/sportseco.com\/index.php?rest_route=\/wp\/v2\/types\/post"}],"author":[{"embeddable":true,"href":"https:\/\/sportseco.com\/index.php?rest_route=\/wp\/v2\/users\/1"}],"replies":[{"embeddable":true,"href":"https:\/\/sportseco.com\/index.php?rest_route=%2Fwp%2Fv2%2Fcomments&post=141728"}],"version-history":[{"count":1,"href":"https:\/\/sportseco.com\/index.php?rest_route=\/wp\/v2\/posts\/141728\/revisions"}],"predecessor-version":[{"id":141730,"href":"https:\/\/sportseco.com\/index.php?rest_route=\/wp\/v2\/posts\/141728\/revisions\/141730"}],"wp:featuredmedia":[{"embeddable":true,"href":"https:\/\/sportseco.com\/index.php?rest_route=\/wp\/v2\/media\/141729"}],"wp:attachment":[{"href":"https:\/\/sportseco.com\/index.php?rest_route=%2Fwp%2Fv2%2Fmedia&parent=141728"}],"wp:term":[{"taxonomy":"category","embeddable":true,"href":"https:\/\/sportseco.com\/index.php?rest_route=%2Fwp%2Fv2%2Fcategories&post=141728"},{"taxonomy":"post_tag","embeddable":true,"href":"https:\/\/sportseco.com\/index.php?rest_route=%2Fwp%2Fv2%2Ftags&post=141728"}],"curies":[{"name":"wp","href":"https:\/\/api.w.org\/{rel}","templated":true}]}}