{"id":141743,"date":"2023-03-03T14:55:03","date_gmt":"2023-03-03T19:55:03","guid":{"rendered":"https:\/\/sportseco.com\/?p=141743"},"modified":"2023-03-03T14:55:03","modified_gmt":"2023-03-03T19:55:03","slug":"tirreno-adriatico-2023-recorrido-etapas-equipos-y-programa-de-la-carrera-de-ciclismo-en-ruta","status":"publish","type":"post","link":"https:\/\/sportseco.com\/?p=141743","title":{"rendered":"Tirreno-Adri\u00e1tico 2023: recorrido, etapas, equipos y programa de la carrera de ciclismo en ruta"},"content":{"rendered":"\n<p>Del 6 al 12 de marzo se disputar\u00e1 la 58\u00aa edici\u00f3n de la carrera masculina, que parte de Lido di Camaiore y llega a San Benedetto del Tronto. Tras los \u00e9xitos de 2021 y 2022, \u00bfser\u00e1 Tadej Pogacar capaz de ganar por tercera vez consecutiva?<\/p>\n\n\n\n<p><a rel=\"noreferrer noopener\" href=\"https:\/\/www.facebook.com\/sharer\/sharer.php?u=https:\/\/olympics.com\/es\/noticias\/tirreno-adriatico-2023-recorrido-etapas-equipos-programa-carrera-ciclismo-ruta&amp;quote=Tirreno-Adri%C3%A1tico%202023:%20recorrido,%20etapas,%20equipos%20y%20programa%20de%20la%20carrera%20de%20ciclismo%20en%20ruta\" target=\"_blank\"><\/a><a rel=\"noreferrer noopener\" href=\"https:\/\/twitter.com\/intent\/tweet?text=Tirreno-Adri%C3%A1tico%202023:%20recorrido,%20etapas,%20equipos%20y%20programa%20de%20la%20carrera%20de%20ciclismo%20en%20ruta&amp;url=https:\/\/olympics.com\/es\/noticias\/tirreno-adriatico-2023-recorrido-etapas-equipos-programa-carrera-ciclismo-ruta\" target=\"_blank\"><\/a><a rel=\"noreferrer noopener\" href=\"https:\/\/web.wechat.com\/?text=Tirreno-Adri%C3%A1tico%202023:%20recorrido,%20etapas,%20equipos%20y%20programa%20de%20la%20carrera%20de%20ciclismo%20en%20ruta&amp;url=https:\/\/olympics.com\/es\/noticias\/tirreno-adriatico-2023-recorrido-etapas-equipos-programa-carrera-ciclismo-ruta\" target=\"_blank\"><\/a><a rel=\"noreferrer noopener\" href=\"http:\/\/vk.com\/share.php?url=https:\/\/olympics.com\/es\/noticias\/tirreno-adriatico-2023-recorrido-etapas-equipos-programa-carrera-ciclismo-ruta\" target=\"_blank\"><\/a><a rel=\"noreferrer noopener\" href=\"mailto:?subject=Tirreno-Adri%C3%A1tico%202023:%20recorrido,%20etapas,%20equipos%20y%20programa%20de%20la%20carrera%20de%20ciclismo%20en%20ruta&amp;body=Check%20out%20this%20site%20https:\/\/olympics.com\/es\/noticias\/tirreno-adriatico-2023-recorrido-etapas-equipos-programa-carrera-ciclismo-ruta\" target=\"_blank\"><\/a>El\u00a0<strong>UCI World Tour<\/strong>\u00a0de\u00a0<a href=\"https:\/\/olympics.com\/es\/deportes\/ciclismo-en-ruta\/\">ciclismo en ruta<\/a>\u00a0aterriza en Versilia, como de costumbre, para dar inicio a la 58\u00aa edici\u00f3n de la\u00a0<strong>Tirreno-Adri\u00e1tico<\/strong>.<\/p>\n\n\n\n<p>Cinco regiones involucradas (Toscana, Lazio, Umbria, Marche y Abruzzo), una historia que comienza en 1966 y el encanto de un paisaje que corta Italia en dos, de un mar al otro. No es casualidad que se trate de la&nbsp;<em>Corsa dei due Mari<\/em>&nbsp;y para muchos representa una cita crucial para prepararse mejor para una gran cl\u00e1sica como la&nbsp;<strong>Mil\u00e1n-San Remo<\/strong>.<\/p>\n\n\n\n<ul class=\"wp-block-list\">\n<li><a href=\"https:\/\/olympics.com\/es\/noticias\/strade-bianche-2023-recorrido-equipos-y-programa-de-la-carrera\" target=\"_blank\" rel=\"noreferrer noopener\">Strade Bianche 2023: previa<\/a><\/li>\n\n\n\n<li><a href=\"https:\/\/olympics.com\/es\/noticias\/calendario-ciclismo-en-ruta-2023-carreras-mas-importantes-latinos-espanoles\" target=\"_blank\" rel=\"noreferrer noopener\">Calendario 2023 de ciclismo en ruta<\/a><\/li>\n<\/ul>\n\n\n\n<h2 class=\"wp-block-heading\">Tirreno-Adri\u00e1tico: la &#8216;Corsa dei Due Mari&#8217; que \u00abcorta\u00bb Italia<\/h2>\n\n\n\n<p>Primero en el calendario UCI ProTour y luego, a partir de 2009, en el calendario mundial UCI (desde 2011, UCI World Tour), la Tirreno-Adri\u00e1tico se organiz\u00f3 por primera vez en 1966.<\/p>\n\n\n\n<p>Conocida como la&nbsp;<em>Corsa dei Due Mari<\/em>, precisamente porque conecta el mar Tirreno con el mar Adri\u00e1tico, siempre ha representado una cita crucial en el calendario de la temporada, ya que sirve de preparaci\u00f3n para las grandes cl\u00e1sicas de primavera.<\/p>\n\n\n\n<p>La 58\u00aa edici\u00f3n de la Tirreno-Adri\u00e1tico volver\u00e1 a arrancar con una contrarreloj individual desde el Lido di Camaiore, ahora sede habitual de la primera etapa. Tambi\u00e9n hay tres etapas para velocistas y un final en pendiente.<\/p>\n\n\n\n<p>En el 2022, casi como en el 2021, el esloveno&nbsp;<strong><a href=\"https:\/\/olympics.com\/es\/atletas\/tadej-pogacar\">Tadej Pogacar<\/a><\/strong>&nbsp;(UAE) se impuso en esta carrera. En la \u00faltima edici\u00f3n acab\u00f3 1,52 segundos por delante del dan\u00e9s&nbsp;<strong>Jonas Vingegaard<\/strong>, mientras que el a\u00f1o anterior super\u00f3 al belga&nbsp;<a href=\"https:\/\/olympics.com\/es\/atletas\/wout-van-aert\"><strong>Wout Van Aert<\/strong><\/a>&nbsp;por 1,03 segundos.<\/p>\n\n\n\n<p>Pogacar va en busca de la tercera victoria consecutiva, lo cual ser\u00eda hist\u00f3rico en la Tirreno-Adri\u00e1tico. El \u00faltimo en ganar esta carrera durante tres a\u00f1os consecutivos fue el poseedor del r\u00e9cord absoluto, el belga&nbsp;<strong>Roger De Vlaeminck<\/strong>, quien gan\u00f3 seis ediciones seguidas desde 1972 hasta 1977.<\/p>\n\n\n\n<p>\u00bfCu\u00e1les ser\u00e1n las novedades y dificultades de la edici\u00f3n 2023 de la Tirreno-Adri\u00e1tico? Aqu\u00ed est\u00e1n todas las caracter\u00edsticas de la ruta y las etapas, desde Lido di Camaiore hasta San Benedetto del Tronto.<\/p>\n\n\n\n<p><\/p>\n\n\n\n<h3 class=\"wp-block-heading\">\u00daltimos ganadores de la Tirreno-Adri\u00e1tico<\/h3>\n\n\n\n<ul class=\"wp-block-list\">\n<li><strong>2022<\/strong>&nbsp;Tadej POGA\u010cAR \u00b7 UAE Team Emirates<\/li>\n\n\n\n<li><strong>2021<\/strong>&nbsp;Tadej POGA\u010cAR \u00b7 UAE Team Emirates<\/li>\n\n\n\n<li><strong>2020<\/strong>&nbsp;Simon YATES \u00b7 Mitchelton-Scott<\/li>\n\n\n\n<li><strong>2019<\/strong>&nbsp;Primo\u017e ROGLI\u010c \u00b7 Team Jumbo-Visma<\/li>\n\n\n\n<li><strong>2018<\/strong>&nbsp;Micha\u0142 KWIATKOWSKI \u00b7 Team Sky<\/li>\n\n\n\n<li><strong>2017<\/strong>&nbsp;Nairo QUINTANA \u00b7 Movistar Team<\/li>\n\n\n\n<li><strong>2016<\/strong>\u00a0Greg VAN AVERMAET \u00b7 BMC Racing Team<\/li>\n<\/ul>\n\n\n\n<h2 class=\"wp-block-heading\">Tirreno-Adri\u00e1tico 2023: recorrido y etapas<\/h2>\n\n\n\n<p>La edici\u00f3n de 2023 de la Tirreno-Adri\u00e1tico contar\u00e1 con siete etapas y, como el a\u00f1o pasado, comenzar\u00e1 con una contrarreloj individual en Lido di Camaiore.<\/p>\n\n\n\n<h3 class=\"wp-block-heading\">Primera etapa, lunes 6 de marzo: Lido di Camaiore &#8211; Lido di Camariore (11,5km)<\/h3>\n\n\n\n<ul class=\"wp-block-list\">\n<li>La Tirreno-Adri\u00e1tico 2023 comienza con una contrarreloj individual con salida y llegada en Lido di Camaiore.<\/li>\n<\/ul>\n\n\n\n<h3 class=\"wp-block-heading\">Segunda etapa, martes 7 de marzo: Camaiore &#8211; Follonica (209km)<\/h3>\n\n\n\n<ul class=\"wp-block-list\">\n<li>Parte de Camaiore para llegar a Pisa y luego pasar de la parte llana a la subida a Castellina Marittima. En la parte final, de unos 21 km, se encuentra el tramo corto del &#8216;Impostino&#8217;.<\/li>\n<\/ul>\n\n\n\n<h3 class=\"wp-block-heading\">Tercera etapa, mi\u00e9rcoles 8 de marzo: Follonica &#8211; Foligno (216km)<\/h3>\n\n\n\n<ul class=\"wp-block-list\">\n<li>Es una de las dos etapas m\u00e1s largas de la Tirreno-Adri\u00e1tico 2023. Desde Follonica, se pasa por la parte norte de la provincia de Grosseto y Siena, con un recorrido que incluye el Passo del Lume Spento y La Foce hasta Montalcino y Chiusi. Luego, despu\u00e9s de la Piana del Trasimeno, se llega a Foligno por caminos mayormente llanos.<\/li>\n<\/ul>\n\n\n\n<h3 class=\"wp-block-heading\">Cuarta etapa, jueves 9 de marzo: Greccio &#8211; Tortoreto (219km)<\/h3>\n\n\n\n<ul class=\"wp-block-list\">\n<li>Con sus 219 kil\u00f3metros, es la etapa m\u00e1s larga de la Tirreno-Adri\u00e1tico 2023. La primera parte transcurre sobre el Salaria y atraviesa los Apeninos, pasando por algunas ciudades. Los \u00faltimos kil\u00f3metros se desarrollan en cambio en un circuito de 17,1 km. En \u00e9l se realizan tres vueltas y est\u00e1 compuesto por un descenso y una subida final, con un desnivel en torno al 7% y un final llano sobre asfalto en los \u00faltimos 100 metros.<\/li>\n<\/ul>\n\n\n\n<h3 class=\"wp-block-heading\">Quinta etapa, viernes 10 de marzo: Morro d&#8217;Oro &#8211; Sarnano-Sassotetto (168km)<\/h3>\n\n\n\n<ul class=\"wp-block-list\">\n<li>Una etapa en la que las subidas dominan el perfil. Parte de Morro d&#8217;Oro y atraviesa lugares como Offida, Comunanza y Amandala, hasta el primer paso de Sarnano con las subidas de San Ginesio y Gualdo. La \u00faltima subida, a Sassotetto da Sarnano, es de 14,5 km con una pendiente media del 6,5% y una pendiente m\u00e1xima de hasta el 12% de desnivel.<\/li>\n<\/ul>\n\n\n\n<h3 class=\"wp-block-heading\">Sexta etapa, s\u00e1bado 11 de marzo: Osimo Stazione &#8211; Osimo (194km)<\/h3>\n\n\n\n<ul class=\"wp-block-list\">\n<li>Un escenario t\u00edpico de la Tirreno-Adri\u00e1tico: la &#8216;tappa dei muri&#8217;. El primer circuito parte de la Estaci\u00f3n Osimo y pasa por las continuas subidas y bajadas de Recanati, Santa Maria del Monte, Macerata, Treia y Montefano hasta la meta. Despu\u00e9s, los ciclistas dar\u00e1n tres vueltas en una ruta caracterizada por cuatro muros: Offagna, Abbazia, v\u00eda Roncisvalle y v\u00eda Olimpia. Desde v\u00eda Roncisvalle se inicia el recorrido de m\u00e1s de 1 km sobre adoquines con un desnivel medio del 15%, seguido de un breve descenso antes de la otra subida por v\u00eda Olimpia y la entrada al centro hist\u00f3rico.<\/li>\n<\/ul>\n\n\n\n<h3 class=\"wp-block-heading\">S\u00e9ptima etapa, domingo 12 de marzo: San Benedetto del Tronto &#8211; San Benedetto del Tronto (154km)<\/h3>\n\n\n\n<ul class=\"wp-block-list\">\n<li>\u00daltima etapa de la Tirreno-Adri\u00e1tico 2023. Comienza cuesta arriba, primero desde Monteprandone y luego desde Cossignano. El largo descenso en Grottammare conduce a un circuito de 15 km que se repetir\u00e1 cinco veces, principalmente en tramos rectos anchos y asfaltados, con algunas semicurvas.<\/li>\n<\/ul>\n\n\n\n<p>olympics.com<\/p>\n","protected":false},"excerpt":{"rendered":"<p>Del 6 al 12 de marzo se disputar\u00e1 la 58\u00aa edici\u00f3n de la carrera masculina, que parte de Lido di Camaiore y llega a San Benedetto del Tronto. Tras los \u00e9xitos de 2021 y 2022, \u00bfser\u00e1 Tadej Pogacar capaz de ganar por tercera vez consecutiva? El\u00a0UCI World Tour\u00a0de\u00a0ciclismo en ruta\u00a0aterriza en Versilia, como de costumbre, [&hellip;]<\/p>\n","protected":false},"author":1,"featured_media":141744,"comment_status":"closed","ping_status":"closed","sticky":false,"template":"","format":"standard","meta":{"_acf_changed":false,"_jetpack_memberships_contains_paid_content":false,"footnotes":"","jetpack_publicize_message":"","jetpack_publicize_feature_enabled":true,"jetpack_social_post_already_shared":true,"jetpack_social_options":{"image_generator_settings":{"template":"highway","default_image_id":0,"font":"","enabled":false},"version":2}},"categories":[14],"tags":[],"class_list":["post-141743","post","type-post","status-publish","format-standard","has-post-thumbnail","hentry","category-ciclismo"],"acf":[],"jetpack_publicize_connections":[],"jetpack_featured_media_url":"https:\/\/i0.wp.com\/sportseco.com\/wp-content\/uploads\/2023\/03\/ogmd26zbtpk9shpxives.jpeg?fit=2440%2C1372&ssl=1","jetpack_sharing_enabled":true,"_links":{"self":[{"href":"https:\/\/sportseco.com\/index.php?rest_route=\/wp\/v2\/posts\/141743","targetHints":{"allow":["GET"]}}],"collection":[{"href":"https:\/\/sportseco.com\/index.php?rest_route=\/wp\/v2\/posts"}],"about":[{"href":"https:\/\/sportseco.com\/index.php?rest_route=\/wp\/v2\/types\/post"}],"author":[{"embeddable":true,"href":"https:\/\/sportseco.com\/index.php?rest_route=\/wp\/v2\/users\/1"}],"replies":[{"embeddable":true,"href":"https:\/\/sportseco.com\/index.php?rest_route=%2Fwp%2Fv2%2Fcomments&post=141743"}],"version-history":[{"count":1,"href":"https:\/\/sportseco.com\/index.php?rest_route=\/wp\/v2\/posts\/141743\/revisions"}],"predecessor-version":[{"id":141745,"href":"https:\/\/sportseco.com\/index.php?rest_route=\/wp\/v2\/posts\/141743\/revisions\/141745"}],"wp:featuredmedia":[{"embeddable":true,"href":"https:\/\/sportseco.com\/index.php?rest_route=\/wp\/v2\/media\/141744"}],"wp:attachment":[{"href":"https:\/\/sportseco.com\/index.php?rest_route=%2Fwp%2Fv2%2Fmedia&parent=141743"}],"wp:term":[{"taxonomy":"category","embeddable":true,"href":"https:\/\/sportseco.com\/index.php?rest_route=%2Fwp%2Fv2%2Fcategories&post=141743"},{"taxonomy":"post_tag","embeddable":true,"href":"https:\/\/sportseco.com\/index.php?rest_route=%2Fwp%2Fv2%2Ftags&post=141743"}],"curies":[{"name":"wp","href":"https:\/\/api.w.org\/{rel}","templated":true}]}}