{"id":142266,"date":"2023-03-12T08:34:00","date_gmt":"2023-03-12T12:34:00","guid":{"rendered":"https:\/\/sportseco.com\/?p=142266"},"modified":"2023-03-12T08:35:30","modified_gmt":"2023-03-12T12:35:30","slug":"dia-mundial-del-glaucoma-12-de-marzo","status":"publish","type":"post","link":"https:\/\/sportseco.com\/?p=142266","title":{"rendered":"D\u00eda Mundial del Glaucoma, 12 de Marzo"},"content":{"rendered":"\n<p>A partir del a\u00f1o 2008 se viene celebrando cada 12 de marzo el&nbsp;<strong>D\u00eda Mundial del Glaucoma<\/strong>, un padecimiento que&nbsp;<em>engloba hasta 60 enfermedades oculares<\/em>&nbsp;que pueden ocasionar la ceguera del paciente, producto de una degeneraci\u00f3n progresiva del nervio ocular.<\/p>\n\n\n\n<figure class=\"wp-block-embed is-type-rich is-provider-gestor-del-servicio wp-block-embed-gestor-del-servicio wp-embed-aspect-16-9 wp-has-aspect-ratio\"><div class=\"wp-block-embed__wrapper\">\n<iframe loading=\"lazy\" title=\"D\u00eda mundial del glaucoma\" width=\"640\" height=\"360\" src=\"https:\/\/www.youtube.com\/embed\/07qpnTGwIjs?feature=oembed\" frameborder=\"0\" allow=\"accelerometer; autoplay; clipboard-write; encrypted-media; gyroscope; picture-in-picture; web-share\" referrerpolicy=\"strict-origin-when-cross-origin\" allowfullscreen><\/iframe>\n<\/div><\/figure>\n\n\n\n<p>Actualmente el glaucoma es la&nbsp;<strong>segunda causa com\u00fan de la ceguera<\/strong>.&nbsp;<em>Lo padecen alrededor de uno 60 millones de personas en todo el mundo y se estima que para este 2020 la cifra suba 10 millones m\u00e1s<\/em>.<\/p>\n\n\n\n<p>En realidad se trata de una enfermedad incurable, pero si se detecta a tiempo se puede frenar su avance y garantizar que la persona pueda seguir viendo por much\u00edsimo m\u00e1s tiempo, incluso puede llegar a fallecer de manera natural antes de perder la vista totalmente.<\/p>\n\n\n\n<h2 class=\"wp-block-heading\" id=\"resTit_2\">M\u00e1s que un d\u00eda, es toda una semana<\/h2>\n\n\n\n<p>El&nbsp;<strong>D\u00eda Mundial del Glaucoma<\/strong>&nbsp;es el eje central de una festividad mucho m\u00e1s grande que es la&nbsp;<a href=\"https:\/\/www.diainternacionalde.com\/ficha\/semana-mundial-glaucoma\" target=\"_blank\" rel=\"noreferrer noopener\"><strong>Semana Mundial del Glaucoma<\/strong><\/a>&nbsp;que va&nbsp;<em>desde el 12 al 18 de marzo de 2023<\/em>.<\/p>\n\n\n\n<p>Durante toda esta semana los centros de salud proveen ex\u00e1menes gratuitos para la detecci\u00f3n temprana de algunas de las enfermedades que pueden degenerar el nervio \u00f3ptico y as\u00ed lograr frenar su avance por medio de tratamientos correctivos.<\/p>\n\n\n\n<p>Por ejemplo, un dato que casi nadie sabe es que&nbsp;<strong><em>los familiares en primer grado de un paciente de glaucoma tienen un 10% m\u00e1s de probabilidades de padecer ellos tambi\u00e9n alg\u00fan tipo de degeneraci\u00f3n del nervio ocular<\/em><\/strong>. Si este tipo de informaci\u00f3n fuese divulgada constantemente, la gran mayor\u00eda de las personas visitar\u00edan al oftalm\u00f3logo de forma regular dentro de su chequeo anual.<\/p>\n\n\n\n<h2 class=\"wp-block-heading\" id=\"resTit_3\">La mejor forma de celebrar el D\u00eda Mundial del Glaucoma<\/h2>\n\n\n\n<p>La mejor manera de pasar este d\u00eda, es&nbsp;<strong><em>realiz\u00e1ndote un examen de la vista<\/em><\/strong>. No existen s\u00edntomas previos que te pueden indicar que sufres o no de glaucoma. En realidad, la mayor\u00eda de las molestias empiezan a percibirse cuando&nbsp;<em>el nervio \u00f3ptico ya se encuentra deteriorado en un 40%<\/em>, es por esto que se cre\u00f3 esta efem\u00e9ride, para lograr que m\u00e1s personas se den cuenta de la importancia que tiene un diagnostico a tiempo.<\/p>\n\n\n\n<p>As\u00ed que por favor s\u00famate a la importante labor de difundir el mensaje con el hashtag\u00a0<strong><em>#D\u00edaMundialdelGlaucoma<\/em><\/strong>\u00a0y chequea tu vista antes de que sea muy tarde.<\/p>\n\n\n\n<p><\/p>\n\n\n\n<p><\/p>\n\n\n\n<p>diainternacionalde.com<\/p>\n","protected":false},"excerpt":{"rendered":"<p>A partir del a\u00f1o 2008 se viene celebrando cada 12 de marzo el&nbsp;D\u00eda Mundial del Glaucoma, un padecimiento que&nbsp;engloba hasta 60 enfermedades oculares&nbsp;que pueden ocasionar la ceguera del paciente, producto de una degeneraci\u00f3n progresiva del nervio ocular. Actualmente el glaucoma es la&nbsp;segunda causa com\u00fan de la ceguera.&nbsp;Lo padecen alrededor de uno 60 millones de personas [&hellip;]<\/p>\n","protected":false},"author":1,"featured_media":142268,"comment_status":"closed","ping_status":"closed","sticky":false,"template":"","format":"standard","meta":{"_acf_changed":false,"_jetpack_memberships_contains_paid_content":false,"footnotes":"","jetpack_publicize_message":"","jetpack_publicize_feature_enabled":true,"jetpack_social_post_already_shared":true,"jetpack_social_options":{"image_generator_settings":{"template":"highway","default_image_id":0,"font":"","enabled":false},"version":2}},"categories":[6],"tags":[],"class_list":["post-142266","post","type-post","status-publish","format-standard","has-post-thumbnail","hentry","category-ecologia"],"acf":[],"jetpack_publicize_connections":[],"jetpack_featured_media_url":"https:\/\/i0.wp.com\/sportseco.com\/wp-content\/uploads\/2023\/03\/03-12_dia-mundial-del-glaucoma.jpg?fit=305%2C207&ssl=1","jetpack_sharing_enabled":true,"_links":{"self":[{"href":"https:\/\/sportseco.com\/index.php?rest_route=\/wp\/v2\/posts\/142266","targetHints":{"allow":["GET"]}}],"collection":[{"href":"https:\/\/sportseco.com\/index.php?rest_route=\/wp\/v2\/posts"}],"about":[{"href":"https:\/\/sportseco.com\/index.php?rest_route=\/wp\/v2\/types\/post"}],"author":[{"embeddable":true,"href":"https:\/\/sportseco.com\/index.php?rest_route=\/wp\/v2\/users\/1"}],"replies":[{"embeddable":true,"href":"https:\/\/sportseco.com\/index.php?rest_route=%2Fwp%2Fv2%2Fcomments&post=142266"}],"version-history":[{"count":1,"href":"https:\/\/sportseco.com\/index.php?rest_route=\/wp\/v2\/posts\/142266\/revisions"}],"predecessor-version":[{"id":142269,"href":"https:\/\/sportseco.com\/index.php?rest_route=\/wp\/v2\/posts\/142266\/revisions\/142269"}],"wp:featuredmedia":[{"embeddable":true,"href":"https:\/\/sportseco.com\/index.php?rest_route=\/wp\/v2\/media\/142268"}],"wp:attachment":[{"href":"https:\/\/sportseco.com\/index.php?rest_route=%2Fwp%2Fv2%2Fmedia&parent=142266"}],"wp:term":[{"taxonomy":"category","embeddable":true,"href":"https:\/\/sportseco.com\/index.php?rest_route=%2Fwp%2Fv2%2Fcategories&post=142266"},{"taxonomy":"post_tag","embeddable":true,"href":"https:\/\/sportseco.com\/index.php?rest_route=%2Fwp%2Fv2%2Ftags&post=142266"}],"curies":[{"name":"wp","href":"https:\/\/api.w.org\/{rel}","templated":true}]}}