{"id":142329,"date":"2023-03-13T08:54:57","date_gmt":"2023-03-13T12:54:57","guid":{"rendered":"https:\/\/sportseco.com\/?p=142329"},"modified":"2023-03-13T08:55:20","modified_gmt":"2023-03-13T12:55:20","slug":"los-expertos-del-ipcc-se-reunen-en-alpes-suizos-para-estudiar-la-accion-climatica-hasta-el-2030","status":"publish","type":"post","link":"https:\/\/sportseco.com\/?p=142329","title":{"rendered":"Los expertos del IPCC se re\u00fanen en Alpes suizos para estudiar la acci\u00f3n clim\u00e1tica hasta el 2030"},"content":{"rendered":"\n<p><strong>Ginebra, 13 mar (EFE).- El Panel Intergubernamental de Expertos sobre el Cambio Clim\u00e1tico de las Naciones Unidas (IPCC) comenz\u00f3 hoy su reuni\u00f3n en Interlaken (Suiza) de la que saldr\u00e1 un documento pol\u00edtico para configurar la acci\u00f3n clim\u00e1tica en lo que queda de d\u00e9cada.<\/strong><\/p>\n\n\n\n<p>La reuni\u00f3n, que terminar\u00e1 el pr\u00f3ximo 17 de marzo, tendr\u00e1 lugar en la tur\u00edstica localidad helv\u00e9tica de Interlaken, a los pies de la cordillera de los Alpes y a escasos kil\u00f3metros del glaciar Aletsch, el m\u00e1s grande de Europa occidental, que se encuentra actualmente en regresi\u00f3n a causa del calentamiento global.<\/p>\n\n\n\n<p>El IPCC fue creado en 1988 por la Organizaci\u00f3n Meteorol\u00f3gica Mundial (OMM) para \u201cevaluar peri\u00f3dicamente el impacto del cambio clim\u00e1tico y sus riesgos futuros, as\u00ed como las opciones de adaptaci\u00f3n al mismo\u201d.<\/p>\n\n\n\n<p>EL grupo recibi\u00f3 en 2007 el premio Nobel de la Paz junto al exvicepresidente de EEUU Al Gore.<\/p>\n\n\n\n<h2 class=\"wp-block-heading\">UNA GU\u00cdA POL\u00cdTICA PARA LA PR\u00d3XIMA D\u00c9CADA<\/h2>\n\n\n\n<p>En el informe de s\u00edntesis resultante de la cumbre se incluir\u00e1n, de manera resumida, las conclusiones de los seis anteriores documentos publicados por este panel desde el a\u00f1o 2015.<\/p>\n\n\n\n<p>Este documento integrar\u00e1 la evaluaciones previas del grupo sobre ciencia f\u00edsica, sobre el impacto del cambio clim\u00e1tico en los ecosistemas y la biodiversidad y sobre la mitigaci\u00f3n del mismo y las principales fuentes emisoras de gases de efecto invernadero a nivel global.<\/p>\n\n\n\n<p>Adem\u00e1s, incorporar\u00e1 las principales conclusiones de los informes especiales del IPCC sobre el calentamiento global, sobre la desertizaci\u00f3n y sobre c\u00f3mo afecta la crisis clim\u00e1tica a los oc\u00e9anos y a la superficie helada del planeta.<\/p>\n\n\n\n<p>En este sentido, las autoridades del IPCC ya han advertido a la comunidad internacional de que un aumento de 1,5 grados de la temperatura de la Tierra antes del a\u00f1o 2100 podr\u00eda corregirse, pero conllevar\u00eda \u201cimpactos irreversibles\u201d para toda la humanidad.<\/p>\n\n\n\n<p>\u201cNo se equivoquen, la inacci\u00f3n y los retrasos no son opciones\u201d, dijo en la inauguraci\u00f3n de la conferencia de Interlaken el presidente del IPCC, Hoesung Lee, que equipar\u00f3 el futuro informe de s\u00edntesis a \u201cun libro de texto necesario para los pol\u00edticos de hoy y ma\u00f1ana\u201d.<\/p>\n\n\n\n<p>Esta primera sesi\u00f3n tambi\u00e9n cont\u00f3 con&nbsp;<strong>intervenciones en v\u00eddeo d<\/strong>e l\u00edderes de las Naciones Unidas como el secretario general de las Naciones Unidas, Ant\u00f3nio Guterres, y su hom\u00f3logo al frente de la Organizaci\u00f3n Meteorol\u00f3gica Mundial (OMM), Petteri Taalas.<\/p>\n\n\n\n<p>En su mensaje Guterres ha destacado que este ser\u00e1 el primer informe completo del IPCC en nueve a\u00f1os, y el primero desde el Acuerdo de Par\u00eds sobre el Cambio Clim\u00e1tico.<\/p>\n\n\n\n<p>\u201d No podr\u00eda llegar en un momento m\u00e1s crucial.&nbsp;Nuestro mundo est\u00e1 en una encrucijada, y nuestro planeta est\u00e1 en la mira.&nbsp;Nos estamos acercando al punto de no retorno; de rebasar el l\u00edmite acordado internacionalmente de 1,5 grados cent\u00edgrados de calentamiento global\u201d, ha indicado.<\/p>\n\n\n\n<p>Seg\u00fan el Secretario General, \u201cno es demasiado tarde\u201d y recuerda que el informe del a\u00f1o pasado \u201cdemostr\u00f3 claramente que es posible limitar el calentamiento global a 1,5 grados con reducciones de emisiones r\u00e1pidas y profundas en todos los sectores de la econom\u00eda mundial\u201d. EFEverde<br \/>jgv\/abc\/cc<\/p>\n","protected":false},"excerpt":{"rendered":"<p>Ginebra, 13 mar (EFE).- El Panel Intergubernamental de Expertos sobre el Cambio Clim\u00e1tico de las Naciones Unidas (IPCC) comenz\u00f3 hoy su reuni\u00f3n en Interlaken (Suiza) de la que saldr\u00e1 un documento pol\u00edtico para configurar la acci\u00f3n clim\u00e1tica en lo que queda de d\u00e9cada. La reuni\u00f3n, que terminar\u00e1 el pr\u00f3ximo 17 de marzo, tendr\u00e1 lugar en [&hellip;]<\/p>\n","protected":false},"author":1,"featured_media":142330,"comment_status":"closed","ping_status":"closed","sticky":false,"template":"","format":"standard","meta":{"_acf_changed":false,"_jetpack_memberships_contains_paid_content":false,"footnotes":"","jetpack_publicize_message":"","jetpack_publicize_feature_enabled":true,"jetpack_social_post_already_shared":true,"jetpack_social_options":{"image_generator_settings":{"template":"highway","default_image_id":0,"font":"","enabled":false},"version":2}},"categories":[6],"tags":[],"class_list":["post-142329","post","type-post","status-publish","format-standard","has-post-thumbnail","hentry","category-ecologia"],"acf":[],"jetpack_publicize_connections":[],"jetpack_featured_media_url":"https:\/\/i0.wp.com\/sportseco.com\/wp-content\/uploads\/2023\/03\/8010696973001w-2.jpg?fit=900%2C600&ssl=1","jetpack_sharing_enabled":true,"_links":{"self":[{"href":"https:\/\/sportseco.com\/index.php?rest_route=\/wp\/v2\/posts\/142329","targetHints":{"allow":["GET"]}}],"collection":[{"href":"https:\/\/sportseco.com\/index.php?rest_route=\/wp\/v2\/posts"}],"about":[{"href":"https:\/\/sportseco.com\/index.php?rest_route=\/wp\/v2\/types\/post"}],"author":[{"embeddable":true,"href":"https:\/\/sportseco.com\/index.php?rest_route=\/wp\/v2\/users\/1"}],"replies":[{"embeddable":true,"href":"https:\/\/sportseco.com\/index.php?rest_route=%2Fwp%2Fv2%2Fcomments&post=142329"}],"version-history":[{"count":1,"href":"https:\/\/sportseco.com\/index.php?rest_route=\/wp\/v2\/posts\/142329\/revisions"}],"predecessor-version":[{"id":142331,"href":"https:\/\/sportseco.com\/index.php?rest_route=\/wp\/v2\/posts\/142329\/revisions\/142331"}],"wp:featuredmedia":[{"embeddable":true,"href":"https:\/\/sportseco.com\/index.php?rest_route=\/wp\/v2\/media\/142330"}],"wp:attachment":[{"href":"https:\/\/sportseco.com\/index.php?rest_route=%2Fwp%2Fv2%2Fmedia&parent=142329"}],"wp:term":[{"taxonomy":"category","embeddable":true,"href":"https:\/\/sportseco.com\/index.php?rest_route=%2Fwp%2Fv2%2Fcategories&post=142329"},{"taxonomy":"post_tag","embeddable":true,"href":"https:\/\/sportseco.com\/index.php?rest_route=%2Fwp%2Fv2%2Ftags&post=142329"}],"curies":[{"name":"wp","href":"https:\/\/api.w.org\/{rel}","templated":true}]}}