{"id":142339,"date":"2023-03-13T10:05:05","date_gmt":"2023-03-13T14:05:05","guid":{"rendered":"https:\/\/sportseco.com\/?p=142339"},"modified":"2023-03-13T10:05:11","modified_gmt":"2023-03-13T14:05:11","slug":"es-oficial-la-nina-termino-pero-nos-acompanan-sus-secuelas","status":"publish","type":"post","link":"https:\/\/sportseco.com\/?p=142339","title":{"rendered":"ES OFICIAL: LA NI\u00d1A TERMIN\u00d3, PERO NOS ACOMPA\u00d1AN SUS SECUELAS&nbsp;"},"content":{"rendered":"\n<h2 class=\"wp-block-heading\">ESO EXPLICA LA FUERTE INESTABILIDAD ATMOSF\u00c9RICA&nbsp;<\/h2>\n\n\n\n<p>Tras poco m\u00e1s de 24 meses de excedentes de lluvias a\u00fan pueden suceder derrumbes deslizamientos y\/o avalanchas con nuevas precipitaciones.\u00a0<\/p>\n\n\n\n<p>Las condiciones del llamado Fen\u00f3meno de La Ni\u00f1a, que increment\u00f3 las lluvias en nuestra regi\u00f3n por m\u00e1s de 24 meses, han sido declaradas como terminadas, sin embargo, sus efectos continuar\u00e1n por un tiempo indeterminado lo que explica la inestabilidad del clima y podr\u00edan provocar emergencias.<br \/>&nbsp;<br \/>\u00abLos factores que determinan que haya Ni\u00f1a han terminado pero algunas de sus anomal\u00edas asociadas persisten: Hemos observado una fuerte inestabilidad atmosf\u00e9rica frente a las costas del oc\u00e9ano Pac\u00edfico de Colombia y Ecuador con gran actividad convectiva, (que es el fen\u00f3meno que origina la formaci\u00f3n de nubes que se pueden convertir en nubes de tormenta) sobre el territorio nacional en lo que va corrido del mes de marzo\u00bb, explican desde la Red de Hidroclimatolog\u00eda de la CVC.<\/p>\n\n\n\n<p>Lo anterior ha sido provocado por \u00abLos vientos del este en los niveles bajos contin\u00faan sobre el Oc\u00e9ano Pac\u00edfico central. Las anomal\u00edas en los vientos del oeste en los niveles altos fueron evidentes sobre la mayor\u00eda del Pac\u00edfico. La convecci\u00f3n persisti\u00f3 suprimida sobre el centro del Pac\u00edfico tropical, mientras que la convecci\u00f3n aumentada fue observada sobre Indonesia\u00bb, seg\u00fan la Oficina Nacional de Administraci\u00f3n Oce\u00e1nica y Atmosf\u00e9rica, NOAA, (por su sigla en Ingl\u00e9s). &nbsp;<\/p>\n\n\n\n<p>M\u00e1s de 24 meses de excedentes de lluvias dejados por La Ni\u00f1a provocar\u00e1n que para la primera temporada de lluvias de 2023, que va de marzo a &nbsp;junio, tengamos un escenario de algunos suelos erosionados y da\u00f1os en el subsuelo que podr\u00edan generar derrumbes deslizamientos y\/o avalanchas con las nuevas precipitaciones.<\/p>\n\n\n\n<p>Para la segunda temporada seca de 2023, que va de junio a septiembre, y debido a la gran cantidad de lluvias antecedentes, se ha generado un aumento del volumen de la cobertura vegetal, eso significa una gran cantidad de biomasa que puede llegar a potenciar incendios forestales.<\/p>\n\n\n\n<p><\/p>\n\n\n\n<p>cvc.gov.co<\/p>\n","protected":false},"excerpt":{"rendered":"<p>ESO EXPLICA LA FUERTE INESTABILIDAD ATMOSF\u00c9RICA&nbsp; Tras poco m\u00e1s de 24 meses de excedentes de lluvias a\u00fan pueden suceder derrumbes deslizamientos y\/o avalanchas con nuevas precipitaciones.\u00a0 Las condiciones del llamado Fen\u00f3meno de La Ni\u00f1a, que increment\u00f3 las lluvias en nuestra regi\u00f3n por m\u00e1s de 24 meses, han sido declaradas como terminadas, sin embargo, sus efectos [&hellip;]<\/p>\n","protected":false},"author":1,"featured_media":142340,"comment_status":"closed","ping_status":"closed","sticky":false,"template":"","format":"standard","meta":{"_acf_changed":false,"_jetpack_memberships_contains_paid_content":false,"footnotes":"","jetpack_publicize_message":"","jetpack_publicize_feature_enabled":true,"jetpack_social_post_already_shared":true,"jetpack_social_options":{"image_generator_settings":{"template":"highway","default_image_id":0,"font":"","enabled":false},"version":2}},"categories":[6],"tags":[],"class_list":["post-142339","post","type-post","status-publish","format-standard","has-post-thumbnail","hentry","category-ecologia"],"acf":[],"jetpack_publicize_connections":[],"jetpack_featured_media_url":"https:\/\/i0.wp.com\/sportseco.com\/wp-content\/uploads\/2023\/03\/047-1.jpg?fit=360%2C273&ssl=1","jetpack_sharing_enabled":true,"_links":{"self":[{"href":"https:\/\/sportseco.com\/index.php?rest_route=\/wp\/v2\/posts\/142339","targetHints":{"allow":["GET"]}}],"collection":[{"href":"https:\/\/sportseco.com\/index.php?rest_route=\/wp\/v2\/posts"}],"about":[{"href":"https:\/\/sportseco.com\/index.php?rest_route=\/wp\/v2\/types\/post"}],"author":[{"embeddable":true,"href":"https:\/\/sportseco.com\/index.php?rest_route=\/wp\/v2\/users\/1"}],"replies":[{"embeddable":true,"href":"https:\/\/sportseco.com\/index.php?rest_route=%2Fwp%2Fv2%2Fcomments&post=142339"}],"version-history":[{"count":1,"href":"https:\/\/sportseco.com\/index.php?rest_route=\/wp\/v2\/posts\/142339\/revisions"}],"predecessor-version":[{"id":142341,"href":"https:\/\/sportseco.com\/index.php?rest_route=\/wp\/v2\/posts\/142339\/revisions\/142341"}],"wp:featuredmedia":[{"embeddable":true,"href":"https:\/\/sportseco.com\/index.php?rest_route=\/wp\/v2\/media\/142340"}],"wp:attachment":[{"href":"https:\/\/sportseco.com\/index.php?rest_route=%2Fwp%2Fv2%2Fmedia&parent=142339"}],"wp:term":[{"taxonomy":"category","embeddable":true,"href":"https:\/\/sportseco.com\/index.php?rest_route=%2Fwp%2Fv2%2Fcategories&post=142339"},{"taxonomy":"post_tag","embeddable":true,"href":"https:\/\/sportseco.com\/index.php?rest_route=%2Fwp%2Fv2%2Ftags&post=142339"}],"curies":[{"name":"wp","href":"https:\/\/api.w.org\/{rel}","templated":true}]}}