{"id":142436,"date":"2023-03-14T18:20:36","date_gmt":"2023-03-14T22:20:36","guid":{"rendered":"https:\/\/sportseco.com\/?p=142436"},"modified":"2023-03-14T18:20:42","modified_gmt":"2023-03-14T22:20:42","slug":"el-hombre-provoca-que-a-veces-los-rios-urbanos-se-vuelvan-cloacas-malolientes","status":"publish","type":"post","link":"https:\/\/sportseco.com\/?p=142436","title":{"rendered":"El hombre provoca que a veces los r\u00edos urbanos se vuelvan cloacas malolientes"},"content":{"rendered":"\n<p id=\"primero\"><strong>Sof\u00eda Henales.- Madrid.- Los r\u00edos de zonas urbanas est\u00e1n, \u201csin duda\u201d, m\u00e1s afectados que los de zonas rurales, sobre todo aguas abajo de la ciudad, e incluso \u201ca veces son cloacas malolientes\u201d, seg\u00fan han lamentado a EFE varios expertos dedicados a la conservaci\u00f3n de estos ecosistemas, \u201ctan da\u00f1ados por la acci\u00f3n humana\u201d.<\/strong><\/p>\n\n\n\n<p>Desde 1997, cada 14 de marzo se conmemora el D\u00eda Internacional de Acci\u00f3n Por los R\u00edos, con la intenci\u00f3n de proteger a estas fuentes de agua dulce y a la biodiversidad que habita en su interior, un prop\u00f3sito que comparte la&nbsp;<strong>Fundaci\u00f3n Ox\u00edgeno<\/strong>, seg\u00fan ha detallado su director, Roberto Lozano.<\/p>\n\n\n\n<p>Esta entidad sin \u00e1nimo de lucro cuenta con<strong>&nbsp;\u2018C.S.I. R\u00edos, Ciudadan@s Socialmente Implicad@s\u2019<\/strong>, una campa\u00f1a \u201cde conservaci\u00f3n y educaci\u00f3n ambiental para sensibilizar sobre la importancia de cuidar este ecosistema y sus problem\u00e1ticas\u201d.<\/p>\n\n\n\n<h2 class=\"wp-block-heading\">Deterioro de los r\u00edos&nbsp;<\/h2>\n\n\n\n<p>El proyecto comenz\u00f3 hace m\u00e1s de veinte a\u00f1os y \u201cahora encontramos m\u00e1s residuos, m\u00e1s basura y m\u00e1s escombros en nuestros r\u00edos\u201d, tantos que algunos, \u201csobre todo los tramos bajos de zonas urbanas\u201d se han convertido en&nbsp;<strong>\u201ccloacas malolientes\u201d<\/strong>.<\/p>\n\n\n\n<p>Esa urbanizaci\u00f3n y vertidos -de miner\u00eda y aguas fecales e industriales- han hecho que un \u201c45 % de los r\u00edos\u201d est\u00e9n deteriorados, aunque a diferencia de los bajos, \u201clos tramos altos suelen estar bastante bien conservados\u201d y esto significa que \u201clos de entornos rurales se cuidan mejor\u201d.<\/p>\n\n\n\n<blockquote class=\"wp-block-quote is-layout-flow wp-block-quote-is-layout-flow\">\n<p>Una t\u00e9cnica de limpieza de los r\u00edos es la depuraci\u00f3n de aguas residuales, que a juicio de Lozano, \u201cen Espa\u00f1a deja mucho que desear\u201d, a nivel general, y, adem\u00e1s, \u201cno se est\u00e1 cumpliendo en algunas localidades\u201d.<\/p>\n<\/blockquote>\n\n\n\n<p>La problem\u00e1tica tambi\u00e9n preocupa al coordinador del \u00e1rea del agua de&nbsp;<strong>Ecologistas en Acci\u00f3n<\/strong>, Santiago Mart\u00edn, quien ha contado que desde su organizaci\u00f3n \u201cqueremos devolver un cierto grado de naturalidad a los r\u00edos\u201d, ante el encauzamiento de muchos de ellos entre paredes de hormig\u00f3n.<\/p>\n\n\n\n<p>Mart\u00edn ha coincidido con el director de Fundaci\u00f3n Ox\u00edgeno en que el cauce \u201cya tiene un nivel de degradaci\u00f3n importante\u201d cuando atraviesa la ciudad, ya que adem\u00e1s de los vertidos y del hormig\u00f3n, \u201cles afecta no tener bosque de ribera, pero parece que se tiene asumida la situaci\u00f3n\u201d.<\/p>\n\n\n\n<h2 class=\"wp-block-heading\">Vertidos de aguas residuales y embalses&nbsp;<\/h2>\n\n\n\n<p>De hecho, \u201ctodav\u00eda se vierten las aguas residuales de 9 millones de personas en nuestro pa\u00eds sin ning\u00fan tipo de depuraci\u00f3n y por este motivo la&nbsp;<strong>Uni\u00f3n Europea<\/strong>&nbsp;tiene abiertos ya cinco expedientes\u201d.<\/p>\n\n\n\n<p>Las infraestructuras \u201cque m\u00e1s pueden afectar a un r\u00edo\u201d son los embalses porque impiden el flujo natural y en Espa\u00f1a \u201chay m\u00e1s de 1.250\u201d, siendo el pa\u00eds de la UE con mayor n\u00famero y el quinto del mundo, lo que \u201caltera completamente el medio natural\u201d.<\/p>\n\n\n\n<blockquote class=\"wp-block-quote is-layout-flow wp-block-quote-is-layout-flow\">\n<p>A la fauna y a la flora les repercute este problema, \u201chay especies, como el esturi\u00f3n, que se han extinguido para siempre por estas construcciones\u201d, por eso \u201chay que garantizar la conservaci\u00f3n del r\u00edo dentro de lo posible\u201d.<\/p>\n<\/blockquote>\n\n\n\n<p>La asociaci\u00f3n,&nbsp;<strong>AEMS-R\u00edos con Vida<\/strong>, naci\u00f3 en 1979 con esa intenci\u00f3n, as\u00ed como para \u201crecuperar los ecosistemas fluviales y los peces aut\u00f3ctonos\u201d, seg\u00fan ha contado su secretario general, C\u00e9sar Rodr\u00edguez.<\/p>\n\n\n\n<p>En opini\u00f3n de Rodr\u00edguez, \u201cestamos utilizando demasiada qu\u00edmica y haciendo un uso intensivo del agua con la ganader\u00eda y la agricultura\u201d, una actividad que consume \u201calrededor del 80 % de los recursos hidrol\u00f3gicos\u201d para producir forraje o regar \u00e1rboles frutales.<\/p>\n\n\n\n<h2 class=\"wp-block-heading\">Renaturalizaci\u00f3n de los r\u00edos<\/h2>\n\n\n\n<p>Una renaturalizaci\u00f3n de los r\u00edos \u201ces posible\u201d, por ejemplo \u201celiminando las ruinas que les hemos arrojado\u201d o \u201cinstalando depuradoras\u201d, aunque \u201cdebe haber un compromiso de la sociedad y de las administraciones. Y tenemos que ser m\u00e1s responsables\u201d.<\/p>\n\n\n\n<p>En cuanto a los urbanos, ha destacado que \u201cse pueden hacer las cosas de otra manera\u201d, como el Manzanares, \u201cuna cloaca a cielo abierto\u201d que al bajar las compuertas y dejar que circule ha formado isletas, la vegetaci\u00f3n se ha asentado y hay aves acu\u00e1ticas. EFEverde<\/p>\n","protected":false},"excerpt":{"rendered":"<p>Sof\u00eda Henales.- Madrid.- Los r\u00edos de zonas urbanas est\u00e1n, \u201csin duda\u201d, m\u00e1s afectados que los de zonas rurales, sobre todo aguas abajo de la ciudad, e incluso \u201ca veces son cloacas malolientes\u201d, seg\u00fan han lamentado a EFE varios expertos dedicados a la conservaci\u00f3n de estos ecosistemas, \u201ctan da\u00f1ados por la acci\u00f3n humana\u201d. Desde 1997, cada [&hellip;]<\/p>\n","protected":false},"author":1,"featured_media":142437,"comment_status":"closed","ping_status":"closed","sticky":false,"template":"","format":"standard","meta":{"_acf_changed":false,"_jetpack_memberships_contains_paid_content":false,"footnotes":"","jetpack_publicize_message":"","jetpack_publicize_feature_enabled":true,"jetpack_social_post_already_shared":true,"jetpack_social_options":{"image_generator_settings":{"template":"highway","default_image_id":0,"font":"","enabled":false},"version":2}},"categories":[6],"tags":[],"class_list":["post-142436","post","type-post","status-publish","format-standard","has-post-thumbnail","hentry","category-ecologia"],"acf":[],"jetpack_publicize_connections":[],"jetpack_featured_media_url":"https:\/\/i0.wp.com\/sportseco.com\/wp-content\/uploads\/2023\/03\/cadb5d6824d133ae92db1e55bc295f730fb33d2dw-e1678795576815.jpg?fit=1200%2C801&ssl=1","jetpack_sharing_enabled":true,"_links":{"self":[{"href":"https:\/\/sportseco.com\/index.php?rest_route=\/wp\/v2\/posts\/142436","targetHints":{"allow":["GET"]}}],"collection":[{"href":"https:\/\/sportseco.com\/index.php?rest_route=\/wp\/v2\/posts"}],"about":[{"href":"https:\/\/sportseco.com\/index.php?rest_route=\/wp\/v2\/types\/post"}],"author":[{"embeddable":true,"href":"https:\/\/sportseco.com\/index.php?rest_route=\/wp\/v2\/users\/1"}],"replies":[{"embeddable":true,"href":"https:\/\/sportseco.com\/index.php?rest_route=%2Fwp%2Fv2%2Fcomments&post=142436"}],"version-history":[{"count":1,"href":"https:\/\/sportseco.com\/index.php?rest_route=\/wp\/v2\/posts\/142436\/revisions"}],"predecessor-version":[{"id":142438,"href":"https:\/\/sportseco.com\/index.php?rest_route=\/wp\/v2\/posts\/142436\/revisions\/142438"}],"wp:featuredmedia":[{"embeddable":true,"href":"https:\/\/sportseco.com\/index.php?rest_route=\/wp\/v2\/media\/142437"}],"wp:attachment":[{"href":"https:\/\/sportseco.com\/index.php?rest_route=%2Fwp%2Fv2%2Fmedia&parent=142436"}],"wp:term":[{"taxonomy":"category","embeddable":true,"href":"https:\/\/sportseco.com\/index.php?rest_route=%2Fwp%2Fv2%2Fcategories&post=142436"},{"taxonomy":"post_tag","embeddable":true,"href":"https:\/\/sportseco.com\/index.php?rest_route=%2Fwp%2Fv2%2Ftags&post=142436"}],"curies":[{"name":"wp","href":"https:\/\/api.w.org\/{rel}","templated":true}]}}