{"id":142454,"date":"2023-03-15T09:21:36","date_gmt":"2023-03-15T13:21:36","guid":{"rendered":"https:\/\/sportseco.com\/?p=142454"},"modified":"2023-03-15T09:21:44","modified_gmt":"2023-03-15T13:21:44","slug":"dia-mundial-contra-la-matanza-de-focas-15-de-marzo-2","status":"publish","type":"post","link":"https:\/\/sportseco.com\/?p=142454","title":{"rendered":"D\u00eda Mundial contra la Matanza de Focas, 15 de Marzo"},"content":{"rendered":"\n<figure class=\"wp-block-image\"><img data-recalc-dims=\"1\" decoding=\"async\" src=\"https:\/\/i0.wp.com\/www.diainternacionalde.com\/imagenes\/dias\/03-15_dia-mundial-matanza-focas.jpg?w=640&#038;ssl=1\" alt=\"D\u00eda Mundial contra la Matanza de Focas\" title=\"D\u00eda Mundial contra la Matanza de Focas\"\/><\/figure>\n\n\n\n<p><\/p>\n\n\n\n<p><strong>El 15 de marzo&nbsp;<\/strong>es un d\u00eda de concienciaci\u00f3n acerca de los riesgos que afronta una de las especies de mam\u00edferos marinos, que actualmente se encuentra en peligro de extinci\u00f3n. Se celebra el&nbsp;<strong>D\u00eda Mundial Contra la Matanza de Focas<\/strong>.<\/p>\n\n\n\n<p>Mediante esta efem\u00e9ride se pretende visibilizar la cruel matanza y captura de focas por parte de cazadores, con la finalidad de comercializar su piel. En este d\u00eda mundial varias organizaciones y asociaciones protectoras de animales realizan protestas en todo el mundo, contra la masacre y matanza indiscriminada de esta especie marina.<\/p>\n\n\n\n<h2 class=\"wp-block-heading\">Las Focas: nobles mam\u00edferos marinos<\/h2>\n\n\n\n<p><strong>Las focas o f\u00f3cidos<\/strong>\u00a0son mam\u00edferos pinn\u00edpedos pertenecientes a la familia\u00a0<strong><em>Phocidae<\/em><\/strong>. Se han catalogado unas 33 especies, las cuales pueden vivir en medios acu\u00e1ticos por periodos de tiempo prolongado.<\/p>\n\n\n\n<p>Poseen un cuerpo alargado, pelaje muy corto y una capa gruesa de grasa debajo de la piel. Sus extremidades anteriores son planas y son utilizadas como aletas para nadar. Las extremidades posteriores est\u00e1n orientadas hacia atr\u00e1s, las cuales no son funcionales para desplazarse en el suelo.<\/p>\n\n\n\n<p>La mayor\u00eda de estas especies habitan en las fr\u00edas zonas de la Ant\u00e1rtida, as\u00ed como en zonas tropicales y de la costa. Sin embargo, se han visto severamente amenazadas y en peligro de extinci\u00f3n, debido a la caza ilegal, la destrucci\u00f3n de su h\u00e1bitat y la contaminaci\u00f3n del mar.<\/p>\n\n\n\n<h2 class=\"wp-block-heading\">\u00bfC\u00f3mo podemos apoyar este D\u00eda Mundial?<\/h2>\n\n\n\n<p>Organizaciones como GreenPeace y PETA trabajan de manera permanente y activamente en campa\u00f1as de concienciaci\u00f3n para la defensa de los ecosistemas marinos, as\u00ed como la defensa y conservaci\u00f3n de especies ecol\u00f3gicamente vulnerables como las focas, entre otras especies animales amenazadas.<\/p>\n\n\n\n<p>Una manera de participar en esta causa es evitar la compra de productos elaborados con piel de focas y divulgar informaci\u00f3n en las redes sociales acerca del\u00a0<strong>D\u00eda Mundial Contra la Matanza de Focas<\/strong>, en las redes sociales. Utiliza el hashtag\u00a0<strong><em>#D\u00edaMundialcontralaMatanzadeFocas<\/em><\/strong><\/p>\n\n\n\n<p><\/p>\n\n\n\n<p>diainternacionalde.com<\/p>\n","protected":false},"excerpt":{"rendered":"<p>El 15 de marzo&nbsp;es un d\u00eda de concienciaci\u00f3n acerca de los riesgos que afronta una de las especies de mam\u00edferos marinos, que actualmente se encuentra en peligro de extinci\u00f3n. Se celebra el&nbsp;D\u00eda Mundial Contra la Matanza de Focas. Mediante esta efem\u00e9ride se pretende visibilizar la cruel matanza y captura de focas por parte de cazadores, [&hellip;]<\/p>\n","protected":false},"author":1,"featured_media":142455,"comment_status":"closed","ping_status":"closed","sticky":false,"template":"","format":"standard","meta":{"_acf_changed":false,"_jetpack_memberships_contains_paid_content":false,"footnotes":"","jetpack_publicize_message":"","jetpack_publicize_feature_enabled":true,"jetpack_social_post_already_shared":true,"jetpack_social_options":{"image_generator_settings":{"template":"highway","default_image_id":0,"font":"","enabled":false},"version":2}},"categories":[6],"tags":[],"class_list":["post-142454","post","type-post","status-publish","format-standard","has-post-thumbnail","hentry","category-ecologia"],"acf":[],"jetpack_publicize_connections":[],"jetpack_featured_media_url":"https:\/\/i0.wp.com\/sportseco.com\/wp-content\/uploads\/2023\/03\/03-15_dia-mundial-matanza-focas.jpg?fit=305%2C203&ssl=1","jetpack_sharing_enabled":true,"_links":{"self":[{"href":"https:\/\/sportseco.com\/index.php?rest_route=\/wp\/v2\/posts\/142454","targetHints":{"allow":["GET"]}}],"collection":[{"href":"https:\/\/sportseco.com\/index.php?rest_route=\/wp\/v2\/posts"}],"about":[{"href":"https:\/\/sportseco.com\/index.php?rest_route=\/wp\/v2\/types\/post"}],"author":[{"embeddable":true,"href":"https:\/\/sportseco.com\/index.php?rest_route=\/wp\/v2\/users\/1"}],"replies":[{"embeddable":true,"href":"https:\/\/sportseco.com\/index.php?rest_route=%2Fwp%2Fv2%2Fcomments&post=142454"}],"version-history":[{"count":1,"href":"https:\/\/sportseco.com\/index.php?rest_route=\/wp\/v2\/posts\/142454\/revisions"}],"predecessor-version":[{"id":142456,"href":"https:\/\/sportseco.com\/index.php?rest_route=\/wp\/v2\/posts\/142454\/revisions\/142456"}],"wp:featuredmedia":[{"embeddable":true,"href":"https:\/\/sportseco.com\/index.php?rest_route=\/wp\/v2\/media\/142455"}],"wp:attachment":[{"href":"https:\/\/sportseco.com\/index.php?rest_route=%2Fwp%2Fv2%2Fmedia&parent=142454"}],"wp:term":[{"taxonomy":"category","embeddable":true,"href":"https:\/\/sportseco.com\/index.php?rest_route=%2Fwp%2Fv2%2Fcategories&post=142454"},{"taxonomy":"post_tag","embeddable":true,"href":"https:\/\/sportseco.com\/index.php?rest_route=%2Fwp%2Fv2%2Ftags&post=142454"}],"curies":[{"name":"wp","href":"https:\/\/api.w.org\/{rel}","templated":true}]}}