{"id":142463,"date":"2023-03-15T09:43:37","date_gmt":"2023-03-15T13:43:37","guid":{"rendered":"https:\/\/sportseco.com\/?p=142463"},"modified":"2023-03-15T09:43:43","modified_gmt":"2023-03-15T13:43:43","slug":"se-amplia-el-parque-nacional-natural-sierra-nevada-de-santa-marta-el-corazon-del-mundo-celebra-la-proteccion-de-su-territorio","status":"publish","type":"post","link":"https:\/\/sportseco.com\/?p=142463","title":{"rendered":"Se ampl\u00eda el Parque Nacional Natural Sierra Nevada de Santa Marta. \u201cEl Coraz\u00f3n del Mundo celebra la protecci\u00f3n de su territorio\u201d"},"content":{"rendered":"\n<figure class=\"wp-block-image\"><img data-recalc-dims=\"1\" decoding=\"async\" src=\"https:\/\/i0.wp.com\/www.parquesnacionales.gov.co\/portal\/wp-content\/uploads\/2023\/03\/noticia140323.jpg?w=640&#038;ssl=1\" alt=\"\"\/><\/figure>\n\n\n\n<ul class=\"wp-block-list\">\n<li><em>El Parque Nacional Natural Sierra Nevada de Santa Marta (PNN SNSM) incrementar<\/em><em>\u00e1<\/em><em>&nbsp;su extensi<\/em><em>\u00f3<\/em><em>n en 172.458,3 ha, para un total de 573.312,6 ha protegidas.<\/em><\/li>\n\n\n\n<li><em>Este macizo geogr<\/em><em>\u00e1<\/em><em>fico es considerado un&nbsp;<\/em><em>\u201c<\/em><em>hotspot<\/em><em>\u201d<\/em><em>&nbsp;de biodiversidad,&nbsp;<\/em><em>\u00c1<\/em><em>rea de Endemismo de Aves -EBA (por sus siglas en ingl\u00e9s), una de las zonas irremplazables en el mundo seg\u00fan la UICN, y estrella hidrogr\u00e1fica para el norte de Colombia por ser la principal fuente de agua para los departamentos de Magdalena, Cesar y La Guajira.<\/em><\/li>\n\n\n\n<li><em>De acuerdo con el Registro \u00danico de \u00c1reas Protegidas (Runap), en la actualidad Colombia cuenta con 1.552 \u00e1reas protegidas, de las cuales 1.123 corresponden a \u00c1reas de gobernanza privada (Reservas Naturales de la Sociedad Civil); 308 Regionales y 121 Nacionales.<\/em><\/li>\n\n\n\n<li><em>Para los Arhuaco (Iku), los Kogui (K\u00e1ggaba), los Wiwa y los Kankuamo, la SNSM es el origen, el comienzo y el centro del mundo. El territorio ancestral de la SNSM es pensamiento (nivel espiritual) y es realidad material, la tarea principal para la existencia de los cuatro pueblos es cuidar y velar para que \u00e9sta permanezca.<\/em><\/li>\n<\/ul>\n\n\n\n<p><strong>\u00a0Valledupar, (Cesar). Marzo 15 de 2023.<\/strong>\u00a0Con el aumento de 172.458,3 ha, el Parque Nacional Natural Sierra Nevada de Santa Marta, considerado el Coraz\u00f3n del Mundo por los pueblos ind\u00edgenas que la habitan, se convierte en el \u00e1rea protegida continental m\u00e1s grande del Caribe colombiano al alcanzar 573.312,6 ha, un mensaje de conservaci\u00f3n que el pa\u00eds env\u00eda en pro de la salvaguarda de nuestra riqueza natural y cultural.<\/p>\n\n\n\n<p>La ampliaci\u00f3n del Parque Nacional Natural surge de la necesidad evidenciada por los pueblos ind\u00edgenas Arhuaco (Iku) y Kogui (K\u00e1ggaba) de proteger su territorio ancestral, necesidad acogida por el Consejo Territorial de Cabildos Ind\u00edgenas de la Sierra Nevada de Santa Marta (CTC), espacio de representaci\u00f3n conjunta de los cuatro pueblos ind\u00edgenas de la Sierra Nevada que deleg\u00f3, en el ejercicio de su gobierno propio, a los pueblos Arhuaco y Kogui para el proceso de concertaci\u00f3n con Parques Nacionales. No obstante lo anterior, los cuatro pueblos fueron convocados e hicieron parte de la protocolizaci\u00f3n de los acuerdos en el marco de la consulta previa.<\/p>\n\n\n\n<p>En la implementaci\u00f3n de la ruta de declaratoria, de la mano con los pueblos ind\u00edgenas Kogui y Arhuaco, se avanz\u00f3 desde 2016 en la caracterizaci\u00f3n biof\u00edsica, socioecon\u00f3mica y cultural, identificando sitios sagrados, manejo ancestral y zonas prioritarias para la conservaci\u00f3n en los territorios propuestos para la ampliaci\u00f3n. Los resultados del diagn\u00f3stico y la caracterizaci\u00f3n del \u00e1rea propuesta indican que existen elementos biof\u00edsicos, sociales y culturales que se sustentaron ante la Academia colombiana de Ciencias Exactas, F\u00edsicas y Naturales para ampliar el PNN SNSM y contribuir de esta manera a salvaguardar valores ambientales y culturales presentes en la Sierra Nevada de Santa Marta.<\/p>\n\n\n\n<p>El Parque ampliado presenta una gran importancia ecol\u00f3gica. Dentro de la zona propuesta de ampliaci\u00f3n se han identificado elementos de la biodiversidad tales como ecosistemas de Bosque H\u00famedo Subandino, Bosque H\u00famedo Alto Andino y Bosque Seco Tropical en varios distritos biogeogr\u00e1ficos de la regi\u00f3n, los cuales actualmente no est\u00e1n representados y se encuentran en alta insuficiencia en el SINAP. La ampliaci\u00f3n del actual Parque Nacional Natural contribuir\u00e1 a la protecci\u00f3n de h\u00e1bitats que presentan altos valores de biodiversidad, especies end\u00e9micas, \u00e1reas temporales de establecimiento de especies migratorias, incluidas bajo alg\u00fan grado de amenaza. Adicionalmente, se debe resaltar que este macizo monta\u00f1oso es estrat\u00e9gico para el Caribe colombiano, en la medida en que es la principal fuente de agua para tres departamentos: Magdalena, Cesar y La Guajira.<\/p>\n\n\n\n<p>La ampliaci\u00f3n del \u00e1rea protegida est\u00e1 orientada al fortalecimiento de la protecci\u00f3n de la diversidad cultural, as\u00ed como el uso y aprovechamiento que milenariamente le han dado los pueblos ind\u00edgenas de la Sierra a su territorio ancestral, la preservaci\u00f3n de sus pr\u00e1cticas culturales, su autonom\u00eda y gobierno propio, donde los valores ancestrales del territorio corresponden a espacios sagrados y linajes de autoridades ancestrales clave para la protecci\u00f3n de los ecosistemas y los trabajos tradicionales necesarios para mantener su vitalidad.<\/p>\n\n\n\n<p>Al respecto, el director de Parques Nacionales Naturales de Colombia, Luisz Olmedo Mart\u00ednez Zamora, manifest\u00f3 que el proceso que se anuncia hoy desde la comunidad Arhuaca de Umuruwun; \u201cCon la ampliaci\u00f3n del Parque Nacional Natural Sierra Nevada de Santa Marta consolida un proceso de conservaci\u00f3n con la naturaleza a nivel regional para garantizar la sostenibilidad en el mediano y largo plazo\u201d. Razones por las cuales el Gobierno Nacional y la ministra de Ambiente Susana Muhammad avalan con la expedici\u00f3n de la resoluci\u00f3n de ampliaci\u00f3n el compromiso por la protecci\u00f3n del ambiente para garantizar la vida y su diversidad, salvaguardar las cuencas hidrogr\u00e1ficas para garantizar el agua, la regulaci\u00f3n atmosf\u00e9rica y clim\u00e1tica como beneficio de las culturas ancestrales, la regi\u00f3n y el pa\u00eds.<\/p>\n\n\n\n<p>La ampliaci\u00f3n del Parque Nacional se logra gracias al concepto favorable que emiti\u00f3 la Academia de Ciencias Exactas, F\u00edsicas y Naturales y al impulso institucional del Ministerio de Ambiente y Parques Nacionales Naturales de Colombia (PNNC); as\u00ed mismo, fue importante el apoyo y gesti\u00f3n de la mesa t\u00e9cnica para la ampliaci\u00f3n del \u00e1rea protegida conformada por el Instituto de Investigaci\u00f3n de Recursos Biol\u00f3gicos Alexander von Humboldt, el Programa Riqueza Natural de USAID, el Fondo Mundial para la Naturaleza -WWF Colombia-, Wildlife Conservation Society (WCS Colombia), FAO Colombia, a la Uni\u00f3n Europea, Rainforest Trust y, en su momento la Alianza para la Conservaci\u00f3n de la Biodiversidad, el Territorio y la Cultura (PNN, WWF, WCS, Fundaci\u00f3n Argos y Fundaci\u00f3n Mario Santodomingo).<\/p>\n\n\n\n<figure class=\"wp-block-embed is-type-video is-provider-youtube wp-block-embed-youtube wp-embed-aspect-16-9 wp-has-aspect-ratio\"><div class=\"wp-block-embed__wrapper\">\n<iframe loading=\"lazy\" title=\"Ampliaci\u00f3n del Parque Nacional Natural Sierra Nevada de Santa Marta 2023\" width=\"640\" height=\"360\" src=\"https:\/\/www.youtube.com\/embed\/Vp8dOA5iiU4?feature=oembed\" frameborder=\"0\" allow=\"accelerometer; autoplay; clipboard-write; encrypted-media; gyroscope; picture-in-picture; web-share\" referrerpolicy=\"strict-origin-when-cross-origin\" allowfullscreen><\/iframe>\n<\/div><\/figure>\n\n\n\n<figure class=\"wp-block-embed is-type-video is-provider-youtube wp-block-embed-youtube wp-embed-aspect-16-9 wp-has-aspect-ratio\"><div class=\"wp-block-embed__wrapper\">\n<iframe loading=\"lazy\" title=\"Mensaje del Mamo del grupo \u00e9tnico Kogui de la Sierra Nevada de Santa Marta 2023.\" width=\"640\" height=\"360\" src=\"https:\/\/www.youtube.com\/embed\/z0xnvRtcNEY?feature=oembed\" frameborder=\"0\" allow=\"accelerometer; autoplay; clipboard-write; encrypted-media; gyroscope; picture-in-picture; web-share\" referrerpolicy=\"strict-origin-when-cross-origin\" allowfullscreen><\/iframe>\n<\/div><\/figure>\n\n\n\n<p>parquesnacionales.gov.co<\/p>\n","protected":false},"excerpt":{"rendered":"<p>\u00a0Valledupar, (Cesar). Marzo 15 de 2023.\u00a0Con el aumento de 172.458,3 ha, el Parque Nacional Natural Sierra Nevada de Santa Marta, considerado el Coraz\u00f3n del Mundo por los pueblos ind\u00edgenas que la habitan, se convierte en el \u00e1rea protegida continental m\u00e1s grande del Caribe colombiano al alcanzar 573.312,6 ha, un mensaje de conservaci\u00f3n que el pa\u00eds [&hellip;]<\/p>\n","protected":false},"author":1,"featured_media":142464,"comment_status":"closed","ping_status":"closed","sticky":false,"template":"","format":"standard","meta":{"_acf_changed":false,"_jetpack_memberships_contains_paid_content":false,"footnotes":"","jetpack_publicize_message":"","jetpack_publicize_feature_enabled":true,"jetpack_social_post_already_shared":true,"jetpack_social_options":{"image_generator_settings":{"template":"highway","default_image_id":0,"font":"","enabled":false},"version":2}},"categories":[6],"tags":[],"class_list":["post-142463","post","type-post","status-publish","format-standard","has-post-thumbnail","hentry","category-ecologia"],"acf":[],"jetpack_publicize_connections":[],"jetpack_featured_media_url":"https:\/\/i0.wp.com\/sportseco.com\/wp-content\/uploads\/2023\/03\/noticia140323.jpg?fit=1200%2C630&ssl=1","jetpack_sharing_enabled":true,"_links":{"self":[{"href":"https:\/\/sportseco.com\/index.php?rest_route=\/wp\/v2\/posts\/142463","targetHints":{"allow":["GET"]}}],"collection":[{"href":"https:\/\/sportseco.com\/index.php?rest_route=\/wp\/v2\/posts"}],"about":[{"href":"https:\/\/sportseco.com\/index.php?rest_route=\/wp\/v2\/types\/post"}],"author":[{"embeddable":true,"href":"https:\/\/sportseco.com\/index.php?rest_route=\/wp\/v2\/users\/1"}],"replies":[{"embeddable":true,"href":"https:\/\/sportseco.com\/index.php?rest_route=%2Fwp%2Fv2%2Fcomments&post=142463"}],"version-history":[{"count":1,"href":"https:\/\/sportseco.com\/index.php?rest_route=\/wp\/v2\/posts\/142463\/revisions"}],"predecessor-version":[{"id":142465,"href":"https:\/\/sportseco.com\/index.php?rest_route=\/wp\/v2\/posts\/142463\/revisions\/142465"}],"wp:featuredmedia":[{"embeddable":true,"href":"https:\/\/sportseco.com\/index.php?rest_route=\/wp\/v2\/media\/142464"}],"wp:attachment":[{"href":"https:\/\/sportseco.com\/index.php?rest_route=%2Fwp%2Fv2%2Fmedia&parent=142463"}],"wp:term":[{"taxonomy":"category","embeddable":true,"href":"https:\/\/sportseco.com\/index.php?rest_route=%2Fwp%2Fv2%2Fcategories&post=142463"},{"taxonomy":"post_tag","embeddable":true,"href":"https:\/\/sportseco.com\/index.php?rest_route=%2Fwp%2Fv2%2Ftags&post=142463"}],"curies":[{"name":"wp","href":"https:\/\/api.w.org\/{rel}","templated":true}]}}