{"id":142528,"date":"2023-03-16T11:23:02","date_gmt":"2023-03-16T15:23:02","guid":{"rendered":"https:\/\/sportseco.com\/?p=142528"},"modified":"2023-03-16T11:23:07","modified_gmt":"2023-03-16T15:23:07","slug":"minambiente-amplia-area-de-proteccion-de-la-sierra-nevada-de-santa-marta","status":"publish","type":"post","link":"https:\/\/sportseco.com\/?p=142528","title":{"rendered":"Minambiente ampl\u00eda \u00e1rea de protecci\u00f3n de la Sierra Nevada de Santa Marta"},"content":{"rendered":"\n<figure class=\"wp-block-image\"><img data-recalc-dims=\"1\" decoding=\"async\" src=\"https:\/\/i0.wp.com\/www.minambiente.gov.co\/wp-content\/uploads\/2023\/03\/IMG_2546-scaled.jpg?w=640&#038;ssl=1\" alt=\"Minambiente ampl\u00eda \u00e1rea de protecci\u00f3n de la Sierra Nevada de Santa Marta\" title=\"Minambiente ampl\u00eda \u00e1rea de protecci\u00f3n de la Sierra Nevada de Santa Marta\"\/><\/figure>\n\n\n\n<ul class=\"wp-block-list\">\n<li><em>&nbsp;<\/em><em>Con el prop\u00f3sito de ordenar el t<\/em><em>e<\/em><em>rrit<\/em><em>orio<\/em><em>&nbsp;alrededor del agua y hacerle fre<\/em><em>n<\/em><em>te a la crisis climatica, el Ministerio<\/em>&nbsp;<em>de&nbsp;<\/em><em>A<\/em><em>mbie<\/em><em>n<\/em><em>te aument\u00f3 en mas de 172.000 hect\u00e1reas el \u00e1rea de protecci\u00f3n del Parque Nacional Natural Sierra Nevada de Santa Marta.<\/em><em>&nbsp;<\/em><\/li>\n\n\n\n<li><em>Con esta medida liderada por la ministra de Ambiente y Desarrollo Sostenible, Susana Muhamad, los cuatro pueblos ind\u00edgenas de la Sierra y Parques Nacionales, la Sierra Nevada llega a un total de312,6 hect\u00e1reas blindadas.<\/em><em>&nbsp;<\/em><\/li>\n\n\n\n<li><em>Es considerado una estrella hidrogr\u00e1fica para el norte de Colombia por ser la principal fuente de agua para los departamentos de Magdalena, Cesar y La Guajira.<\/em><em>&nbsp;<\/em><\/li>\n\n\n\n<li><em>El Parque Nacional Natural Sierra Nevada de Santa Marta, tambi\u00e9n llamado el Coraz\u00f3n del Mundo por los pueblos ind\u00edgenas que la habitan, se convierte en el \u00e1rea protegida continental m\u00e1s grande del&nbsp;<\/em><em>c<\/em><em>aribe colombiano.<\/em><em>&nbsp;<\/em><img data-recalc-dims=\"1\" loading=\"lazy\" decoding=\"async\" src=\"https:\/\/i0.wp.com\/www.minambiente.gov.co\/wp-content\/uploads\/2023\/03\/IMG_2914-300x200.jpg?resize=429%2C286&#038;ssl=1\" alt=\"\" width=\"429\" height=\"286\" srcset=\"https:\/\/www.minambiente.gov.co\/wp-content\/uploads\/2023\/03\/IMG_2914-300x200.jpg 300w, https:\/\/www.minambiente.gov.co\/wp-content\/uploads\/2023\/03\/IMG_2914-1024x683.jpg 1024w, https:\/\/www.minambiente.gov.co\/wp-content\/uploads\/2023\/03\/IMG_2914-768x512.jpg 768w, https:\/\/www.minambiente.gov.co\/wp-content\/uploads\/2023\/03\/IMG_2914-391x260.jpg 391w, https:\/\/www.minambiente.gov.co\/wp-content\/uploads\/2023\/03\/IMG_2914-1536x1024.jpg 1536w, https:\/\/www.minambiente.gov.co\/wp-content\/uploads\/2023\/03\/IMG_2914-2048x1365.jpg 2048w\"\/><\/li>\n<\/ul>\n\n\n\n<p><strong>Valledupar, 14 de marzo 2023. (@MinAmbienteCo).<\/strong>&nbsp;Con el objetivo de proteger uno de los patrimonios naturales y culturales m\u00e1s emblem\u00e1ticos del Caribe colombiano y del pa\u00eds, la ministra de Ambiente y Desarrollo Sostenible, Susana Muhamad, en un trabajo conjunto con los cuatro pueblos ind\u00edgenas de la Sierra, acordaron ampliar el \u00e1rea de protecci\u00f3n del Parque Nacional Natural Sierra Nevada de Santa Marta. Con esta medida el pa\u00eds alcanza m\u00e1s de&nbsp;<strong>49 millones de&nbsp;<\/strong>hect\u00e1reas protegidas, que consolidan a Colombia como Potencia Mundial de la Vida.<\/p>\n\n\n\n<p>Al respecto, la ministra de Ambiente y Desarrollo Sostenible, Susana Muhamad, se\u00f1al\u00f3 que \u00abesta es una decisi\u00f3n hist\u00f3rica con los cuatro pueblos de la Sierra Nevada de Santa Marta, con el prop\u00f3sito de salvaguardar&nbsp; el agua, la pervivencia de los pueblos&nbsp; y&nbsp; sobre todo protegerla de la miner\u00eda y de grandes obras de infraestructura y la agricultura de gran escala en esta reserva nacional, no solo ambiental, sino cultural del pa\u00eds.<\/p>\n\n\n\n<p>Se debe hacer&nbsp; un turismo de naturaleza responsable, y hay que articular esta actividad con las comunidades\u00bb.<\/p>\n\n\n\n<p>Hoy m\u00e1s de 172 mil hect\u00e1reas pasan a ser Parque Nacional Natural, que es la categor\u00eda de conservaci\u00f3n m\u00e1s estricta del pa\u00eds, que busca proteger&nbsp; la cultura de los pueblos ind\u00edgenas,su pervivencia y la estrella h\u00eddrica que es la Sierra Nevada de Santa Marta.<\/p>\n\n\n\n<p>La ampliaci\u00f3n del Parque Nacional Natural Sierra Nevada de Santa Marta se da en los municipios de Aracataca, Ci\u00e9naga, Fundaci\u00f3n y Santa Marta, en el departamento del Magdalena; Dibulla, en el departamento de La Guajira; Pueblo Bello y Valledupar, en el departamento del Cesar, con una extensi\u00f3n aproximada de&nbsp;<strong>172.458,3 has<\/strong>, para un total del \u00e1rea de&nbsp;<strong>573.312,6 hect\u00e1reas.<\/strong><\/p>\n\n\n\n<p>La declaratoria de ampliaci\u00f3n de esta \u00e1rea, ubicada en el Caribe colombiano, se constituye en un gran logro para el pa\u00eds, para los pueblos ind\u00edgenas, comunidades, y ciudadan\u00eda que est\u00e1n reclamando la presencia del Estado con acciones concretas para la protecci\u00f3n de sus territorios, que se han visto afectados por la deforestaci\u00f3n, los efectos del cambio clim\u00e1tico, entre otras amenazas.<\/p>\n\n\n\n<p>\u201cHay mucho por hacer. Vamos a empezar un proceso de restauraci\u00f3n ecol\u00f3gica con las comunidades y un proceso de di\u00e1logo regional porque los parques nacionales son de todos los colombianos. Vamos a tener un di\u00e1logo muy activo con los sistemas regionales y municipales de \u00e1reas protegidas, pero de forma muy concreta vienen tres grandes procesos: restauraci\u00f3n, educaci\u00f3n y fortalecimiento de las organizaciones y di\u00e1logo social\u201d, coment\u00f3 el director de Parques Nacionales Naturales, Luis Olmedo.<\/p>\n\n\n\n<p>Con la ampliaci\u00f3n, adem\u00e1s, se busca la protecci\u00f3n de la diversidad cultural, los usos y aprovechamiento que milenariamente le han dado los pueblos ind\u00edgenas de la Sierra a su territorio, la preservaci\u00f3n de sus pr\u00e1cticas culturales, su autonom\u00eda y gobierno propio, clave para la protecci\u00f3n de los ecosistemas que corresponden a espacios sagrados y linajes de autoridades ancestrales necesarios para mantener el equilibrio&nbsp; del mundo.<\/p>\n\n\n\n<p>Gonzalo Andrade, coordinador de la Comisi\u00f3n permanente de \u00e1reas protegidas de la Academia Colombiana de Ciencias y director del Instituto de Ciencias Naturales, celebr\u00f3 la decisi\u00f3n. \u201cEstamos muy felices de que el gobierno colombiano realice el acto de ampliaci\u00f3n de esta \u00e1rea protegida. Es algo muy importante para la Sierra, para la conservaci\u00f3n de la biodiversidad y de sus ecosistemas; adem\u00e1s es un proceso muy articulado con las comunidades\u201d, se\u00f1al\u00f3.<\/p>\n\n\n\n<p>Entre los objetivos de conservaci\u00f3n del \u00e1rea est\u00e1n proteger y conservar el territorio ancestral de los Pueblos Kogui (K\u00e1ggaba), Arhuaco (Iku), Wiwa y Kankuamo en el Parque Nacional Natural Sierra Nevada de Santa Marta, para asegurar la integridad y pervivencia de las culturas ancestrales.<\/p>\n\n\n\n<p>Conservar los sistemas naturales representativos del territorio ancestral de la L\u00ednea Negra de la Sierra Nevada de Santa Marta, presentes en el \u00e1rea protegida que busca garantizar la vida y su diversidad, salvaguardar las cuencas hidrogr\u00e1ficas, la regulaci\u00f3n atmosf\u00e9rica y clim\u00e1tica como beneficio de las culturas ancestrales, la regi\u00f3n y el pa\u00eds.<\/p>\n\n\n\n<p>Es importante anotar que esta ampliaci\u00f3n mantiene vigente la resoluci\u00f3n 0369 de 2022 \u201cpor la cual se prorroga el t\u00e9rmino de vigencia de la zona de protecci\u00f3n y<\/p>\n\n\n\n<p>desarrollo de los recursos naturales renovables y del medio ambiente, en inmediaciones del Parque Nacional Natural Sierra Nevada de Santa Marta, declarada mediante resoluci\u00f3n 504 del 02 de abril de 2018\u201d.<\/p>\n\n\n\n<p>Entre las actividades que se proh\u00edben&nbsp; en el \u00e1rea protegida ampliada se extienden las restricciones&nbsp; a la miner\u00eda, el desarrollo de&nbsp; mega proyectos&nbsp; de infraestructura, la agricultura a gran escala y la extracci\u00f3n forestal comercial.<\/p>\n\n\n\n<p>Este logro es el resultado del trabajo liderado por el Ministerio de Ambiente y Desarrollo Sostenible, Parques Nacionales Naturales y los cuatro pueblos ind\u00edgenas.<\/p>\n\n\n\n<p>De esta manera se reafirma la apuesta del Gobierno Nacional del presidente Gustavo Petro por proteger el patrimonio ancestral, cultural y natural del pa\u00eds, donde las comunidades y los pueblos ind\u00edgenas juegan un papel protag\u00f3nico como guardianes de la biodiversidad y actores activos en la construcci\u00f3n de la paz total.<\/p>\n\n\n\n<p><strong>El Dato<\/strong><\/p>\n\n\n\n<ul class=\"wp-block-list\">\n<li>En 1979 la Sierra Nevada de Santa Marta fue declarada por la&nbsp;Unesco&nbsp;como Reserva de la Bi\u00f3sfera y Patrimonio de la Humanidad.<\/li>\n\n\n\n<li>Con la ampliaci\u00f3n el Parque Nacional Natural Sierra Nevada de Santa Marta cobijar\u00e1 todos los ecosistemas presentes en los diferentes pisos altitudinales del pa\u00eds.De acuerdo con el Registro \u00danico de \u00c1reas Protegidas (Runap), en la actualidad Colombia cuenta con 1.552 \u00e1reas protegidas, de las cuales 1.123 corresponden a \u00e1reas privadas; 308 regionales y 121 nacionales.<\/li>\n<\/ul>\n\n\n\n<p>minambiente.gov.co<\/p>\n","protected":false},"excerpt":{"rendered":"<p>Valledupar, 14 de marzo 2023. (@MinAmbienteCo).&nbsp;Con el objetivo de proteger uno de los patrimonios naturales y culturales m\u00e1s emblem\u00e1ticos del Caribe colombiano y del pa\u00eds, la ministra de Ambiente y Desarrollo Sostenible, Susana Muhamad, en un trabajo conjunto con los cuatro pueblos ind\u00edgenas de la Sierra, acordaron ampliar el \u00e1rea de protecci\u00f3n del Parque Nacional [&hellip;]<\/p>\n","protected":false},"author":1,"featured_media":142529,"comment_status":"closed","ping_status":"closed","sticky":false,"template":"","format":"standard","meta":{"_acf_changed":false,"_jetpack_memberships_contains_paid_content":false,"footnotes":"","jetpack_publicize_message":"","jetpack_publicize_feature_enabled":true,"jetpack_social_post_already_shared":true,"jetpack_social_options":{"image_generator_settings":{"template":"highway","default_image_id":0,"font":"","enabled":false},"version":2}},"categories":[6],"tags":[],"class_list":["post-142528","post","type-post","status-publish","format-standard","has-post-thumbnail","hentry","category-ecologia"],"acf":[],"jetpack_publicize_connections":[],"jetpack_featured_media_url":"https:\/\/i0.wp.com\/sportseco.com\/wp-content\/uploads\/2023\/03\/IMG_2546-scaled-1.jpg?fit=2560%2C1707&ssl=1","jetpack_sharing_enabled":true,"_links":{"self":[{"href":"https:\/\/sportseco.com\/index.php?rest_route=\/wp\/v2\/posts\/142528","targetHints":{"allow":["GET"]}}],"collection":[{"href":"https:\/\/sportseco.com\/index.php?rest_route=\/wp\/v2\/posts"}],"about":[{"href":"https:\/\/sportseco.com\/index.php?rest_route=\/wp\/v2\/types\/post"}],"author":[{"embeddable":true,"href":"https:\/\/sportseco.com\/index.php?rest_route=\/wp\/v2\/users\/1"}],"replies":[{"embeddable":true,"href":"https:\/\/sportseco.com\/index.php?rest_route=%2Fwp%2Fv2%2Fcomments&post=142528"}],"version-history":[{"count":1,"href":"https:\/\/sportseco.com\/index.php?rest_route=\/wp\/v2\/posts\/142528\/revisions"}],"predecessor-version":[{"id":142530,"href":"https:\/\/sportseco.com\/index.php?rest_route=\/wp\/v2\/posts\/142528\/revisions\/142530"}],"wp:featuredmedia":[{"embeddable":true,"href":"https:\/\/sportseco.com\/index.php?rest_route=\/wp\/v2\/media\/142529"}],"wp:attachment":[{"href":"https:\/\/sportseco.com\/index.php?rest_route=%2Fwp%2Fv2%2Fmedia&parent=142528"}],"wp:term":[{"taxonomy":"category","embeddable":true,"href":"https:\/\/sportseco.com\/index.php?rest_route=%2Fwp%2Fv2%2Fcategories&post=142528"},{"taxonomy":"post_tag","embeddable":true,"href":"https:\/\/sportseco.com\/index.php?rest_route=%2Fwp%2Fv2%2Ftags&post=142528"}],"curies":[{"name":"wp","href":"https:\/\/api.w.org\/{rel}","templated":true}]}}