{"id":142824,"date":"2023-03-21T19:36:48","date_gmt":"2023-03-21T23:36:48","guid":{"rendered":"https:\/\/sportseco.com\/?p=142824"},"modified":"2023-03-21T19:36:52","modified_gmt":"2023-03-21T23:36:52","slug":"el-agua-una-aliada-contra-el-cambio-climatico-si-sabemos-apreciarla","status":"publish","type":"post","link":"https:\/\/sportseco.com\/?p=142824","title":{"rendered":"El agua, una aliada contra el cambio clim\u00e1tico si sabemos apreciarla"},"content":{"rendered":"\n<p>La gesti\u00f3n del agua es una soluci\u00f3n poderosa para adaptarse a los impactos del cambio clim\u00e1tico, lograr resiliencia y reducir las emisiones de gases de efecto invernadero. Sin embargo, durante demasiado tiempo el agua ha sido infravalorada en las conversaciones sobre el clima y no recibe la prioridad necesaria en los esfuerzos de desarrollo sostenible y reducci\u00f3n del riesgo de cat\u00e1strofes.<\/p>\n\n\n\n<p>Los efectos del cambio clim\u00e1tico se dejan sentir a menudo a trav\u00e9s del agua: sequ\u00edas m\u00e1s intensas y frecuentes, inundaciones m\u00e1s extremas, precipitaciones estacionales m\u00e1s err\u00e1ticas y deshielo acelerado de los glaciares. Esto produce&nbsp;<strong>efectos en cascada sobre las econom\u00edas, los ecosistemas<\/strong>&nbsp;y todos los aspectos de nuestra vida cotidiana.<\/p>\n\n\n\n<p><strong>Los riesgos relacionados con el agua van en aumento<\/strong>. En la actualidad, 3600 millones de personas carecen de acceso adecuado al agua al menos un mes al a\u00f1o, y se espera que esta cifra aumente a m\u00e1s de 5000 millones en 2050. M\u00e1s de 100 pa\u00edses no est\u00e1n en v\u00edas de contar con recursos h\u00eddricos gestionados de forma sostenible para 2030.<\/p>\n\n\n\n<p>Seg\u00fan la Organizaci\u00f3n Meteorol\u00f3gica Mundial (<a href=\"https:\/\/public.wmo.int\/es\" target=\"_blank\" rel=\"noreferrer noopener\">OMM<\/a>) y otros&nbsp;<a href=\"https:\/\/www.water-climate-coalition.org\/\" target=\"_blank\" rel=\"noreferrer noopener\">L\u00edderes del Agua y el Clima<\/a>, es hora del&nbsp;<em>Despertar de la conciencia sobre el &nbsp;agua<\/em>. Con esta campa\u00f1a, hacen un llamamiento a&nbsp;<strong>realizar un cambio de paradigma que garantice una acci\u00f3n integrada&nbsp;<\/strong>en materia de agua y lucha contra el cambio clim\u00e1tico. Este llamamiento tiene lugar en v\u00edsperas de la&nbsp;<a href=\"https:\/\/sdgs.un.org\/conferences\/water2023\">Conferencia sobre el Agua 2023<\/a>, cuyo objetivo es acelerar los esfuerzos para lograr una seguridad h\u00eddrica global.<\/p>\n\n\n\n<h2 class=\"wp-block-heading\">Importancia de la alerta temprana<\/h2>\n\n\n\n<p>\u00abEn los \u00faltimos 20 a\u00f1os, casi el 75% de todas las cat\u00e1strofes han estado relacionadas con el agua, con al menos 1600 millones de personas afectadas por inundaciones y 1400 millones por sequ\u00edas, y da\u00f1os econ\u00f3micos por valor de casi 700.000 millones de d\u00f3lares\u00bb, afirma el secretario general de la agencia de la ONU.<\/p>\n\n\n\n<p>Petteri Taalas declara adem\u00e1s que \u00abuna importante medida de preparaci\u00f3n para combatir estas cat\u00e1strofes es&nbsp;<strong>disponer de sistemas de alerta temprana eficaces&nbsp;<\/strong>y adaptados a m\u00faltiples peligros. La Organizaci\u00f3n se ha comprometido a apoyar la puesta en pr\u00e1ctica de la iniciativa&nbsp;<em>Alerta temprana para todos,<\/em>&nbsp;mediante la observaci\u00f3n, el seguimiento y la previsi\u00f3n de los riesgos meteorol\u00f3gicos e hidrol\u00f3gicos, como las inundaciones y las sequ\u00edas\u00bb.<\/p>\n\n\n\n<p>Taalas copresidir\u00e1 un grupo de alto nivel convocado por el&nbsp;<a href=\"https:\/\/www.un.org\/sg\/es\">Secretario General<\/a>&nbsp;de la ONU para poner en pr\u00e1ctica la iniciativa, que ser\u00e1 uno de los puntos centrales de las actividades de la agencia durante la Conferencia sobre el Agua. Tambi\u00e9n se unir\u00e1 a otros l\u00edderes para continuar la campa\u00f1a en favor de una acci\u00f3n integrada sobre el agua y el clima.<\/p>\n\n\n\n<figure class=\"wp-block-image\"><img data-recalc-dims=\"1\" decoding=\"async\" src=\"https:\/\/i0.wp.com\/global.unitednations.entermediadb.net\/assets\/mediadb\/services\/module\/asset\/downloads\/preset\/Collections\/Embargoed\/01-03-2022_UNICEF_South-Sudan.jpg\/image1170x530cropped.jpg?w=640&#038;ssl=1\" alt=\"Un ni\u00f1o recoge agua en una aldea afectada por graves inundaciones en Jonglei, Sud\u00e1n del Sur.\" title=\"Un ni\u00f1o recoge agua en una aldea afectada por graves inundaciones en Jonglei, Sud\u00e1n del Sur.\"\/><\/figure>\n\n\n\n<p>\u00a9 UNICEF\/Mark Naftalin<\/p>\n\n\n\n<p>Un ni\u00f1o recoge agua en una aldea afectada por graves inundaciones en Jonglei, Sud\u00e1n del Sur.<\/p>\n\n\n\n<h2 class=\"wp-block-heading\">Capacidad de vigilancia insuficiente<\/h2>\n\n\n\n<p>En la actualidad, m\u00e1s del 60% de los Estados se\u00f1alan que sus capacidades de vigilancia hidrol\u00f3gica son insuficientes, lo que&nbsp;<strong>dificulta la toma de decisiones<\/strong>&nbsp;en sectores relacionados con el agua como la producci\u00f3n de alimentos, la seguridad energ\u00e9tica, la salud, el desarrollo econ\u00f3mico y la resiliencia al cambio clim\u00e1tico.<\/p>\n\n\n\n<p>En respuesta, la agencia de la ONU se ha comprometido a implementar mejores servicios de informaci\u00f3n sobre el agua para todos a trav\u00e9s del Sistema Mundial de Estado y Perspectivas Hidrol\u00f3gicas (HydroSOS), que integra los mejores datos disponibles mediante teledetecci\u00f3n, observaciones de la Tierra y modelos. Mejorar\u00e1 significativamente la capacidad de los Estados miembros para hacer frente a la creciente demanda de agua,&nbsp;<strong>gestionar los efectos del cambio clim\u00e1tico y garantizar la sostenibilidad<\/strong>&nbsp;de los ecosistemas.<\/p>\n\n\n\n<h2 class=\"wp-block-heading\">Despertar la conciencia sobre el agua<\/h2>\n\n\n\n<p>\u00ab\u00a1Tenemos que despertar!\u00bb, exigen los L\u00edderes de Agua y Clima, quienes centran la campa\u00f1a alrededor de cuatro puntos:<\/p>\n\n\n\n<ul class=\"wp-block-list\">\n<li>Despertar la conciencia sobre el agua como medio que&nbsp;<strong>proporciona vida y seguridad alimentaria<\/strong>, contribuye a mantener la paz, la seguridad y el crecimiento econ\u00f3mico y a rejuvenecer los ecosistemas<\/li>\n\n\n\n<li>Despertar la conciencia sobre el agua como medio para&nbsp;<strong>reducir las emisiones de los servicios de agua y saneamiento<\/strong>. S\u00f3lo un 20% de las aguas residuales del mundo se trata adecuadamente. Las aguas residuales no tratadas que se vierten al medio ambiente generan una huella de emisiones aproximadamente 3 veces superior a la de las mismas aguas tratadas en una planta de tratamiento de aguas<\/li>\n\n\n\n<li>Despertar la conciencia sobre el agua como medio para&nbsp;<strong>reducir emisiones<\/strong>&nbsp;a partir de recursos h\u00eddricos como humedales y embalses y mediante la captura de carbono. Las acciones bien dise\u00f1adas para preservar y&nbsp;<a href=\"https:\/\/www.unwater.org\/water-facts\/water-and-ecosystems\" target=\"_blank\" rel=\"noreferrer noopener\">restaurar<\/a>&nbsp;el funcionamiento natural de los humedales y gestionar los niveles de agua y la vegetaci\u00f3n litoral de los embalses les permiten preservar su papel como sumideros de carbono que absorben emisiones de forma natural<\/li>\n\n\n\n<li>Despertar la conciencia sobre el agua como medio para\u00a0<strong>permitir la producci\u00f3n de energ\u00eda limpia<\/strong>\u00a0a partir de la energ\u00eda hidroel\u00e9ctrica sostenible, los biocombustibles, la captura y almacenamiento de carbono, el hidr\u00f3geno verde y la energ\u00eda solar y e\u00f3lica. El agua es clave para la necesaria transici\u00f3n a estas energ\u00edas. Al mismo tiempo, la demanda de agua en el sector debe gestionarse para evitar riesgos para los recursos h\u00eddricos<\/li>\n<\/ul>\n\n\n\n<p>news.un.org<\/p>\n","protected":false},"excerpt":{"rendered":"<p>La gesti\u00f3n del agua es una soluci\u00f3n poderosa para adaptarse a los impactos del cambio clim\u00e1tico, lograr resiliencia y reducir las emisiones de gases de efecto invernadero. Sin embargo, durante demasiado tiempo el agua ha sido infravalorada en las conversaciones sobre el clima y no recibe la prioridad necesaria en los esfuerzos de desarrollo sostenible [&hellip;]<\/p>\n","protected":false},"author":1,"featured_media":142825,"comment_status":"closed","ping_status":"closed","sticky":false,"template":"","format":"standard","meta":{"_acf_changed":false,"_jetpack_memberships_contains_paid_content":false,"footnotes":"","jetpack_publicize_message":"","jetpack_publicize_feature_enabled":true,"jetpack_social_post_already_shared":true,"jetpack_social_options":{"image_generator_settings":{"template":"highway","default_image_id":0,"font":"","enabled":false},"version":2}},"categories":[36],"tags":[],"class_list":["post-142824","post","type-post","status-publish","format-standard","has-post-thumbnail","hentry","category-extremos"],"acf":[],"jetpack_publicize_connections":[],"jetpack_featured_media_url":"https:\/\/i0.wp.com\/sportseco.com\/wp-content\/uploads\/2023\/03\/image1170x530cropped-1-3.jpg?fit=1170%2C530&ssl=1","jetpack_sharing_enabled":true,"_links":{"self":[{"href":"https:\/\/sportseco.com\/index.php?rest_route=\/wp\/v2\/posts\/142824","targetHints":{"allow":["GET"]}}],"collection":[{"href":"https:\/\/sportseco.com\/index.php?rest_route=\/wp\/v2\/posts"}],"about":[{"href":"https:\/\/sportseco.com\/index.php?rest_route=\/wp\/v2\/types\/post"}],"author":[{"embeddable":true,"href":"https:\/\/sportseco.com\/index.php?rest_route=\/wp\/v2\/users\/1"}],"replies":[{"embeddable":true,"href":"https:\/\/sportseco.com\/index.php?rest_route=%2Fwp%2Fv2%2Fcomments&post=142824"}],"version-history":[{"count":1,"href":"https:\/\/sportseco.com\/index.php?rest_route=\/wp\/v2\/posts\/142824\/revisions"}],"predecessor-version":[{"id":142826,"href":"https:\/\/sportseco.com\/index.php?rest_route=\/wp\/v2\/posts\/142824\/revisions\/142826"}],"wp:featuredmedia":[{"embeddable":true,"href":"https:\/\/sportseco.com\/index.php?rest_route=\/wp\/v2\/media\/142825"}],"wp:attachment":[{"href":"https:\/\/sportseco.com\/index.php?rest_route=%2Fwp%2Fv2%2Fmedia&parent=142824"}],"wp:term":[{"taxonomy":"category","embeddable":true,"href":"https:\/\/sportseco.com\/index.php?rest_route=%2Fwp%2Fv2%2Fcategories&post=142824"},{"taxonomy":"post_tag","embeddable":true,"href":"https:\/\/sportseco.com\/index.php?rest_route=%2Fwp%2Fv2%2Ftags&post=142824"}],"curies":[{"name":"wp","href":"https:\/\/api.w.org\/{rel}","templated":true}]}}