{"id":142996,"date":"2023-03-25T08:56:19","date_gmt":"2023-03-25T12:56:19","guid":{"rendered":"https:\/\/sportseco.com\/?p=142996"},"modified":"2023-03-25T08:56:24","modified_gmt":"2023-03-25T12:56:24","slug":"agenda-de-accion-para-el-agua-689-compromisos-para-alcanzar-la-seguridad-hidrica-global","status":"publish","type":"post","link":"https:\/\/sportseco.com\/?p=142996","title":{"rendered":"Agenda de Acci\u00f3n para el Agua: 689 compromisos para alcanzar la seguridad h\u00eddrica global"},"content":{"rendered":"\n<figure class=\"wp-block-image\"><img data-recalc-dims=\"1\" decoding=\"async\" src=\"https:\/\/i0.wp.com\/global.unitednations.entermediadb.net\/assets\/mediadb\/services\/module\/asset\/downloads\/preset\/Collections\/Embargoed\/27-02-2023_UNICEF_Chad.jpg\/image1170x530cropped.jpg?w=640&#038;ssl=1\" alt=\"Una ni\u00f1a bebe agua en la escuela de Gor\u00e9, Chad.\" title=\"Una ni\u00f1a bebe agua en la escuela de Gor\u00e9, Chad.\"\/><\/figure>\n\n\n\n<p>\u00a9 UNICEF\/Frank Dejongh<\/p>\n\n\n\n<p>Una ni\u00f1a bebe agua en la escuela de Gor\u00e9, Chad.<\/p>\n\n\n\n<p><a href=\"https:\/\/www.facebook.com\/sharer.php?u=https:\/\/news.un.org\/es\/story\/2023\/03\/1519677\" target=\"_blank\" rel=\"noreferrer noopener\">Facebook<\/a>&nbsp;<a href=\"https:\/\/twitter.com\/intent\/tweet?text=Agenda%20de%20Acci%C3%B3n%20para%20el%20Agua:%20689%20compromisos%20para%20alcanzar%20la%20seguridad%20h%C3%ADdrica%20global&amp;url=https:\/\/news.un.org\/es\/story\/2023\/03\/1519677\" target=\"_blank\" rel=\"noreferrer noopener\">Twitter<\/a>&nbsp;<a href=\"https:\/\/news.un.org\/es\/story\/2023\/03\/1519677\">Imprimir<\/a>&nbsp;<a href=\"mailto:?subject=Agenda%20de%20Acci%C3%B3n%20para%20el%20Agua:%20689%20compromisos%20para%20alcanzar%20la%20seguridad%20h%C3%ADdrica%20global&amp;body=https:\/\/news.un.org\/es\/story\/2023\/03\/1519677\">Correo electr\u00f3nico<\/a><a><\/a><\/p>\n\n\n\n<p><strong><time datetime=\"2023-03-24T12:00:00Z\">24 Marzo 2023<\/time><\/strong><strong><a href=\"https:\/\/news.un.org\/es\/news\/topic\/climate-change\">Cambio clim\u00e1tico y medioambiente<\/a><\/strong><\/p>\n\n\n\n<p>La Conferencia de la ONU sobre el Agua 2023 ha concluido este viernes con la adopci\u00f3n de la &#8216;Agenda de Acci\u00f3n para el Agua&#8217; un plan con casi 700 compromisos para proteger \u00abel bien com\u00fan global m\u00e1s preciado de la humanidad\u00bb.&nbsp;La plataforma en l\u00ednea que alberga la Agenda seguir\u00e1 abierta a la presentaci\u00f3n de propuestas y estar\u00e1 a disposici\u00f3n de todos a trav\u00e9s del sitio web de la Conferencia.<\/p>\n\n\n\n<p>Este viernes ha concluido la Conferencia de la ONU sobre el agua, la primera reuni\u00f3n de su categor\u00eda en 50 a\u00f1os. A ella han asistido representantes de gobiernos, sociedad civil, sector privado, cient\u00edficos, comunidades ind\u00edgenas y otras partes interesadas, quienes se han reunido con el objetivo de encontrar soluciones innovadoras y reforzar la colaboraci\u00f3n internacional ante la creciente presi\u00f3n hidrol\u00f3gica.<\/p>\n\n\n\n<p>Durante la sesi\u00f3n de clausura, el&nbsp;<a href=\"https:\/\/www.un.org\/sg\/es\">Secretario General<\/a>&nbsp;se ha referido al agua como \u201cel bien com\u00fan que nos une a todos\u201d y que est\u00e1 intr\u00ednsecamente ligado al desarrollo sostenible, la lucha contra la pobreza, los sistemas alimentarios y la creaci\u00f3n de empleo y prosperidad, con los derechos humanos y con la igualdad de g\u00e9nero. \u201cPor eso&nbsp;<strong>debe ocupar un&nbsp;lugar central en la agenda pol\u00edtica mundial<\/strong>\u201d.<\/p>\n\n\n\n<p>Ant\u00f3nio Guterres ha reiterado que el futuro de la humanidad depende de que se cambien las formas de gestionar y conservar el agua: \u201cnuestras esperanzas dependen de compromisos innovadores y orientados a la acci\u00f3n para poner el agua y el saneamiento al alcance de todos los habitantes de la Tierra de forma segura y sostenible\u201d.<\/p>\n\n\n\n<p>El l\u00edder de la ONU ha numerado como ejemplos de innovaci\u00f3n el&nbsp;<strong>desarrollo de sistemas alimentarios alternativos<\/strong>&nbsp;para reducir el uso insostenible del agua en la agricultura y el&nbsp;<strong>dise\u00f1o de un nuevo sistema mundial de informaci\u00f3n<\/strong>&nbsp;sobre el agua para tomar decisiones informadas sobre su gesti\u00f3n o respuestas a posibles cat\u00e1strofes.<\/p>\n\n\n\n<p>Asimismo, es necesario desarrollar \u201cinfraestructuras resilientes, conducciones de agua y planes de tratamiento de aguas residuales hasta garantizar que todas las personas del mundo est\u00e9n protegidas con sistemas de alerta temprana contra cat\u00e1strofes naturales en 2027\u201d.<\/p>\n\n\n\n<h2 class=\"wp-block-heading\">Agenda de acci\u00f3n para el Agua<\/h2>\n\n\n\n<p>Durante su discurso, Guterres ha pedido el respaldo de la Agenda de Acci\u00f3n para el Agua, fruto de la Conferencia, para \u201creducir las presiones sobre nuestro sistema hidrol\u00f3gico y garantizar la toma de pol\u00edticas inteligentes\u201d.<\/p>\n\n\n\n<p>Por su parte el secretario general adjunto de Asuntos Econ\u00f3micos y Sociales hizo referencia a los casi&nbsp;<strong>700&nbsp;compromisos incluidos en el plan<\/strong>, recogidos tanto en las sesiones oficiales como en los actos paralelos. \u00abY esto es s\u00f3lo el principio. La plataforma en l\u00ednea que alberga la Agenda seguir\u00e1 abierta a la presentaci\u00f3n de propuestas y estar\u00e1 a disposici\u00f3n de todos a trav\u00e9s del sitio web de la Conferencia\u00bb.<\/p>\n\n\n\n<p>Li Junhua explic\u00f3 que los compromisos abarcan una amplia gama de acciones, \u00abdesde la creaci\u00f3n de capacidades hasta los sistemas de datos y seguimiento, pasando por la mejora de la resiliencia de las infraestructuras\u201d.<\/p>\n\n\n\n<p>Adem\u00e1s, Junhua destac\u00f3 un segundo resultado de la Conferencia, el Resumen de las Actas elaborado por el Presidente de la&nbsp;<a href=\"https:\/\/www.un.org\/es\/ga\/about\/index.shtml\">Asamblea General<\/a>&nbsp;para recoger las numerosas&nbsp;<strong>ideas, recomendaciones y soluciones&nbsp;<\/strong>que han surgido, las cuales han demostrado que el agua puede ser \u201cun impulsor de la igualdad, una soluci\u00f3n a la crisis clim\u00e1tica y un facilitador de la paz\u201d.<\/p>\n\n\n\n<h2 class=\"wp-block-heading\">300.000 millones para impulsar la Agenda&nbsp;<\/h2>\n\n\n\n<p>En su intervenci\u00f3n durante la sesi\u00f3n de clausura, el presidente de la Asamblea General ha asegurado que \u00abel resultado de esta conferencia no es un documento jur\u00eddicamente vinculante, pero aun as\u00ed estamos pasando p\u00e1gina en la historia\u00bb.<\/p>\n\n\n\n<p>Csaba K\u0151r\u00f6si destac\u00f3 que&nbsp;<strong>300.000 millones de d\u00f3lares prometidos<\/strong>&nbsp;para impulsar la transformadora Agenda tienen el potencial de desbloquear al menos un bill\u00f3n de d\u00f3lares de beneficios socioecon\u00f3micos y ecosist\u00e9micos. \u00abHoy tenemos en nuestras manos la oportunidad de construir un mundo con seguridad h\u00eddrica y m\u00e1s pac\u00edfico\u00bb.<\/p>\n\n\n\n<p>Los progresos de la Conferencia ser\u00e1n revisados durante las reuniones pol\u00edticas de alto nivel en julio de 2023, y se espera que garantizar que el agua y el saneamiento ocupen un lugar destacado durante la Cumbre sobre los\u00a0<a href=\"https:\/\/news.un.org\/es\/news\/topic\/sdgs\">Objetivos de Desarrollo Sostenible<\/a>\u00a0el pr\u00f3ximo mes de septiembre.<\/p>\n\n\n\n<p><\/p>\n\n\n\n<p>news.un.org<\/p>\n","protected":false},"excerpt":{"rendered":"<p>\u00a9 UNICEF\/Frank Dejongh Una ni\u00f1a bebe agua en la escuela de Gor\u00e9, Chad. Facebook&nbsp;Twitter&nbsp;Imprimir&nbsp;Correo electr\u00f3nico 24 Marzo 2023Cambio clim\u00e1tico y medioambiente La Conferencia de la ONU sobre el Agua 2023 ha concluido este viernes con la adopci\u00f3n de la &#8216;Agenda de Acci\u00f3n para el Agua&#8217; un plan con casi 700 compromisos para proteger \u00abel bien [&hellip;]<\/p>\n","protected":false},"author":1,"featured_media":142997,"comment_status":"closed","ping_status":"closed","sticky":false,"template":"","format":"standard","meta":{"_acf_changed":false,"_jetpack_memberships_contains_paid_content":false,"footnotes":"","jetpack_publicize_message":"","jetpack_publicize_feature_enabled":true,"jetpack_social_post_already_shared":true,"jetpack_social_options":{"image_generator_settings":{"template":"highway","default_image_id":0,"font":"","enabled":false},"version":2}},"categories":[6],"tags":[],"class_list":["post-142996","post","type-post","status-publish","format-standard","has-post-thumbnail","hentry","category-ecologia"],"acf":[],"jetpack_publicize_connections":[],"jetpack_featured_media_url":"https:\/\/i0.wp.com\/sportseco.com\/wp-content\/uploads\/2023\/03\/image1170x530cropped-11.jpg?fit=1170%2C530&ssl=1","jetpack_sharing_enabled":true,"_links":{"self":[{"href":"https:\/\/sportseco.com\/index.php?rest_route=\/wp\/v2\/posts\/142996","targetHints":{"allow":["GET"]}}],"collection":[{"href":"https:\/\/sportseco.com\/index.php?rest_route=\/wp\/v2\/posts"}],"about":[{"href":"https:\/\/sportseco.com\/index.php?rest_route=\/wp\/v2\/types\/post"}],"author":[{"embeddable":true,"href":"https:\/\/sportseco.com\/index.php?rest_route=\/wp\/v2\/users\/1"}],"replies":[{"embeddable":true,"href":"https:\/\/sportseco.com\/index.php?rest_route=%2Fwp%2Fv2%2Fcomments&post=142996"}],"version-history":[{"count":1,"href":"https:\/\/sportseco.com\/index.php?rest_route=\/wp\/v2\/posts\/142996\/revisions"}],"predecessor-version":[{"id":142998,"href":"https:\/\/sportseco.com\/index.php?rest_route=\/wp\/v2\/posts\/142996\/revisions\/142998"}],"wp:featuredmedia":[{"embeddable":true,"href":"https:\/\/sportseco.com\/index.php?rest_route=\/wp\/v2\/media\/142997"}],"wp:attachment":[{"href":"https:\/\/sportseco.com\/index.php?rest_route=%2Fwp%2Fv2%2Fmedia&parent=142996"}],"wp:term":[{"taxonomy":"category","embeddable":true,"href":"https:\/\/sportseco.com\/index.php?rest_route=%2Fwp%2Fv2%2Fcategories&post=142996"},{"taxonomy":"post_tag","embeddable":true,"href":"https:\/\/sportseco.com\/index.php?rest_route=%2Fwp%2Fv2%2Ftags&post=142996"}],"curies":[{"name":"wp","href":"https:\/\/api.w.org\/{rel}","templated":true}]}}