{"id":143008,"date":"2023-03-25T11:34:42","date_gmt":"2023-03-25T15:34:42","guid":{"rendered":"https:\/\/sportseco.com\/?p=143008"},"modified":"2023-03-25T11:34:45","modified_gmt":"2023-03-25T15:34:45","slug":"este-domingo-se-realizara-gran-jornada-de-limpieza-en-cali","status":"publish","type":"post","link":"https:\/\/sportseco.com\/?p=143008","title":{"rendered":"ESTE DOMINGO SE REALIZAR\u00c1 GRAN JORNADA DE LIMPIEZA EN CALI"},"content":{"rendered":"\n<h2 class=\"wp-block-heading\">ORGANIZAN QUIENES HACEN MANTENIMIENTO DEL ARBOLADO&nbsp;<\/h2>\n\n\n\n<p>12 fundaciones saldr\u00e1n. Se espera recoger entre 35 y 45 toneladas de material vegetal. Hacen un llamado a recuperar la cultura ciudadana.<\/p>\n\n\n\n<p>B-061 Cali, marzo 24 de 2023<\/p>\n\n\n\n<p>Las fundaciones convinientes que han venido trabajando en el mantenimiento del arbolado urbano de Santiago de Cali realizar\u00e1n este domingo una gran jornada de limpieza retirando material vegetal para entregar la ciudad limpia antes de la Semana Santa. &nbsp;&nbsp;<\/p>\n\n\n\n<p>\u00abLas entidades convenientes vamos a salir a realizar una jornada de limpieza en los diferentes separadores y comunas de Cali. En vista de que estamos terminando los actuales convenios queremos recoger todo el material vegetal para entregar limpia la ciudad para la apertura de la Semana Santa y antes de la visita de los turistas que llegan para esa \u00e9poca\u00bb, explic\u00f3 Anabella Toscano Collazos quien hace parte de la coordinaci\u00f3n de la CVC para la ejecuci\u00f3n del mantenimiento arb\u00f3reo en Cali.&nbsp;<\/p>\n\n\n\n<p>Los convenientes son 25 fundaciones que en asocio con la CVC han estado invirtiendo recursos de la sobretasa ambiental que pagan los &nbsp;habitantes de Cali en mantenimiento fitosanitario de \u00e1rboles notables, erradicaci\u00f3n de especies invasoras como la leucaena as\u00ed como de \u00e1rboles secos o enfermos y que corr\u00edan el riesgo de caer afectando seres humanos, animales o propiedades.<\/p>\n\n\n\n<p>\u00abEn este convenio se han erradicado 1.200 \u00e1rboles que estaban en alto riesgo y alrededor de 10.000 leucaenas\u00bb, dijo Toscano Collazos. &nbsp;<\/p>\n\n\n\n<p>\u00abQueremos hacer un llamado a la cultura ciudadana porque hemos venido haciendo limpiezas pero a los 8 d\u00edas volvemos a encontrar ramas secas, matas mal sembradas, restos de \u00e1rboles que talan en las casas y escombros y todo eso lo hallamos en los corredores lo que hace que la ciudad se vea impactada y sucia\u00bb, concluy\u00f3.<\/p>\n\n\n\n<p>12 de las fundaciones saldr\u00e1n a la jornada y se espera recoger entre 35 y 45 toneladas de material vegetal.&nbsp;<\/p>\n\n\n\n<p>Proyect\u00f3: Hermann Bola\u00f1os<br \/>Revis\u00f3: Wilson Garc\u00eda<\/p>\n\n\n\n<p><\/p>\n\n\n\n<p><\/p>\n\n\n\n<p>cvc.gov.co<\/p>\n","protected":false},"excerpt":{"rendered":"<p>ORGANIZAN QUIENES HACEN MANTENIMIENTO DEL ARBOLADO&nbsp; 12 fundaciones saldr\u00e1n. Se espera recoger entre 35 y 45 toneladas de material vegetal. Hacen un llamado a recuperar la cultura ciudadana. B-061 Cali, marzo 24 de 2023 Las fundaciones convinientes que han venido trabajando en el mantenimiento del arbolado urbano de Santiago de Cali realizar\u00e1n este domingo una [&hellip;]<\/p>\n","protected":false},"author":1,"featured_media":143009,"comment_status":"closed","ping_status":"closed","sticky":false,"template":"","format":"standard","meta":{"_acf_changed":false,"_jetpack_memberships_contains_paid_content":false,"footnotes":"","jetpack_publicize_message":"","jetpack_publicize_feature_enabled":true,"jetpack_social_post_already_shared":true,"jetpack_social_options":{"image_generator_settings":{"template":"highway","default_image_id":0,"font":"","enabled":false},"version":2}},"categories":[6],"tags":[],"class_list":["post-143008","post","type-post","status-publish","format-standard","has-post-thumbnail","hentry","category-ecologia"],"acf":[],"jetpack_publicize_connections":[],"jetpack_featured_media_url":"https:\/\/i0.wp.com\/sportseco.com\/wp-content\/uploads\/2023\/03\/061-1.jpg.webp?fit=640%2C427&ssl=1","jetpack_sharing_enabled":true,"_links":{"self":[{"href":"https:\/\/sportseco.com\/index.php?rest_route=\/wp\/v2\/posts\/143008","targetHints":{"allow":["GET"]}}],"collection":[{"href":"https:\/\/sportseco.com\/index.php?rest_route=\/wp\/v2\/posts"}],"about":[{"href":"https:\/\/sportseco.com\/index.php?rest_route=\/wp\/v2\/types\/post"}],"author":[{"embeddable":true,"href":"https:\/\/sportseco.com\/index.php?rest_route=\/wp\/v2\/users\/1"}],"replies":[{"embeddable":true,"href":"https:\/\/sportseco.com\/index.php?rest_route=%2Fwp%2Fv2%2Fcomments&post=143008"}],"version-history":[{"count":1,"href":"https:\/\/sportseco.com\/index.php?rest_route=\/wp\/v2\/posts\/143008\/revisions"}],"predecessor-version":[{"id":143010,"href":"https:\/\/sportseco.com\/index.php?rest_route=\/wp\/v2\/posts\/143008\/revisions\/143010"}],"wp:featuredmedia":[{"embeddable":true,"href":"https:\/\/sportseco.com\/index.php?rest_route=\/wp\/v2\/media\/143009"}],"wp:attachment":[{"href":"https:\/\/sportseco.com\/index.php?rest_route=%2Fwp%2Fv2%2Fmedia&parent=143008"}],"wp:term":[{"taxonomy":"category","embeddable":true,"href":"https:\/\/sportseco.com\/index.php?rest_route=%2Fwp%2Fv2%2Fcategories&post=143008"},{"taxonomy":"post_tag","embeddable":true,"href":"https:\/\/sportseco.com\/index.php?rest_route=%2Fwp%2Fv2%2Ftags&post=143008"}],"curies":[{"name":"wp","href":"https:\/\/api.w.org\/{rel}","templated":true}]}}