{"id":143050,"date":"2023-03-26T10:08:35","date_gmt":"2023-03-26T14:08:35","guid":{"rendered":"https:\/\/sportseco.com\/?p=143050"},"modified":"2023-03-26T10:08:39","modified_gmt":"2023-03-26T14:08:39","slug":"el-agua-parte-del-problema-pero-tambien-de-la-solucion-ante-el-cambio-climatico-2","status":"publish","type":"post","link":"https:\/\/sportseco.com\/?p=143050","title":{"rendered":"El agua, parte del problema, pero tambi\u00e9n de la soluci\u00f3n ante el cambio clim\u00e1tico"},"content":{"rendered":"\n<p>Aunque el coronavirus COVID-19 copa estas \u00faltimas semanas la actualidad medi\u00e1tica, no debemos olvidarnos de una de las mayores amenazas que pende sobre la humanidad: los efectos del cambio clim\u00e1tico en el planeta, recuerda la ONU en un nuevo informe dedicado a uno de sus aspectos menos abordado en los tratados internacionales: el agua.<\/p>\n\n\n\n<p>En conmemoraci\u00f3n del D\u00eda Mundial del Agua, la Organizaci\u00f3n de las Naciones Unidas para&nbsp;<a href=\"https:\/\/www.unodc.org\/\" target=\"_blank\" rel=\"noreferrer noopener\">la Educaci\u00f3n, la Ciencia y la Cultura<\/a>&nbsp;ha lanzado este domingo un informe donde se advierte que las alteraciones clim\u00e1ticas afectar\u00e1n a la disponibilidad, calidad y cantidad de agua necesaria para las necesidades humanas b\u00e1sicas, socavando as\u00ed el derecho b\u00e1sico al uso del agua potable y al saneamiento para miles de millones de personas.<\/p>\n\n\n\n<p>El estudio destaca que en la actualidad unos&nbsp;<strong>2200 millones de personas carecen de agua potable&nbsp;<\/strong>y 4200 millones, el 55% de la poblaci\u00f3n mundial, carecen de un sistema de saneamiento adecuado.<\/p>\n\n\n\n<p>Este panorama dificulta, por ejemplo, el logro del Objetivo de Desarrollo Sostenible n\u00famero seis de los 17 que componen la Agenda 2030 y que busca garantizar el acceso universal al agua potable a un precio asequible en el a\u00f1o 2030, lo cual&nbsp;<strong>pone en riesgo la consecuci\u00f3n de casi la totalidad de ellos.<\/strong><\/p>\n\n\n\n<h3 class=\"wp-block-heading\">Efectos devastadores en los recursos h\u00eddricos<\/h3>\n\n\n\n<p>Seg\u00fan los datos de la&nbsp;<a href=\"https:\/\/en.unesco.org\/\" target=\"_blank\" rel=\"noreferrer noopener\">UNESCO<\/a>,&nbsp;<strong>el consumo de agua se ha multiplicado por seis en el \u00faltimo siglo y crece a un ritmo de un 1% anua<\/strong>l. Adem\u00e1s, considera que el cambio clim\u00e1tico se manifiesta en el aumento de la frecuencia e intensidad de fen\u00f3menos extremos tales como las tormentas, las inundaciones y sequ\u00edas o las olas de calor que agravar\u00e1n la situaci\u00f3n de los pa\u00edses que actualmente sufren &#8216;estr\u00e9s h\u00eddrico&#8217; y generar\u00e1 problemas similares en \u00e1reas que no se han visto gravemente afectadas.<\/p>\n\n\n\n<p>Adem\u00e1s, el informe destaca el hecho de que la mala gesti\u00f3n del agua tiende a exacerbar los impactos del cambio clim\u00e1tico,&nbsp;<strong>no s\u00f3lo de los recursos h\u00eddricos, sino de la sociedad en su conjunto.<\/strong><\/p>\n\n\n\n<p>\u00abGran parte del impacto del cambio clim\u00e1tico en los recursos h\u00eddricos&nbsp;<strong>tendr\u00e1 lugar en los tr\u00f3picos, donde se encuentran la mayor\u00eda de los pa\u00edses en desarrollo<\/strong>, con consecuencias potencialmente deastadoras para los peque\u00f1os Estados insulares, algunos de los cuales podr\u00edan ser borrados del mapa\u00bb, destaca la UNESCO.<\/p>\n\n\n\n<h4 class=\"wp-block-heading\">&#8212;&#8212;&#8212;&#8212;&#8212;&#8212;&#8212;&#8212;&#8212;&#8212;&#8212;&#8212;&#8212;&#8212;&#8212;&#8212;&#8212;&#8212;&#8211;<\/h4>\n\n\n\n<h4 class=\"wp-block-heading\">Tambi\u00e9n puede que te interese:<\/h4>\n\n\n\n<ul class=\"wp-block-list\">\n<li><a href=\"https:\/\/news.un.org\/es\/node\/1497882\">El agua, una fuente de desastres seg\u00fan su abundancia o escasez y dependiendo de la zona del mundo<\/a><\/li>\n\n\n\n<li><a href=\"https:\/\/news.un.org\/es\/node\/1484732\">El agua, un recurso que se agota por el crecimiento de la poblaci\u00f3n y el cambio clim\u00e1tico<\/a><\/li>\n\n\n\n<li><a href=\"https:\/\/news.un.org\/es\/node\/1494632\">Sequ\u00edas, tormentas e inundaciones: el agua y el cambio clim\u00e1tico dominan la lista de desastres<\/a><\/li>\n<\/ul>\n\n\n\n<h4 class=\"wp-block-heading\">&#8212;&#8212;&#8212;&#8212;&#8212;&#8212;&#8212;&#8212;&#8212;&#8212;&#8212;&#8212;&#8212;&#8212;&#8212;&#8212;&#8212;&#8212;-<\/h4>\n\n\n\n<figure class=\"wp-block-image\"><img data-recalc-dims=\"1\" decoding=\"async\" src=\"https:\/\/i0.wp.com\/global.unitednations.entermediadb.net\/assets\/mediadb\/services\/module\/asset\/downloads\/preset\/Libraries\/Production%2BLibrary\/09-12-2019_WFP_Somalia_CERF.jpg\/image1170x530cropped.jpg?w=640&#038;ssl=1\" alt=\"Un proyecto de distribuci\u00f3n de agua a los desplazados en el campamento de Dolow en Somalia. La OIM, el PMA y otras agencias cubren las necesidades m\u00e1s urgentes de estas personas gracias a los recursos del CERF.\" title=\"Un proyecto de distribuci\u00f3n de agua a los desplazados en el campamento de Dolow en Somalia. La OIM, el PMA y otras agencias cubren las necesidades m\u00e1s urgentes de estas personas gracias a los recursos del CERF.\"\/><\/figure>\n\n\n\n<p>PMA\/Georgina Goodwin<\/p>\n\n\n\n<p>Un proyecto de distribuci\u00f3n de agua a los desplazados en el campamento de Dolow en Somalia. La OIM, el PMA y otras agencias cubren las necesidades m\u00e1s urgentes de estas personas gracias a los recursos del CERF.<\/p>\n\n\n\n<h3 class=\"wp-block-heading\">Soluciones al desaf\u00edo clim\u00e1tico: atenuaci\u00f3n y mitigaci\u00f3n<\/h3>\n\n\n\n<p>Frente a las amenazas, el informe destaca dos estrategias complementarias a para dirigir y disminuir los riesgos del cambio clim\u00e1tico: la adaptaci\u00f3n y la mitigaci\u00f3n.<\/p>\n\n\n\n<p>La&nbsp;<strong>adaptaci\u00f3n<\/strong>&nbsp;incluye, seg\u00fan el informe \u00abuna combinaci\u00f3n de opciones naturales, de ingenier\u00eda y tecnol\u00f3gicas, as\u00ed como medidas sociales e institucionales para contener el da\u00f1o o explotar las oportunidades beneficiosas del cambio clim\u00e1tico. Existen opciones de adaptaci\u00f3n en todos los sectores relacionados con el agua y deber\u00edan estudiarse y aplicarse siempre que sea posible\u00bb.<\/p>\n\n\n\n<p>Por su parte, el estudio destaca que&nbsp;<strong>la mitigaci\u00f3n<\/strong>&nbsp;implica \u00abactuaciones humanas para reducir las fuentes o mejorar los sumideros de gases de efecto invernadero. Pese a que tambi\u00e9n existan opciones de mitigaci\u00f3n en cada uno de los sectores relacionados con el agua, la mayor\u00eda no se reconocen\u00bb.<\/p>\n\n\n\n<h3 class=\"wp-block-heading\">Hay que conseguir la mejora del tratamiento de las aguas residuales<\/h3>\n\n\n\n<p>El tratamiento de aguas residuales tambi\u00e9n contribuye al cambio clim\u00e1tico, ya que genera gases de efecto invernadero que representan&nbsp;<strong>entre un 3% y un 7% de todas las emisiones contaminantes<\/strong>. Adem\u00e1s, se estima que, entre el 80% y el 90 % de \u00e9stas se liberan al medio ambiente sin ning\u00fan tipo de tratamiento.<\/p>\n\n\n\n<p>La UNESCO indica que para producir una gesti\u00f3n \u00f3ptima de los recursos h\u00eddricos se debe&nbsp;<strong>invertir en t\u00e9cnicas de tratamiento modernas<\/strong>&nbsp;que permitan la extracci\u00f3n de metano, un poderoso gas de efecto invernadero que se encuentra en las aguas residuales no tratadas, de materia org\u00e1nica y posteriormente utilizar este biog\u00e1s para generar la energ\u00eda necesaria para ejecutar el proceso de tratamiento.<\/p>\n\n\n\n<p>Esta t\u00e9nica ya se usa como&nbsp;<strong>en pa\u00edses con escasez de agua como Jordania, M\u00e9xico, Per\u00fa y Tailandia<\/strong>&nbsp;donde se ha conseguido reducir las emisiones contaminantes en miles de toneladas de CO<sub>2,<\/sub>, al tiempo que se logr\u00f3 importantes ahorros econ\u00f3micos para las arcas p\u00fablicas y una mejora en la calidad de servicio.<\/p>\n\n\n\n<p><strong>Otros ejemplos innovadores<\/strong>&nbsp;para mejorar los recursos h\u00eddricos mencionados en el informe son la captura de agua de la niebla, la protecci\u00f3n de los humedales o t\u00e9cnicas como la \u00abagricultua de conservaci\u00f3n\u00bb que permite preservar la estructura del suelo, la materia org\u00e1nica y la humedad pese a la disminuci\u00f3n de las precipitaciones. Tambi\u00e9n se apunta la posibilidad de \u00abreutilizar\u00bb aguas residuales parcialmente tratadas para su uso agr\u00edcola e industrial.<\/p>\n\n\n\n<h3 class=\"wp-block-heading\">Financiaci\u00f3n para los recursos h\u00eddricos<\/h3>\n\n\n\n<p>Pese a reconocerse la necesidad de combatir el cambio clim\u00e1tico mediante una mejor gesti\u00f3n del ciclo del agua,&nbsp;<strong>no se est\u00e1 traduciendo en la realidad<\/strong>&nbsp;ni en una adecuada financiaci\u00f3n de los recursos h\u00eddricos.<\/p>\n\n\n\n<p>\u00abLa palabra &#8216;agua&#8217; rara vez aparece en los acuerdos clim\u00e1ticos internacionales<em>\u00ab,<\/em>&nbsp;indica la directora general de la UNESCO, Audrey Azoulay.<\/p>\n\n\n\n<p>Las contribuciones determinadas a nivel nacional* que presentan los Estados en virtud del Acuerdo de Par\u00eds son de car\u00e1cter general y&nbsp;<strong>no proponen planes espec\u00edficos para el agua<\/strong>. Si bien la mayor\u00eda de los pa\u00edses reconocen el agua en su \u00abcartera de acciones\u00bb, pocos calculan realmente los costos de estas acciones y a\u00fan menos presentaron proyectos espec\u00edficos.<\/p>\n\n\n\n<p>Los autores del informe se\u00f1alan que la gesti\u00f3n de los recursos h\u00eddricos y los servicios de abastecimiento y saneamiento de agua \u00abcarecen de fondos suficientes y requieren una mayor atenci\u00f3n de los Estados\u00bb.<\/p>\n\n\n\n<p>Adem\u00e1s, argumentan que cada vez hay m\u00e1s oportunidades \u00abde integrar de forma sistem\u00e1tica la adaptaci\u00f3n y la planificaci\u00f3n de la mitigaci\u00f3n en las inversiones relacionadas con el agua, con el fin de&nbsp;<strong>hacerlas m\u00e1s atractivas para los donantes<\/strong>\u00ab.<\/p>\n\n\n\n<p>Valga como ejemplo un proyecto del&nbsp;<a href=\"https:\/\/unfccc.int\/es\/news\/fondo-verde-para-el-clima-estrena-sitio-web\" target=\"_blank\" rel=\"noreferrer noopener\">Fondo Verde para el Clima<\/a>&nbsp;en Sri Lanka que busca mejorar los sistemas de riego en las comunidades vulnerables de las aldeas y promover pr\u00e1cticas agr\u00edcolas \u00abclim\u00e1ticamente inteligentes\u00bb en tres cuencas fluviales, ofreciendo tanto beneficios de adaptaci\u00f3n clim\u00e1tica como de mitigaci\u00f3n, al tiempo que se conserva el agua y se protegen las fuentes de agua potable.<\/p>\n\n\n\n<p>El agua y el cambio clim\u00e1tico pueden proporcionar diversas iniciativas de las que resulten en&nbsp;<strong>beneficios para la comunidad como la creaci\u00f3n de empleo<\/strong>, el desarrollo de la salud p\u00fablica, la reducci\u00f3n de la pobreza, fomentar la igualdad de g\u00e9nero, entre otros aspectos.<\/p>\n\n\n\n<p>As\u00ed, el informe concluye que adoptar medidas conjuntas de adaptaci\u00f3n y mitigaci\u00f3n es&nbsp;<strong>una situaci\u00f3n en la que todo el mundo salga ganador<\/strong>. Benefician de forma clara la gesti\u00f3n sostenible de los recursos h\u00eddricos y el derecho humano al agua potable y al saneamiento.<\/p>\n\n\n\n<p>Al mismo tiempo, tratan de forma espec\u00edfica las causas y consecuencias del cambio clim\u00e1tico, incluida la respuesta a los fen\u00f3menos meteorol\u00f3gicos extremos y contribuyen a la consecuci\u00f3n de varios de los&nbsp;<a href=\"https:\/\/news.un.org\/es\/news\/topic\/sdgs\">Objetivos de Desarrollo Sostenible<\/a>.<\/p>\n\n\n\n<h3 class=\"wp-block-heading\">Innovaci\u00f3n tecnol\u00f3gica<\/h3>\n\n\n\n<p>El estudio resalta que los principales retos en cuanto a innovaci\u00f3n tecnol\u00f3gica, gesti\u00f3n del conocimiento investigaci\u00f3n y desarrollos son \u00abpromover la creaci\u00f3n de nuevas herramientas y enfoques por medio de la investigaci\u00f3n avanzada y el desarrollo, y en el mismo orden de importancia, acelerar la implantaci\u00f3n del conocimiento y la tecnolog\u00eda existentes en todos los pa\u00edses y regiones\u00bb.<\/p>\n\n\n\n<p>Sin embargo, aclara que estas acciones solo conseguir\u00e1n el resultado&nbsp;<strong>esperado si van acompa\u00f1adas de concienciaci\u00f3n<\/strong>, as\u00ed como de programas de desarrollo educativo y de capacitaci\u00f3n.<\/p>\n\n\n\n<figure class=\"wp-block-image\"><img data-recalc-dims=\"1\" decoding=\"async\" src=\"https:\/\/i0.wp.com\/global.unitednations.entermediadb.net\/assets\/mediadb\/services\/module\/asset\/downloads\/preset\/Libraries\/Production%2BLibrary\/19-09-23-Peru-Andes-Mountain7.jpg\/image1170x530cropped.jpg?w=640&#038;ssl=1\" alt=\"En un a\u00f1o de sequ\u00eda, glaciares que se derriten pueden significar hasta un 91% de la reserva de agua en ciudades como Huaraz, en Per\u00fa.\" title=\"En un a\u00f1o de sequ\u00eda, glaciares que se derriten pueden significar hasta un 91% de la reserva de agua en ciudades como Huaraz, en Per\u00fa.\"\/><\/figure>\n\n\n\n<p>UN News\/Daniela Gross<\/p>\n\n\n\n<p>En un a\u00f1o de sequ\u00eda, glaciares que se derriten pueden significar hasta un 91% de la reserva de agua en ciudades como Huaraz, en Per\u00fa.<\/p>\n\n\n\n<h3 class=\"wp-block-heading\">Panorama en Am\u00e9rica Latina y el Caribe<\/h3>\n\n\n\n<p>La regi\u00f3n se ve gravemente afectada por la variabilidad clim\u00e1tica y los fen\u00f3menos atmosf\u00e9ricos extremos y se prev\u00e9 que continuar\u00e1n produci\u00e9ndose los cambios observados en el flujo fluvial y la disponibilidad de agua, afectando a las regiones vulnerables tanto en Am\u00e9rica Central como del Sur.<\/p>\n\n\n\n<p>\u00abLa r\u00e1pida urbanizaci\u00f3n, el desarrollo econ\u00f3mico y la desigualdad son algunas de las principales causas socioecon\u00f3micas de la presi\u00f3n que soportan los sistemas h\u00eddricos, a las que se suman las repercusiones del cambio clim\u00e1tico. La pobreza es una constante en la mayor\u00eda de los pa\u00edses y acrecienta la vulnerabilidad al cambio clim\u00e1tico. La desigualdad econ\u00f3mica&nbsp;<strong>tambi\u00e9n se traduce en desigualdad de acceso al agua y al saneamiento<\/strong>&nbsp;y viceversa. El riesgo creciente de contraer enfermedades transmitidas por el agua afecta m\u00e1s a los pobres. La vulnerabilidad tambi\u00e9n es alta en las zonas rurales, los factores clim\u00e1ticos limitan las opciones econ\u00f3micas y provocan el \u00e9xodo rural\u00bb, afirma el estudio.<\/p>\n\n\n\n<p>A esta problem\u00e1tica situaci\u00f3n se le ha de a\u00f1adir el hecho de que \u00ablas estrategias de desarrollo casi no mencionen expl\u00edcitamente los problemas transfronterizos del agua en relaci\u00f3n con el clima nos indica que&nbsp;<strong>todav\u00eda existen grandes barreras para la cooperaci\u00f3n<\/strong>&nbsp;en torno a las aguas transfronterizas en Am\u00e9rica Latina y el Caribe\u00bb.<\/p>\n\n\n\n<h3 class=\"wp-block-heading\">Guterres: Hay que mejorar la eficiencia del uso del agua<\/h3>\n\n\n\n<p>El&nbsp;<a href=\"https:\/\/www.un.org\/sg\/es\">Secretario General<\/a>&nbsp;de la ONU se sum\u00f3 a la celebraci\u00f3n del D\u00eda Mundial del Agua y en su mensaje por la efem\u00e9ride destac\u00f3 que el binomio calentamiento global-uso insostenible de los recursos h\u00eddricos crear\u00e1n \u00abuna competencia sin precedentes\u00bb que&nbsp;<strong>causar\u00e1 el desplazamiento de millones de individuos<\/strong>.<\/p>\n\n\n\n<p>Ant\u00f3nio Guterres dijo que esta situaci\u00f3n causar\u00e1 efectos negativos en la salud y la productividad y servir\u00e1 para aumentar amenazas como la inestabilidad y los conflictos.<\/p>\n\n\n\n<p>\u00ab<strong>La soluci\u00f3n es clara<\/strong>. Debemos aumentar con urgencia las inversiones en cuencas hidrogr\u00e1ficas e infraestructuras h\u00eddricas sanas y mejorar dr\u00e1sticamente la eficiencia en el uso del agua. Debemos prever los riesgos clim\u00e1ticos en todos los niveles de la gesti\u00f3n del agua y responder a ellos de manera acorde\u00bb, explic\u00f3.<\/p>\n\n\n\n<p>Al mismo tiempo, Guterres destac\u00f3 la urgencia de aumentar los esfuerzos para reforzar la resiliencia y la adaptaci\u00f3n de todas las personas afectadas por las alteraciones clim\u00e1ticas.<\/p>\n\n\n\n<p>\u00abY, sobre todo, debemos aprovechar este a\u00f1o y la COP26 de Glasgow a fin de controlar la curva de emisiones y crear una base segura para la sostenibilidad del agua\u00bb, finaliz\u00f3 el Secretario General.<\/p>\n\n\n\n<p><em>*Las\u00a0<\/em>contribuciones determinadas a nivel nacional<em>\u00a0son las metas a las que se comprometen los pa\u00edses para el cumplimiento del Acuerdo de Par\u00eds<\/em><\/p>\n\n\n\n<p><\/p>\n\n\n\n<p><\/p>\n\n\n\n<p>news.un.org<\/p>\n","protected":false},"excerpt":{"rendered":"<p>Aunque el coronavirus COVID-19 copa estas \u00faltimas semanas la actualidad medi\u00e1tica, no debemos olvidarnos de una de las mayores amenazas que pende sobre la humanidad: los efectos del cambio clim\u00e1tico en el planeta, recuerda la ONU en un nuevo informe dedicado a uno de sus aspectos menos abordado en los tratados internacionales: el agua. En [&hellip;]<\/p>\n","protected":false},"author":1,"featured_media":143051,"comment_status":"closed","ping_status":"closed","sticky":false,"template":"","format":"standard","meta":{"_acf_changed":false,"_jetpack_memberships_contains_paid_content":false,"footnotes":"","jetpack_publicize_message":"","jetpack_publicize_feature_enabled":true,"jetpack_social_post_already_shared":true,"jetpack_social_options":{"image_generator_settings":{"template":"highway","default_image_id":0,"font":"","enabled":false},"version":2}},"categories":[6],"tags":[],"class_list":["post-143050","post","type-post","status-publish","format-standard","has-post-thumbnail","hentry","category-ecologia"],"acf":[],"jetpack_publicize_connections":[],"jetpack_featured_media_url":"https:\/\/i0.wp.com\/sportseco.com\/wp-content\/uploads\/2023\/03\/image1170x530cropped-12.jpg?fit=1170%2C530&ssl=1","jetpack_sharing_enabled":true,"_links":{"self":[{"href":"https:\/\/sportseco.com\/index.php?rest_route=\/wp\/v2\/posts\/143050","targetHints":{"allow":["GET"]}}],"collection":[{"href":"https:\/\/sportseco.com\/index.php?rest_route=\/wp\/v2\/posts"}],"about":[{"href":"https:\/\/sportseco.com\/index.php?rest_route=\/wp\/v2\/types\/post"}],"author":[{"embeddable":true,"href":"https:\/\/sportseco.com\/index.php?rest_route=\/wp\/v2\/users\/1"}],"replies":[{"embeddable":true,"href":"https:\/\/sportseco.com\/index.php?rest_route=%2Fwp%2Fv2%2Fcomments&post=143050"}],"version-history":[{"count":1,"href":"https:\/\/sportseco.com\/index.php?rest_route=\/wp\/v2\/posts\/143050\/revisions"}],"predecessor-version":[{"id":143052,"href":"https:\/\/sportseco.com\/index.php?rest_route=\/wp\/v2\/posts\/143050\/revisions\/143052"}],"wp:featuredmedia":[{"embeddable":true,"href":"https:\/\/sportseco.com\/index.php?rest_route=\/wp\/v2\/media\/143051"}],"wp:attachment":[{"href":"https:\/\/sportseco.com\/index.php?rest_route=%2Fwp%2Fv2%2Fmedia&parent=143050"}],"wp:term":[{"taxonomy":"category","embeddable":true,"href":"https:\/\/sportseco.com\/index.php?rest_route=%2Fwp%2Fv2%2Fcategories&post=143050"},{"taxonomy":"post_tag","embeddable":true,"href":"https:\/\/sportseco.com\/index.php?rest_route=%2Fwp%2Fv2%2Ftags&post=143050"}],"curies":[{"name":"wp","href":"https:\/\/api.w.org\/{rel}","templated":true}]}}