{"id":143115,"date":"2023-03-27T11:52:18","date_gmt":"2023-03-27T15:52:18","guid":{"rendered":"https:\/\/sportseco.com\/?p=143115"},"modified":"2023-03-27T11:52:23","modified_gmt":"2023-03-27T15:52:23","slug":"la-poblacion-mundial-podria-llegar-a-un-maximo-de-9-000-millones-en-2050","status":"publish","type":"post","link":"https:\/\/sportseco.com\/?p=143115","title":{"rendered":"La poblaci\u00f3n mundial podr\u00eda llegar a un m\u00e1ximo de 9.000 millones en 2050"},"content":{"rendered":"\n<figure class=\"wp-block-image\"><img data-recalc-dims=\"1\" decoding=\"async\" src=\"https:\/\/i0.wp.com\/efeverde.com\/wp-content\/uploads\/2023\/03\/696d267703d4cde634ab1bd9ff81b53d498b3ad7w.jpg?w=640&#038;ssl=1\" alt=\"MADRID, 03\/12\/2021.- El puente de la Constituci\u00f3n y las compras navide\u00f1as sirven de reclamo perfecto para acudir al centro de la capital. EFE\/Kiko Huesca\"\/><\/figure>\n\n\n\n<p><strong>Redacci\u00f3n Ciencia.- Una nueva proyecci\u00f3n estima que la poblaci\u00f3n mundial podr\u00eda alcanzar un m\u00e1ximo de 9.000 millones de personas a mediados de siglo, una cifra significativamente inferior a las \u00faltimas estimaciones demogr\u00e1ficas destacadas, incluidas las de Naciones Unidas.<\/strong><\/p>\n\n\n\n<p>El estudio va m\u00e1s all\u00e1 y afirma que si el mundo da un \u201csalto de gigante\u201d en inversi\u00f3n en desarrollo econ\u00f3mico, educaci\u00f3n y sanidad, la poblaci\u00f3n mundial podr\u00eda llegar a un m\u00e1ximo de 8.500 millones de personas en 2050.<\/p>\n\n\n\n<h2 class=\"wp-block-heading\">Proyecciones demogr\u00e1ficas&nbsp;<\/h2>\n\n\n\n<p>Las nuevas proyecciones se incluyen en un estudio de la iniciativa Earth4All para la Global Challenges Foundation.<\/p>\n\n\n\n<p>Para hacer estas proyecciones, el equipo us\u00f3 un nuevo modelo de din\u00e1mica de sistemas con dos escenarios en este siglo.<\/p>\n\n\n\n<p>En el primero, \u201cDemasiado poco, demasiado tarde\u201d, el mundo sigue desarroll\u00e1ndose econ\u00f3micamente como en los \u00faltimos 50 a\u00f1os y muchos de los pa\u00edses m\u00e1s pobres salen de la pobreza extrema.<\/p>\n\n\n\n<p>En este escenario, los investigadores calculan que la poblaci\u00f3n mundial podr\u00eda alcanzar un m\u00e1ximo de 8.600 millones en 2050, antes de descender a 7.000 millones en 2100.<\/p>\n\n\n\n<p>En el segundo escenario, denominado \u201cel Salto Gigante\u201d, los investigadores calculan que la poblaci\u00f3n alcanza un m\u00e1ximo de 8.500 millones de personas en torno a 2040 y disminuye a unos 6.000 millones a finales de siglo.<\/p>\n\n\n\n<p>Pero eso solo se consigue \u201cmediante una inversi\u00f3n sin precedentes\u201d en la mitigaci\u00f3n de la pobreza -en particular en educaci\u00f3n y sanidad- junto con un giro extraordinario en las pol\u00edticas de seguridad alimentaria y energ\u00e9tica, desigualdad e igualdad de g\u00e9nero.<\/p>\n\n\n\n<p>En este escenario, la pobreza extrema desaparece en una generaci\u00f3n (para 2060), con un marcado impacto en las tendencias demogr\u00e1ficas mundiales.<\/p>\n\n\n\n<h2 class=\"wp-block-heading\">Desarrollo econ\u00f3mico<\/h2>\n\n\n\n<p>Los autores creen que la diferencia con otras proyecciones demogr\u00e1ficas importantes radica en que estas suelen restar importancia al r\u00e1pido desarrollo econ\u00f3mico.<\/p>\n\n\n\n<p>\u201cSabemos que el r\u00e1pido desarrollo econ\u00f3mico de los pa\u00edses de renta baja tiene un enorme impacto en las tasas de fertilidad. Las tasas de fecundidad descienden a medida que las ni\u00f1as acceden a la educaci\u00f3n y las mujeres se empoderan econ\u00f3micamente y tienen acceso a una mejor atenci\u00f3n sanitaria\u201d, afirma Per Espen Stoknes, jefe del proyecto Earth4All y director del Centro para la Sostenibilidad de la Escuela de Negocios de Noruega.<\/p>\n\n\n\n<p>\u201cPocos modelos destacados simulan simult\u00e1neamente el crecimiento demogr\u00e1fico, el desarrollo econ\u00f3mico y sus conexiones\u201d, a\u00f1ade Beniamino Callegari, miembro del equipo de modelizaci\u00f3n de Earth4All.<\/p>\n\n\n\n<p>El an\u00e1lisis utiliza diez regiones del mundo, como el \u00c1frica subsahariana, China y Estados Unidos.<\/p>\n\n\n\n<p>Actualmente, el crecimiento demogr\u00e1fico es mayor en algunas naciones de \u00c1frica, como Angola, N\u00edger, la Rep\u00fablica Democr\u00e1tica del Congo y Nigeria, y de Asia, por ejemplo Afganist\u00e1n.<\/p>\n\n\n\n<p>\u201cSi suponemos que estos pa\u00edses adoptan pol\u00edticas acertadas de desarrollo econ\u00f3mico, cabe esperar que la poblaci\u00f3n alcance su punto m\u00e1ximo m\u00e1s pronto que tarde\u201d, razona Callegari.<\/p>\n\n\n\n<p>El equipo tambi\u00e9n analiz\u00f3 la conexi\u00f3n entre la poblaci\u00f3n y la superaci\u00f3n de los l\u00edmites planetarios, vinculada a la capacidad de carga de la Tierra.<\/p>\n\n\n\n<p>Contrariamente a los mitos populares, el equipo descubri\u00f3 que el tama\u00f1o de la poblaci\u00f3n no es el principal impulsor de la superaci\u00f3n de los l\u00edmites planetarios, como la crisis clim\u00e1tica, sino que lo que est\u00e1 desestabilizando el planeta son los alt\u00edsimos niveles de huella del 10% m\u00e1s rico del mundo.<\/p>\n\n\n\n<blockquote class=\"wp-block-quote is-layout-flow wp-block-quote-is-layout-flow\">\n<p>\u201cEl principal problema de la humanidad es el consumo suntuario de carbono y biosfera, no la poblaci\u00f3n. Los lugares donde la poblaci\u00f3n aumenta m\u00e1s r\u00e1pidamente tienen huellas ambientales por persona extremadamente peque\u00f1as en comparaci\u00f3n con los lugares que alcanzaron el pico de poblaci\u00f3n hace muchas d\u00e9cadas\u201d, afirm\u00f3 Jorgen Randers, de Earth4All.<\/p>\n<\/blockquote>\n\n\n\n<p>Seg\u00fan las proyecciones demogr\u00e1ficas del equipo, toda la poblaci\u00f3n podr\u00eda alcanzar unas condiciones de vida superiores al nivel m\u00ednimo de las Naciones Unidas sin cambios significativos en las tendencias de desarrollo actuales, siempre que se distribuyeran los recursos por igual.<\/p>\n\n\n\n<p>La investigaci\u00f3n tambi\u00e9n concluye que, con los niveles de poblaci\u00f3n actuales, es posible que todo el mundo escape de la pobreza extrema y supere un umbral m\u00ednimo para una vida digna con acceso a alimentos, vivienda, energ\u00eda y otros recursos, aunque esto requiere una distribuci\u00f3n (mucho m\u00e1s) equitativa de los recursos.<\/p>\n\n\n\n<p>\u201cUna buena vida para todos solo es posible si se reduce el uso extremo de recursos por parte de la \u00e9lite rica\u201d, concluye Randers. EFEciencia<\/p>\n","protected":false},"excerpt":{"rendered":"<p>Redacci\u00f3n Ciencia.- Una nueva proyecci\u00f3n estima que la poblaci\u00f3n mundial podr\u00eda alcanzar un m\u00e1ximo de 9.000 millones de personas a mediados de siglo, una cifra significativamente inferior a las \u00faltimas estimaciones demogr\u00e1ficas destacadas, incluidas las de Naciones Unidas. El estudio va m\u00e1s all\u00e1 y afirma que si el mundo da un \u201csalto de gigante\u201d en [&hellip;]<\/p>\n","protected":false},"author":1,"featured_media":143116,"comment_status":"closed","ping_status":"closed","sticky":false,"template":"","format":"standard","meta":{"_acf_changed":false,"_jetpack_memberships_contains_paid_content":false,"footnotes":"","jetpack_publicize_message":"","jetpack_publicize_feature_enabled":true,"jetpack_social_post_already_shared":true,"jetpack_social_options":{"image_generator_settings":{"template":"highway","default_image_id":0,"font":"","enabled":false},"version":2}},"categories":[6],"tags":[],"class_list":["post-143115","post","type-post","status-publish","format-standard","has-post-thumbnail","hentry","category-ecologia"],"acf":[],"jetpack_publicize_connections":[],"jetpack_featured_media_url":"https:\/\/i0.wp.com\/sportseco.com\/wp-content\/uploads\/2023\/03\/696d267703d4cde634ab1bd9ff81b53d498b3ad7w.jpg?fit=1920%2C1281&ssl=1","jetpack_sharing_enabled":true,"_links":{"self":[{"href":"https:\/\/sportseco.com\/index.php?rest_route=\/wp\/v2\/posts\/143115","targetHints":{"allow":["GET"]}}],"collection":[{"href":"https:\/\/sportseco.com\/index.php?rest_route=\/wp\/v2\/posts"}],"about":[{"href":"https:\/\/sportseco.com\/index.php?rest_route=\/wp\/v2\/types\/post"}],"author":[{"embeddable":true,"href":"https:\/\/sportseco.com\/index.php?rest_route=\/wp\/v2\/users\/1"}],"replies":[{"embeddable":true,"href":"https:\/\/sportseco.com\/index.php?rest_route=%2Fwp%2Fv2%2Fcomments&post=143115"}],"version-history":[{"count":1,"href":"https:\/\/sportseco.com\/index.php?rest_route=\/wp\/v2\/posts\/143115\/revisions"}],"predecessor-version":[{"id":143117,"href":"https:\/\/sportseco.com\/index.php?rest_route=\/wp\/v2\/posts\/143115\/revisions\/143117"}],"wp:featuredmedia":[{"embeddable":true,"href":"https:\/\/sportseco.com\/index.php?rest_route=\/wp\/v2\/media\/143116"}],"wp:attachment":[{"href":"https:\/\/sportseco.com\/index.php?rest_route=%2Fwp%2Fv2%2Fmedia&parent=143115"}],"wp:term":[{"taxonomy":"category","embeddable":true,"href":"https:\/\/sportseco.com\/index.php?rest_route=%2Fwp%2Fv2%2Fcategories&post=143115"},{"taxonomy":"post_tag","embeddable":true,"href":"https:\/\/sportseco.com\/index.php?rest_route=%2Fwp%2Fv2%2Ftags&post=143115"}],"curies":[{"name":"wp","href":"https:\/\/api.w.org\/{rel}","templated":true}]}}