{"id":143137,"date":"2023-03-27T19:12:49","date_gmt":"2023-03-27T23:12:49","guid":{"rendered":"https:\/\/sportseco.com\/?p=143137"},"modified":"2023-03-27T19:12:54","modified_gmt":"2023-03-27T23:12:54","slug":"corresponde-al-sector-ambiental-que-reforma-agraria-consolide-la-frontera-agricola","status":"publish","type":"post","link":"https:\/\/sportseco.com\/?p=143137","title":{"rendered":"Corresponde al sector ambiental que reforma agraria consolide la frontera agr\u00edcola"},"content":{"rendered":"\n<figure class=\"wp-block-image\"><img data-recalc-dims=\"1\" decoding=\"async\" src=\"https:\/\/i0.wp.com\/www.minambiente.gov.co\/wp-content\/uploads\/2023\/03\/Muhammad-anuncia-apoyo.jpeg?w=640&#038;ssl=1\" alt=\"Corresponde al sector ambiental que reforma agraria consolide la frontera agr\u00edcola\" title=\"Corresponde al sector ambiental que reforma agraria consolide la frontera agr\u00edcola\"\/><\/figure>\n\n\n\n<ul class=\"wp-block-list\">\n<li>Durante hist\u00f3rica Asamblea Nacional Popular, la Ministra asegur\u00f3 que le corresponde al sector ambiental, que la reforma agraria consolide la frontera agr\u00edcola de la mano del movimiento social para, entre otros, definir l\u00edmites territoriales, la creaci\u00f3n de vig\u00edas para la prevenci\u00f3n de incendios forestales y recuperaci\u00f3n de ecosistemas afectados.<\/li>\n\n\n\n<li>Tambi\u00e9n asegur\u00f3 que el Gobierno del Cambio empoderar\u00e1 a las mujeres de las Juntas de Acci\u00f3n Comunal para proteger los recursos y construir la paz total.<\/li>\n\n\n\n<li>En esta jornada, liderada por el presidente de la Rep\u00fablica, Gustavo Petro, el primer mandatario de los colombianos dijo que seguir\u00e1 construyendo una Colombia Potencia Mundial de la Vida de la mano de las comunidades y los organismos populares del pa\u00eds.<\/li>\n<\/ul>\n\n\n\n<p><strong>Bogot\u00e1, 26 de marzo de 2023. @MinAmbienteCO.&nbsp;<\/strong>Como \u201chist\u00f3rica\u201d calific\u00f3 el presidente de la Rep\u00fablica, Gustavo Petro, la Asamblea Nacional Popular Comunal que reuni\u00f3 durante tres d\u00edas a cerca de tres mil representantes de la fuerza comunal del pa\u00eds.<\/p>\n\n\n\n<p>\u201cEl trabajo en com\u00fan es una forma de construir en la pr\u00e1ctica y en la cotidianidad la paz. Nada m\u00e1s ajeno a la violencia que el trabajo en com\u00fan. Lo que queremos es que haya una alianza entre organizaciones populares y que el Gobierno pueda ponerle el cemento a esa alianza\u201d, dijo el primer mandatario.<\/p>\n\n\n\n<p>Por su parte, la ministra de Ambiente y Desarrollo Sostenible, Susana Muhamad, destac\u00f3 el liderazgo de las mujeres en la reactivaci\u00f3n de la econom\u00eda popular y se\u00f1al\u00f3 que apoyar\u00e1 desde el sector ambiental la reforma agraria que presentar\u00e1 el Gobierno del Cambio.<\/p>\n\n\n\n<p>\u201cNos corresponde, desde el sector ambiental, que la reforma agraria consolide la frontera agr\u00edcola y que de otro lado cuidemos esas selvas y esos bosques que son los que nos dan la vida, nos dan el agua. Y, para ello, contamos con el movimiento comunal a trav\u00e9s de los n\u00facleos de desarrollo forestal comunitarios, donde ya estamos trabajando con las juntas de cara a la construcci\u00f3n de una gobernanza territorial para frenar la deforestaci\u00f3n\u201d, dijo la Ministra.<\/p>\n\n\n\n<p>Como parte de esta Asamblea, representantes de las Juntas de Acci\u00f3n Comunal (JAC), de asociaciones de JAC, de Federaciones Departamentales de Acci\u00f3n<\/p>\n\n\n\n<p>Comunal y de la Confederaci\u00f3n Nacional de Acci\u00f3n Comunal adelantaron talleres y mesas de trabajo donde abordaron temas como el eje social, econ\u00f3mico, institucional, de agenda legislativa y de ambiente y h\u00e1bitat.<\/p>\n\n\n\n<p>Por esto, Muhamad a\u00f1adi\u00f3 que de la mano del movimiento social se podr\u00e1n definir los l\u00edmites territoriales que pongan las reglas de juego ambientales y den paso a la creaci\u00f3n de los vig\u00edas que apoyen en la prevenci\u00f3n de incendios forestales y en \u00e9pocas de invierno recuperando los ecosistemas afectados.<\/p>\n\n\n\n<p>Al cierre de su intervenci\u00f3n en la Asamblea Nacional Popular Comunal, invit\u00f3 a los representantes a sumarse al momento del cambio y construir de manera colectiva un pa\u00eds donde se respete la vida y el di\u00e1logo social, se ampl\u00ede la participaci\u00f3n y se protejan los recursos naturales.<\/p>\n\n\n\n<p>\u201cEs momento que la investigaci\u00f3n de acci\u00f3n participativa vuelva a ser el centro del trabajo comunal; es el momento en que el Gobierno del Cambio y las Juntas de Acci\u00f3n Comunal empoderen a sus mujeres y a sus j\u00f3venes. Juntos vamos a jugar un papel fundamental en la construcci\u00f3n de la paz total. Cuenten con nosotros para que hagamos una alianza p\u00fablico popular para la transformaci\u00f3n, para hacer de Colombia una Potencia Mundial de la Vida\u201d, puntualiz\u00f3 la ministra de Ambiente y Desarrollo Sostenible, Susana Muhammad.<\/p>\n\n\n\n<p><\/p>\n\n\n\n<p><\/p>\n\n\n\n<p>minambiente.gov.co<\/p>\n","protected":false},"excerpt":{"rendered":"<p>Bogot\u00e1, 26 de marzo de 2023. @MinAmbienteCO.&nbsp;Como \u201chist\u00f3rica\u201d calific\u00f3 el presidente de la Rep\u00fablica, Gustavo Petro, la Asamblea Nacional Popular Comunal que reuni\u00f3 durante tres d\u00edas a cerca de tres mil representantes de la fuerza comunal del pa\u00eds. \u201cEl trabajo en com\u00fan es una forma de construir en la pr\u00e1ctica y en la cotidianidad la [&hellip;]<\/p>\n","protected":false},"author":1,"featured_media":143138,"comment_status":"closed","ping_status":"closed","sticky":false,"template":"","format":"standard","meta":{"_acf_changed":false,"_jetpack_memberships_contains_paid_content":false,"footnotes":"","jetpack_publicize_message":"","jetpack_publicize_feature_enabled":true,"jetpack_social_post_already_shared":true,"jetpack_social_options":{"image_generator_settings":{"template":"highway","default_image_id":0,"font":"","enabled":false},"version":2}},"categories":[6],"tags":[],"class_list":["post-143137","post","type-post","status-publish","format-standard","has-post-thumbnail","hentry","category-ecologia"],"acf":[],"jetpack_publicize_connections":[],"jetpack_featured_media_url":"https:\/\/i0.wp.com\/sportseco.com\/wp-content\/uploads\/2023\/03\/Muhammad-anuncia-apoyo.jpeg?fit=1588%2C708&ssl=1","jetpack_sharing_enabled":true,"_links":{"self":[{"href":"https:\/\/sportseco.com\/index.php?rest_route=\/wp\/v2\/posts\/143137","targetHints":{"allow":["GET"]}}],"collection":[{"href":"https:\/\/sportseco.com\/index.php?rest_route=\/wp\/v2\/posts"}],"about":[{"href":"https:\/\/sportseco.com\/index.php?rest_route=\/wp\/v2\/types\/post"}],"author":[{"embeddable":true,"href":"https:\/\/sportseco.com\/index.php?rest_route=\/wp\/v2\/users\/1"}],"replies":[{"embeddable":true,"href":"https:\/\/sportseco.com\/index.php?rest_route=%2Fwp%2Fv2%2Fcomments&post=143137"}],"version-history":[{"count":1,"href":"https:\/\/sportseco.com\/index.php?rest_route=\/wp\/v2\/posts\/143137\/revisions"}],"predecessor-version":[{"id":143139,"href":"https:\/\/sportseco.com\/index.php?rest_route=\/wp\/v2\/posts\/143137\/revisions\/143139"}],"wp:featuredmedia":[{"embeddable":true,"href":"https:\/\/sportseco.com\/index.php?rest_route=\/wp\/v2\/media\/143138"}],"wp:attachment":[{"href":"https:\/\/sportseco.com\/index.php?rest_route=%2Fwp%2Fv2%2Fmedia&parent=143137"}],"wp:term":[{"taxonomy":"category","embeddable":true,"href":"https:\/\/sportseco.com\/index.php?rest_route=%2Fwp%2Fv2%2Fcategories&post=143137"},{"taxonomy":"post_tag","embeddable":true,"href":"https:\/\/sportseco.com\/index.php?rest_route=%2Fwp%2Fv2%2Ftags&post=143137"}],"curies":[{"name":"wp","href":"https:\/\/api.w.org\/{rel}","templated":true}]}}