{"id":143155,"date":"2023-03-28T08:37:55","date_gmt":"2023-03-28T12:37:55","guid":{"rendered":"https:\/\/sportseco.com\/?p=143155"},"modified":"2023-03-28T08:38:00","modified_gmt":"2023-03-28T12:38:00","slug":"empiezan-a-ser-visibles-los-senderos-de-cristo-rey","status":"publish","type":"post","link":"https:\/\/sportseco.com\/?p=143155","title":{"rendered":"Empiezan a ser visibles los senderos de Cristo Rey"},"content":{"rendered":"\n<figure class=\"wp-block-image\"><img data-recalc-dims=\"1\" decoding=\"async\" src=\"https:\/\/i0.wp.com\/www.cali.gov.co\/gobierno\/publicaciones\/174960\/empiezan-a-ser-visibles-los-senderos-de-cristo-rey\/info\/principal\/media\/pubInt\/thumbs\/thpub_700X400_174960.jpg?w=640&#038;ssl=1\" alt=\"Empiezan a ser visibles los senderos de Cristo Rey\"\/><\/figure>\n\n\n\n<p>La imagen corresponde al relleno de la \u2018Plazoleta de la Resiliencia\u2019.<\/p>\n\n\n\n<p>Con el montaje de las estructuras met\u00e1licas que soportan las pasarelas del&nbsp;<em>Proyecto Integral Cristo Rey<\/em>, empiezan a ser visibles los senderos de este parque para la vida que construye la Administraci\u00f3n del alcalde Jorge Iv\u00e1n Ospina G\u00f3mez.<br \/><br \/>\u201cAqu\u00ed estamos en la izada de la estructura met\u00e1lica de la pasarela; ya est\u00e1 construida y culminada la cimentaci\u00f3n\u201d, explic\u00f3 el ingeniero Francisco Su\u00e1rez, director de la interventor\u00eda, qui\u00e9n precis\u00f3 que las obras avanzan en tres frentes de trabajo.<\/p>\n\n\n\n<p>El&nbsp;<em>\u2018Puente Verde\u2019<\/em>&nbsp;que atravesar\u00e1 la avenida Circunvalaci\u00f3n avanza en su fase de cimentaci\u00f3n. \u201cLos apoyos del costado oriental y central est\u00e1n culminados\u201d, precis\u00f3 Su\u00e1rez, agregando que ya se terminaron los dos canales captadores de agua lluvia.<br \/><br \/><em>(<strong>Lea tambi\u00e9n:&nbsp;<\/strong><\/em><a href=\"https:\/\/www.cali.gov.co\/vivienda\/publicaciones\/174941\/los-jovenes-del-manana-visitaron-el-proyecto-integral-cristo-rey\/\" target=\"_blank\" rel=\"noreferrer noopener\"><em>Los j\u00f3venes del ma\u00f1ana visitaron el Proyecto Integral Cristo Rey<\/em><\/a><em>)<\/em><br \/><br \/>Mientras tanto, en el sector comprendido entre la parte posterior del barrio San Fernando y la carrera 1B, avanza la obra en un 80% de cimentaci\u00f3n de las pasarelas met\u00e1licas, las cuales se fabrican en el patio taller para luego ser montadas sobre estos cimientos.<br \/><br \/>Al tiempo, se contin\u00faa con el relleno del lote donde se construir\u00e1 la \u2018<em>Plazoleta de la Resiliencia\u2019<\/em>. \u201cLos muros de contenci\u00f3n est\u00e1n acabados en un 90% en la parte estructural; hacen falta los acabados que ser\u00e1n en piedra caliza y estamos procediendo en el relleno para alcanzar los niveles de dise\u00f1o\u201d, puntualiz\u00f3 el ingeniero Francisco Su\u00e1rez.<br \/><br \/>El avance del&nbsp;<em>Proyecto Integral Cristo Rey<\/em>&nbsp;alcanza un 21% del total programado.<br \/><br \/><strong>Le puede interesar\u2026<\/strong><br \/>&#8211;&nbsp;<a href=\"https:\/\/www.cali.gov.co\/vivienda\/publicaciones\/174920\/conozca-a-detalle-el-progreso-del-bulevar-de-oriente\/\" target=\"_blank\" rel=\"noreferrer noopener\">Conozca a detalle el progreso del Bulevar de Oriente<\/a><\/p>\n\n\n\n<p><video controls=\"\" width=\"90%\"><\/video><\/p>\n\n\n\n<ul class=\"wp-block-list\">\n<li><a href=\"https:\/\/www.cali.gov.co\/gobierno\/publicaciones\/174960\/empiezan-a-ser-visibles-los-senderos-de-cristo-rey\/#\"><\/a><a href=\"https:\/\/www.cali.gov.co\/gobierno\/publicaciones\/174960\/empiezan-a-ser-visibles-los-senderos-de-cristo-rey\/#\"><\/a><\/li>\n\n\n\n<li><a href=\"https:\/\/www.cali.gov.co\/gobierno\/publicaciones\/174960\/empiezan-a-ser-visibles-los-senderos-de-cristo-rey\/#\"><\/a><a href=\"https:\/\/www.cali.gov.co\/gobierno\/publicaciones\/174960\/empiezan-a-ser-visibles-los-senderos-de-cristo-rey\/#\"><\/a><\/li>\n\n\n\n<li><a href=\"https:\/\/www.cali.gov.co\/gobierno\/publicaciones\/174960\/empiezan-a-ser-visibles-los-senderos-de-cristo-rey\/#\"><\/a><a href=\"https:\/\/www.cali.gov.co\/gobierno\/publicaciones\/174960\/empiezan-a-ser-visibles-los-senderos-de-cristo-rey\/#\"><\/a><\/li>\n\n\n\n<li><a href=\"https:\/\/www.cali.gov.co\/gobierno\/publicaciones\/174960\/empiezan-a-ser-visibles-los-senderos-de-cristo-rey\/#\"><\/a><a href=\"https:\/\/www.cali.gov.co\/gobierno\/publicaciones\/174960\/empiezan-a-ser-visibles-los-senderos-de-cristo-rey\/#\"><\/a><\/li>\n\n\n\n<li><a href=\"https:\/\/www.cali.gov.co\/gobierno\/publicaciones\/174960\/empiezan-a-ser-visibles-los-senderos-de-cristo-rey\/#\"><\/a><a href=\"https:\/\/www.cali.gov.co\/gobierno\/publicaciones\/174960\/empiezan-a-ser-visibles-los-senderos-de-cristo-rey\/#\"><\/a><\/li>\n\n\n\n<li><a href=\"https:\/\/www.cali.gov.co\/gobierno\/publicaciones\/174960\/empiezan-a-ser-visibles-los-senderos-de-cristo-rey\/#\"><\/a><a href=\"https:\/\/www.cali.gov.co\/gobierno\/publicaciones\/174960\/empiezan-a-ser-visibles-los-senderos-de-cristo-rey\/#\"><\/a><\/li>\n\n\n\n<li><a href=\"https:\/\/www.cali.gov.co\/gobierno\/publicaciones\/174960\/empiezan-a-ser-visibles-los-senderos-de-cristo-rey\/#\"><\/a><a href=\"https:\/\/www.cali.gov.co\/gobierno\/publicaciones\/174960\/empiezan-a-ser-visibles-los-senderos-de-cristo-rey\/#\"><\/a><\/li>\n\n\n\n<li><a href=\"https:\/\/www.cali.gov.co\/gobierno\/publicaciones\/174960\/empiezan-a-ser-visibles-los-senderos-de-cristo-rey\/#\"><\/a><a href=\"https:\/\/www.cali.gov.co\/gobierno\/publicaciones\/174960\/empiezan-a-ser-visibles-los-senderos-de-cristo-rey\/#\"><\/a><\/li>\n<\/ul>\n\n\n\n<p><strong>Jorge Guti\u00e9rrez Leyva<\/strong><\/p>\n\n\n\n<p><\/p>\n\n\n\n<p><\/p>\n\n\n\n<p>cali.gov.co<\/p>\n","protected":false},"excerpt":{"rendered":"<p>La imagen corresponde al relleno de la \u2018Plazoleta de la Resiliencia\u2019. Con el montaje de las estructuras met\u00e1licas que soportan las pasarelas del&nbsp;Proyecto Integral Cristo Rey, empiezan a ser visibles los senderos de este parque para la vida que construye la Administraci\u00f3n del alcalde Jorge Iv\u00e1n Ospina G\u00f3mez. \u201cAqu\u00ed estamos en la izada de la [&hellip;]<\/p>\n","protected":false},"author":1,"featured_media":143156,"comment_status":"closed","ping_status":"closed","sticky":false,"template":"","format":"standard","meta":{"_acf_changed":false,"_jetpack_memberships_contains_paid_content":false,"footnotes":"","jetpack_publicize_message":"","jetpack_publicize_feature_enabled":true,"jetpack_social_post_already_shared":true,"jetpack_social_options":{"image_generator_settings":{"template":"highway","default_image_id":0,"font":"","enabled":false},"version":2}},"categories":[6],"tags":[],"class_list":["post-143155","post","type-post","status-publish","format-standard","has-post-thumbnail","hentry","category-ecologia"],"acf":[],"jetpack_publicize_connections":[],"jetpack_featured_media_url":"https:\/\/i0.wp.com\/sportseco.com\/wp-content\/uploads\/2023\/03\/thgaleria_700X400_271390.jpg?fit=700%2C317&ssl=1","jetpack_sharing_enabled":true,"_links":{"self":[{"href":"https:\/\/sportseco.com\/index.php?rest_route=\/wp\/v2\/posts\/143155","targetHints":{"allow":["GET"]}}],"collection":[{"href":"https:\/\/sportseco.com\/index.php?rest_route=\/wp\/v2\/posts"}],"about":[{"href":"https:\/\/sportseco.com\/index.php?rest_route=\/wp\/v2\/types\/post"}],"author":[{"embeddable":true,"href":"https:\/\/sportseco.com\/index.php?rest_route=\/wp\/v2\/users\/1"}],"replies":[{"embeddable":true,"href":"https:\/\/sportseco.com\/index.php?rest_route=%2Fwp%2Fv2%2Fcomments&post=143155"}],"version-history":[{"count":1,"href":"https:\/\/sportseco.com\/index.php?rest_route=\/wp\/v2\/posts\/143155\/revisions"}],"predecessor-version":[{"id":143157,"href":"https:\/\/sportseco.com\/index.php?rest_route=\/wp\/v2\/posts\/143155\/revisions\/143157"}],"wp:featuredmedia":[{"embeddable":true,"href":"https:\/\/sportseco.com\/index.php?rest_route=\/wp\/v2\/media\/143156"}],"wp:attachment":[{"href":"https:\/\/sportseco.com\/index.php?rest_route=%2Fwp%2Fv2%2Fmedia&parent=143155"}],"wp:term":[{"taxonomy":"category","embeddable":true,"href":"https:\/\/sportseco.com\/index.php?rest_route=%2Fwp%2Fv2%2Fcategories&post=143155"},{"taxonomy":"post_tag","embeddable":true,"href":"https:\/\/sportseco.com\/index.php?rest_route=%2Fwp%2Fv2%2Ftags&post=143155"}],"curies":[{"name":"wp","href":"https:\/\/api.w.org\/{rel}","templated":true}]}}